{"id":9412,"date":"2024-04-09T17:27:26","date_gmt":"2024-04-09T17:27:26","guid":{"rendered":"https:\/\/www.50a50.org\/?p=9412"},"modified":"2024-04-09T17:27:26","modified_gmt":"2024-04-09T17:27:26","slug":"taller-mujeres-con-proposito-impulsando-la-innovacion-y-el-impacto-positivo-desde-la-empresa-de-la-mano-de-imma-perez","status":"publish","type":"post","link":"https:\/\/www.50a50.org\/es\/taller-mujeres-con-proposito-impulsando-la-innovacion-y-el-impacto-positivo-desde-la-empresa-de-la-mano-de-imma-perez\/","title":{"rendered":"Taller &#8211; \u00bbMujeres con prop\u00f3sito Impulsando la innovaci\u00f3n y el impacto positivo desde la empresa\u00bb, de la mano de Imma P\u00e9rez."},"content":{"rendered":"<p><img decoding=\"async\" class=\"emoji\" role=\"img\" draggable=\"false\" src=\"https:\/\/s.w.org\/images\/core\/emoji\/14.0.0\/svg\/1f49c.svg\" alt=\"&#x1f49c;\" \/> Esta tarde, Barcelona Activa ha estado testigo de una sesi\u00f3n de liderazgo en femenino a cargo de Imma P\u00e9rez, enfocada a empoderar y formar l\u00edderes femeninas mediante el prop\u00f3sito.<\/p>\n<p><img decoding=\"async\" class=\"emoji\" role=\"img\" draggable=\"false\" src=\"https:\/\/s.w.org\/images\/core\/emoji\/14.0.0\/svg\/1f4bc.svg\" alt=\"&#x1f4bc;\" \/> Con un enfoque pr\u00e1ctico, el taller ha servido para conocer las claves para identificar nuestro prop\u00f3sito profesional como mujeres emprendedoras y empresarias, detectando oportunidades, conexi\u00f3n con el entorno y diferenciaci\u00f3n de nuestros productos y servicios.<\/p>\n<p><img decoding=\"async\" class=\"emoji\" role=\"img\" draggable=\"false\" src=\"https:\/\/s.w.org\/images\/core\/emoji\/14.0.0\/svg\/1f5e3.svg\" alt=\"&#x1f5e3;&#xfe0f;\" \/> En resumen, la sesi\u00f3n de Imma en Barcelona Activa ha sido una oportunidad \u00fanica para conocer las claves para definir nuestro prop\u00f3sito profesional para generar autenticidad a nuestro modelo de negocio y actividad profesional, e identificar tendencias de consumo y mercados para identificar oportunidades en l\u00ednea con nuestro prop\u00f3sito.<\/p>\n<p><img decoding=\"async\" class=\"wp-image-9406 aligncenter\" src=\"https:\/\/www.50a50.org\/wp-content\/uploads\/2024\/04\/IMG_1779.heic\" alt=\"\" width=\"570\" height=\"760\" \/><\/p>\n","protected":false},"excerpt":{"rendered":"<p>Esta tarde, Barcelona Activa ha estado testigo de una sesi\u00f3n de liderazgo en femenino a cargo de Imma P\u00e9rez, enfocada a empoderar y formar l\u00edderes femeninas mediante el prop\u00f3sito. Con un enfoque pr\u00e1ctico, el taller ha servido para conocer las claves para identificar nuestro prop\u00f3sito profesional como mujeres emprendedoras y empresarias, detectando oportunidades, conexi\u00f3n con<\/p>\n","protected":false},"author":1,"featured_media":9410,"comment_status":"closed","ping_status":"closed","sticky":false,"template":"","format":"standard","meta":{"footnotes":""},"categories":[57],"tags":[],"class_list":["post-9412","post","type-post","status-publish","format-standard","has-post-thumbnail","hentry","category-50a50-es"],"aioseo_notices":[],"_links":{"self":[{"href":"https:\/\/www.50a50.org\/es\/wp-json\/wp\/v2\/posts\/9412","targetHints":{"allow":["GET"]}}],"collection":[{"href":"https:\/\/www.50a50.org\/es\/wp-json\/wp\/v2\/posts"}],"about":[{"href":"https:\/\/www.50a50.org\/es\/wp-json\/wp\/v2\/types\/post"}],"author":[{"embeddable":true,"href":"https:\/\/www.50a50.org\/es\/wp-json\/wp\/v2\/users\/1"}],"replies":[{"embeddable":true,"href":"https:\/\/www.50a50.org\/es\/wp-json\/wp\/v2\/comments?post=9412"}],"version-history":[{"count":0,"href":"https:\/\/www.50a50.org\/es\/wp-json\/wp\/v2\/posts\/9412\/revisions"}],"wp:featuredmedia":[{"embeddable":true,"href":"https:\/\/www.50a50.org\/es\/wp-json\/wp\/v2\/media\/9410"}],"wp:attachment":[{"href":"https:\/\/www.50a50.org\/es\/wp-json\/wp\/v2\/media?parent=9412"}],"wp:term":[{"taxonomy":"category","embeddable":true,"href":"https:\/\/www.50a50.org\/es\/wp-json\/wp\/v2\/categories?post=9412"},{"taxonomy":"post_tag","embeddable":true,"href":"https:\/\/www.50a50.org\/es\/wp-json\/wp\/v2\/tags?post=9412"}],"curies":[{"name":"wp","href":"https:\/\/api.w.org\/{rel}","templated":true}]}}