{"id":9222,"date":"2024-02-15T11:57:26","date_gmt":"2024-02-15T11:57:26","guid":{"rendered":"https:\/\/www.50a50.org\/?p=9222"},"modified":"2024-02-15T11:57:26","modified_gmt":"2024-02-15T11:57:26","slug":"gemma-ruiz-con-nuestras-madres-al-club-de-lectura","status":"publish","type":"post","link":"https:\/\/www.50a50.org\/es\/gemma-ruiz-con-nuestras-madres-al-club-de-lectura\/","title":{"rendered":"Gemma Ruiz con \u2018nuestras madres\u2019, al Club de Lectura"},"content":{"rendered":"<p>Este mes de enero hemos tenido otra sesi\u00f3n de nuestro club de lectura feminista, de la mano de la obra \u2018Nuestras madres\u2019. Adem\u00e1s, hemos tenido el placer de contar con su autora, Gemma Ruiz.<\/p>\n<p>\u2018Nuestras madres\u2019 quiere honorar la generaci\u00f3n que renunci\u00f3 a los sue\u00f1os porque sus hijas s\u00ed que pudieran elegir. Despu\u00e9s de conocer estas manantial poderosas mujeres, nos daremos cuenta de una cosa extraordinaria: que a pesar de que siempre se reconozcan solo las figuras masculinas, resulta que los aut\u00e9nticos referentes de vida eran ellas, nuestras madres.<\/p>\n<p>Durante la charla, Gemma Ruiz, comparte con todas las #asistente que cada protagonista del libro, tiene una caracter\u00edstica de su madre. Puede ver alg\u00fan detalle de su infancia en cada una de ellas.<\/p>\n<p>Tambi\u00e9n comparte que le gustar\u00eda que este libro pudiera llegar al m\u00e1ximo n\u00famero de hombres posibles. Ser\u00eda muy interesante que ellos pudieran hacer autocr\u00edtica y fueran capaces de reflexionar y ponerse en la piel de cada una de las historias que se relatan en el libro.<\/p>\n<p>La sesi\u00f3n fue guiada por la propia autora, Gemma Ruiz, con la cooperaci\u00f3n de nuestra presidenta, Anna Mercad\u00e9.<\/p>\n","protected":false},"excerpt":{"rendered":"<p>Este mes de enero hemos tenido otra sesi\u00f3n de nuestro club de lectura feminista, de la mano de la obra \u2018Nuestras madres\u2019. Adem\u00e1s, hemos tenido el placer de contar con su autora, Gemma Ruiz. \u2018Nuestras madres\u2019 quiere honorar la generaci\u00f3n que renunci\u00f3 a los sue\u00f1os porque sus hijas s\u00ed que pudieran elegir. Despu\u00e9s de conocer<\/p>\n","protected":false},"author":1,"featured_media":9090,"comment_status":"closed","ping_status":"closed","sticky":false,"template":"","format":"standard","meta":{"footnotes":""},"categories":[57],"tags":[],"class_list":["post-9222","post","type-post","status-publish","format-standard","has-post-thumbnail","hentry","category-50a50-es"],"aioseo_notices":[],"_links":{"self":[{"href":"https:\/\/www.50a50.org\/es\/wp-json\/wp\/v2\/posts\/9222","targetHints":{"allow":["GET"]}}],"collection":[{"href":"https:\/\/www.50a50.org\/es\/wp-json\/wp\/v2\/posts"}],"about":[{"href":"https:\/\/www.50a50.org\/es\/wp-json\/wp\/v2\/types\/post"}],"author":[{"embeddable":true,"href":"https:\/\/www.50a50.org\/es\/wp-json\/wp\/v2\/users\/1"}],"replies":[{"embeddable":true,"href":"https:\/\/www.50a50.org\/es\/wp-json\/wp\/v2\/comments?post=9222"}],"version-history":[{"count":0,"href":"https:\/\/www.50a50.org\/es\/wp-json\/wp\/v2\/posts\/9222\/revisions"}],"wp:featuredmedia":[{"embeddable":true,"href":"https:\/\/www.50a50.org\/es\/wp-json\/wp\/v2\/media\/9090"}],"wp:attachment":[{"href":"https:\/\/www.50a50.org\/es\/wp-json\/wp\/v2\/media?parent=9222"}],"wp:term":[{"taxonomy":"category","embeddable":true,"href":"https:\/\/www.50a50.org\/es\/wp-json\/wp\/v2\/categories?post=9222"},{"taxonomy":"post_tag","embeddable":true,"href":"https:\/\/www.50a50.org\/es\/wp-json\/wp\/v2\/tags?post=9222"}],"curies":[{"name":"wp","href":"https:\/\/api.w.org\/{rel}","templated":true}]}}