{"id":9212,"date":"2024-02-15T11:51:07","date_gmt":"2024-02-15T11:51:07","guid":{"rendered":"https:\/\/www.50a50.org\/?p=9212"},"modified":"2024-02-15T11:51:07","modified_gmt":"2024-02-15T11:51:07","slug":"presentacion-v-edicion-del-termometro-violeta","status":"publish","type":"post","link":"https:\/\/www.50a50.org\/es\/presentacion-v-edicion-del-termometro-violeta\/","title":{"rendered":"Presentaci\u00f3n V Edici\u00f3n del Term\u00f3metro Violeta"},"content":{"rendered":"<p>Cerca de sesenta personas asistieron ayer en la presentaci\u00f3n del V Term\u00f3metro Violeta, dedicado al sector del deporte, que se realiz\u00f3 en el Colegio de Periodistas de Barcelona, organizado por la Asociaci\u00f3n 50a50.<\/p>\n<p>En la presentaci\u00f3n se reflejaron los datos del porcentaje de representaci\u00f3n de las mujeres en los consejos de administraci\u00f3n y los comit\u00e9s de direcci\u00f3n. Concluyendo que la representaci\u00f3n femenina es del 23% en los consejos de administraci\u00f3n y un 27,3% en los comit\u00e9s de direcci\u00f3n.<\/p>\n<p>La jornada de ayer fue inaugurada por el decano del Colegio de Periodistas, el Sr. Joan Maria Morros, que record\u00f3 que lograr el 50% de representaci\u00f3n en el \u00e1mbito profesional es un objetivo crucial para conseguir la igualdad de derechos y oportunidades, y para fomentar un entorno laboral m\u00e1s diverso, din\u00e1mico y rico.<\/p>\n<p>Nuestra presidenta, la Sra. Anna Mercad\u00e9, continu\u00f3 con el acto inaugural dando las gracias a todos los #asistente y recordando los objetivos claves de la Asociaci\u00f3n y promoviendo y remarcando los objetivos de desarrollo marcados en la Agenda 2030 de Naciones Unidas.<\/p>\n<p>La socia, la Sra. Montse Mas, fue la encargada de presentar y explicar de forma detallada el estudio realizado por parte de la Asociaci\u00f3n. Sacando provecho a los datos extra\u00eddos y haciendo especial menci\u00f3n que las mujeres necesitamos m\u00e1s representaci\u00f3n en los \u00f3rganos de decisi\u00f3n deportiva.<\/p>\n<p>Los grupos estudiados son los siguientes:<\/p>\n<p>Se seleccionaron el top 20 de las federaciones en cuanto a licencias federativas catalanas actuales, representando (seg\u00fan Instituto Nacional de Estad\u00edstica) aproximadamente un 84% de las totales (538.349 de las 637.385 totales).<br \/>\nTambi\u00e9n se cogieron muestras de los clubes deportivos, seleccionando el top 14, los cuales representan en cuanto a socios aproximadamente un 43% del volumen total (272.500 socios de 637.385 totales), elevado teniendo en cuenta el total de 8.805 clubes en Catalu\u00f1a.<br \/>\nPor parte de los clubes o grupos fitness se seleccionaron a trav\u00e9s de la revista CMD Fitness Gym lo top 21 grupos con mayor n\u00famero de abonados en Espa\u00f1a, seleccionando solo aquellos que tienen una actividad empresarial en Catalu\u00f1a, y descartando aquellos que act\u00faan fuera del territorio o que cuentan con un porcentaje de representaci\u00f3n bajo de centras en comparaci\u00f3n a otros grupos. Seg\u00fan CMD Fitness Gym, estos grupos disponen de un 60% de los abonados en Espa\u00f1a.<br \/>\nDe cara a los consejos deportivos, se tuvieron en cuenta un total de 11 consejos enfocados a la actividad f\u00edsica y deportiva en edad escolar, hemos dispuesto de aquellos que dispon\u00edan de la informaci\u00f3n necesaria.<br \/>\nSe ha incluido tanto en la Uni\u00f3n de Federaciones Deportivas de Catalu\u00f1a (UFEC) como la Uni\u00f3n de Consejos Deportivos de Catalu\u00f1a (UCEC).<\/p>\n<p>La jornada, cont\u00f3 con una mesa redonda de debate, la moderadora fue la Sra. Cristina Collado, periodista deportiva, y tuvimos el placer de disponer de la Sra. Elena Fort (vicepresidenta Institucional del FC Barcelona), la Sra. GaliaDvorak (jugadora Tenis Mesa Campeona Espa\u00f1a Absoluto 2021), la Sra. Catalina Rivera (karateca Top 20 en ranking de mejores karatecas) y la Sra. Berta Ferreras (Nataci\u00f3n sincronizada Medallista al Campeonato Mundial de Nataci\u00f3n, 2019 y 2022). En la mesa redonda se debati\u00f3 sobre las posiciones de poder impuestas por el g\u00e9nero masculino, las situaciones de acoso en el deporte y por \u00faltimo, la situaci\u00f3n vivida del caso Rubiales. Todas ellas estuvieron excelentes en sus aportaciones y fue una jornada muy rica en valores.<\/p>\n<p>Finalmente, nuestra socia, la Sra. Carol Daunert, concluy\u00f3 el acto pidiendo varios aplausos por las representantes de la mesa redonda, por todos los #asistente y por toda la lucha constante que puerta como objetivo buscar la paridad por las mujeres.<\/p>\n","protected":false},"excerpt":{"rendered":"<p>Cerca de sesenta personas asistieron ayer en la presentaci\u00f3n del V Term\u00f3metro Violeta, dedicado al sector del deporte, que se realiz\u00f3 en el Colegio de Periodistas de Barcelona, organizado por la Asociaci\u00f3n 50a50. En la presentaci\u00f3n se reflejaron los datos del porcentaje de representaci\u00f3n de las mujeres en los consejos de administraci\u00f3n y los comit\u00e9s<\/p>\n","protected":false},"author":1,"featured_media":8941,"comment_status":"closed","ping_status":"closed","sticky":false,"template":"","format":"standard","meta":{"footnotes":""},"categories":[57],"tags":[],"class_list":["post-9212","post","type-post","status-publish","format-standard","has-post-thumbnail","hentry","category-50a50-es"],"aioseo_notices":[],"_links":{"self":[{"href":"https:\/\/www.50a50.org\/es\/wp-json\/wp\/v2\/posts\/9212","targetHints":{"allow":["GET"]}}],"collection":[{"href":"https:\/\/www.50a50.org\/es\/wp-json\/wp\/v2\/posts"}],"about":[{"href":"https:\/\/www.50a50.org\/es\/wp-json\/wp\/v2\/types\/post"}],"author":[{"embeddable":true,"href":"https:\/\/www.50a50.org\/es\/wp-json\/wp\/v2\/users\/1"}],"replies":[{"embeddable":true,"href":"https:\/\/www.50a50.org\/es\/wp-json\/wp\/v2\/comments?post=9212"}],"version-history":[{"count":0,"href":"https:\/\/www.50a50.org\/es\/wp-json\/wp\/v2\/posts\/9212\/revisions"}],"wp:featuredmedia":[{"embeddable":true,"href":"https:\/\/www.50a50.org\/es\/wp-json\/wp\/v2\/media\/8941"}],"wp:attachment":[{"href":"https:\/\/www.50a50.org\/es\/wp-json\/wp\/v2\/media?parent=9212"}],"wp:term":[{"taxonomy":"category","embeddable":true,"href":"https:\/\/www.50a50.org\/es\/wp-json\/wp\/v2\/categories?post=9212"},{"taxonomy":"post_tag","embeddable":true,"href":"https:\/\/www.50a50.org\/es\/wp-json\/wp\/v2\/tags?post=9212"}],"curies":[{"name":"wp","href":"https:\/\/api.w.org\/{rel}","templated":true}]}}