{"id":8307,"date":"2022-10-28T17:03:00","date_gmt":"2022-10-28T17:03:00","guid":{"rendered":"https:\/\/www.50a50.org\/?p=8307"},"modified":"2022-10-28T17:03:01","modified_gmt":"2022-10-28T17:03:01","slug":"susana-jimenez-inaugura-el-programa-de-formacion-de-liderazgo-de-50a50-de-este-curso","status":"publish","type":"post","link":"https:\/\/www.50a50.org\/es\/susana-jimenez-inaugura-el-programa-de-formacion-de-liderazgo-de-50a50-de-este-curso\/","title":{"rendered":"Susana Jim\u00e9nez inaugura el programa de formaci\u00f3n de liderazgo de 50a50 de este curso"},"content":{"rendered":"<p><div class=\"fusion-fullwidth fullwidth-box fusion-builder-row-1 fusion-flex-container has-pattern-background has-mask-background nonhundred-percent-fullwidth non-hundred-percent-height-scrolling\" style=\"--awb-border-radius-top-left:0px;--awb-border-radius-top-right:0px;--awb-border-radius-bottom-right:0px;--awb-border-radius-bottom-left:0px;--awb-flex-wrap:wrap;\" ><div class=\"fusion-builder-row fusion-row fusion-flex-align-items-flex-start fusion-flex-content-wrap\" style=\"max-width:1216.8px;margin-left: calc(-4% \/ 2 );margin-right: calc(-4% \/ 2 );\"><div class=\"fusion-layout-column fusion_builder_column fusion-builder-column-0 fusion_builder_column_1_1 1_1 fusion-flex-column\" style=\"--awb-bg-size:cover;--awb-width-large:100%;--awb-margin-top-large:0px;--awb-spacing-right-large:1.92%;--awb-margin-bottom-large:20px;--awb-spacing-left-large:1.92%;--awb-width-medium:100%;--awb-order-medium:0;--awb-spacing-right-medium:1.92%;--awb-spacing-left-medium:1.92%;--awb-width-small:100%;--awb-order-small:0;--awb-spacing-right-small:1.92%;--awb-spacing-left-small:1.92%;\"><div class=\"fusion-column-wrapper fusion-column-has-shadow fusion-flex-justify-content-flex-start fusion-content-layout-column\"><div class=\"fusion-image-element \" style=\"text-align:center;--awb-max-width:2000px;--awb-caption-title-font-family:var(--h2_typography-font-family);--awb-caption-title-font-weight:var(--h2_typography-font-weight);--awb-caption-title-font-style:var(--h2_typography-font-style);--awb-caption-title-size:var(--h2_typography-font-size);--awb-caption-title-transform:var(--h2_typography-text-transform);--awb-caption-title-line-height:var(--h2_typography-line-height);--awb-caption-title-letter-spacing:var(--h2_typography-letter-spacing);\"><span class=\" fusion-imageframe imageframe-none imageframe-1 hover-type-none\"><img decoding=\"async\" width=\"1600\" height=\"900\" title=\"Formaci\u00f350a50 Susana Jimenez Aprofitalents 17 nov\" src=\"https:\/\/www.50a50.org\/wp-content\/uploads\/2022\/10\/Formacio50a50-Susana-Jimenez-Aprofitalents-17-nov.png\" alt class=\"img-responsive wp-image-8305\" srcset=\"https:\/\/www.50a50.org\/wp-content\/uploads\/2022\/10\/Formacio50a50-Susana-Jimenez-Aprofitalents-17-nov-200x113.png 200w, https:\/\/www.50a50.org\/wp-content\/uploads\/2022\/10\/Formacio50a50-Susana-Jimenez-Aprofitalents-17-nov-400x225.png 400w, https:\/\/www.50a50.org\/wp-content\/uploads\/2022\/10\/Formacio50a50-Susana-Jimenez-Aprofitalents-17-nov-600x338.png 600w, https:\/\/www.50a50.org\/wp-content\/uploads\/2022\/10\/Formacio50a50-Susana-Jimenez-Aprofitalents-17-nov-800x450.png 800w, https:\/\/www.50a50.org\/wp-content\/uploads\/2022\/10\/Formacio50a50-Susana-Jimenez-Aprofitalents-17-nov-1200x675.png 1200w, https:\/\/www.50a50.org\/wp-content\/uploads\/2022\/10\/Formacio50a50-Susana-Jimenez-Aprofitalents-17-nov.png 1600w\" sizes=\"(max-width: 1024px) 100vw, (max-width: 640px) 100vw, 1200px\" \/><\/span><\/div><div class=\"fusion-separator fusion-full-width-sep\" style=\"align-self: center;margin-left: auto;margin-right: auto;margin-top:15px;margin-bottom:15px;width:100%;\"><div class=\"fusion-separator-border sep-single\" style=\"--awb-height:20px;--awb-amount:20px;border-color:#e0dede;border-top-width:0px;\"><\/div><\/div><div class=\"fusion-separator fusion-full-width-sep\" style=\"align-self: center;margin-left: auto;margin-right: auto;margin-top:15px;margin-bottom:15px;width:100%;\"><div class=\"fusion-separator-border sep-single\" style=\"--awb-height:20px;--awb-amount:20px;border-color:#e0dede;border-top-width:0px;\"><\/div><\/div><\/div><\/div><\/div><\/div><div class=\"fusion-fullwidth fullwidth-box fusion-builder-row-2 fusion-flex-container has-pattern-background has-mask-background nonhundred-percent-fullwidth non-hundred-percent-height-scrolling\" style=\"--awb-border-radius-top-left:0px;--awb-border-radius-top-right:0px;--awb-border-radius-bottom-right:0px;--awb-border-radius-bottom-left:0px;--awb-flex-wrap:wrap;\" ><div class=\"fusion-builder-row fusion-row fusion-flex-align-items-flex-start fusion-flex-content-wrap\" style=\"max-width:1216.8px;margin-left: calc(-4% \/ 2 );margin-right: calc(-4% \/ 2 );\"><div class=\"fusion-layout-column fusion_builder_column fusion-builder-column-1 fusion_builder_column_1_5 1_5 fusion-flex-column\" style=\"--awb-bg-size:cover;--awb-width-large:20%;--awb-margin-top-large:0px;--awb-spacing-right-large:9.6%;--awb-margin-bottom-large:20px;--awb-spacing-left-large:9.6%;--awb-width-medium:100%;--awb-order-medium:0;--awb-spacing-right-medium:1.92%;--awb-spacing-left-medium:1.92%;--awb-width-small:100%;--awb-order-small:0;--awb-spacing-right-small:1.92%;--awb-spacing-left-small:1.92%;\"><div class=\"fusion-column-wrapper fusion-column-has-shadow fusion-flex-justify-content-flex-start fusion-content-layout-column\"><\/div><\/div><div class=\"fusion-layout-column fusion_builder_column fusion-builder-column-2 fusion_builder_column_3_5 3_5 fusion-flex-column\" style=\"--awb-bg-size:cover;--awb-width-large:60%;--awb-margin-top-large:0px;--awb-spacing-right-large:3.2%;--awb-margin-bottom-large:20px;--awb-spacing-left-large:3.2%;--awb-width-medium:100%;--awb-order-medium:0;--awb-spacing-right-medium:1.92%;--awb-spacing-left-medium:1.92%;--awb-width-small:100%;--awb-order-small:0;--awb-spacing-right-small:1.92%;--awb-spacing-left-small:1.92%;\"><div class=\"fusion-column-wrapper fusion-column-has-shadow fusion-flex-justify-content-flex-start fusion-content-layout-column\"><div class=\"fusion-title title fusion-title-1 fusion-sep-none fusion-title-text fusion-title-size-one\"><h1 class=\"fusion-title-heading title-heading-left\" style=\"margin:0;\"><h2><strong>Susana Jim\u00e9nez inaugura el programa de formaci\u00f3n de liderazgo de 50a50 de este curso<\/strong><\/h2><\/h1><\/div><div class=\"fusion-separator fusion-full-width-sep\" style=\"align-self: center;margin-left: auto;margin-right: auto;margin-top:15px;margin-bottom:15px;width:100%;\"><div class=\"fusion-separator-border sep-single\" style=\"--awb-height:20px;--awb-amount:20px;border-color:#e0dede;border-top-width:0px;\"><\/div><\/div><div class=\"fusion-separator fusion-full-width-sep\" style=\"align-self: center;margin-left: auto;margin-right: auto;margin-top:15px;margin-bottom:15px;width:100%;\"><div class=\"fusion-separator-border sep-single\" style=\"--awb-height:20px;--awb-amount:20px;border-color:#e0dede;border-top-width:0px;\"><\/div><\/div><div class=\"fusion-text fusion-text-1\"><p>La Asociaci\u00f3n 50a50 inaugura el <strong>programa de formaci\u00f3n de liderazgo<\/strong> de este curso con una sesi\u00f3n que impartir\u00e1 la especialista en recursos humanos <strong>Susana Jim\u00e9nez<\/strong>, fundadora y directora de la consultor\u00eda Aprofitalents y socia de 50a50. Bajo el t\u00edtulo \u00ab<strong>Liderazgo de equipos con la metodolog\u00eda SKILL-EQ<\/strong>\u00ab, el taller se celebrar\u00e1 el jueves 17 de noviembre, de 18:30 a 20 horas, en la Incubadora Almog\u00e0vers (calle Almog\u00e0vers 165).<\/p>\n<p><strong>SKILL-EQ<\/strong> es una metodolog\u00eda que desarroll\u00f3 <a href=\"https:\/\/www.linkedin.com\/in\/susanajimenezjimenez\/\">Susana Jim\u00e9nez<\/a> en 2017, que se basa en los fundamentos de la Inteligencia Emocional o EQ, con la que se ayuda a los equipos a estar alineados, mejorando las relaciones internas y la comunicaci\u00f3n para conseguir cumplir con los objetivos.<\/p>\n<p><strong>Susana Jim\u00e9nez<\/strong> es consultora, formadora, coach ejecutiva, mentora y ponente, con m\u00e1s de 20 a\u00f1os de experiencia internacional en gesti\u00f3n de equipos en diversos sectores. Ofrece a los profesionales y empresas formaciones, charlas y asesoramiento de talento, liderazgo e inteligencia emocional, y outsourcing de servicios de recursos humanos tales como: selecci\u00f3n, onboarding, formaci\u00f3n, evaluaci\u00f3n, planes de carrera, clima laboral, actualizaci\u00f3n de cultura y valores. Es miembro y senior practioner en el European Mentoring &amp; Coaching Council, cuenta con un master de Direcci\u00f3n de RRHH, master de Marketing y Ventas, EBBA en Gesti\u00f3n Estrat\u00e9gica y es diplomada en Gesti\u00f3n y administraci\u00f3n de empresa tur\u00edstica y hotelera.<\/p>\n<p>Despu\u00e9s de haber vivido y trabajado para proyectos en Estados Unidos y en Europa, fund\u00f3 su propia marca y consultor\u00eda <a href=\"https:\/\/aprofitalents.com\/\">Aprofitalents<\/a> en el a\u00f1o 2017. Se trata de una consultor\u00eda con un enfoque social, cuya misi\u00f3n es ayudar a las empresas a practicar un estilo de liderazgo m\u00e1s responsable y saludable, desarrollando un equipo m\u00e1s innovador, productivo, creativo, leal y autogestionado.<\/p>\n<p>En la actualidad es, adem\u00e1s, docente en C3S Business School Barcelona, \u200b\u200ben la que imparte clases en ingl\u00e9s de Liderazgo Estrat\u00e9gico, \u00c9tica Empresarial, Gesti\u00f3n de Operaciones Sostenibles y Gesti\u00f3n de la Calidad.<\/p>\n<p>La sesi\u00f3n est\u00e1 dirigida a socias de 50a50, y tendr\u00e1 lugar en formato presencial el jueves 17 de noviembre por la tarde en la Incubadora Almog\u00e0vers en Barcelona.<\/p>\n<p>\u00a1No faltes y reserva tu plaza ahora <a href=\"https:\/\/forms.gle\/dmL7BwRq9kmnrn5c6\">aqu\u00ed<\/a>!<\/p>\n<\/div><div class=\"fusion-separator fusion-full-width-sep\" style=\"align-self: center;margin-left: auto;margin-right: auto;margin-top:15px;margin-bottom:15px;width:100%;\"><div class=\"fusion-separator-border sep-single\" style=\"--awb-height:20px;--awb-amount:20px;border-color:#e0dede;border-top-width:0px;\"><\/div><\/div><div style=\"text-align:center;\"><a class=\"fusion-button button-flat button-xlarge button-custom fusion-button-default button-1 fusion-button-default-span fusion-button-default-type fusion-has-button-gradient\" style=\"--button_accent_color:#ffffff;--button_accent_hover_color:#000000;--button_border_hover_color:#000000;--button_gradient_top_color:#020000;--button_gradient_bottom_color:#000000;--button_gradient_top_color_hover:rgba(0,0,0,0.16);--button_gradient_bottom_color_hover:rgba(0,0,0,0.16);\" target=\"_self\" href=\"https:\/\/forms.gle\/dmL7BwRq9kmnrn5c6\"><span class=\"fusion-button-text awb-button__text awb-button__text--default\">Inscr\u00edbete aqu\u00ed<\/span><\/a><\/div><\/div><\/div><div class=\"fusion-layout-column fusion_builder_column fusion-builder-column-3 fusion_builder_column_1_5 1_5 fusion-flex-column\" style=\"--awb-bg-size:cover;--awb-width-large:20%;--awb-margin-top-large:0px;--awb-spacing-right-large:9.6%;--awb-margin-bottom-large:20px;--awb-spacing-left-large:9.6%;--awb-width-medium:100%;--awb-order-medium:0;--awb-spacing-right-medium:1.92%;--awb-spacing-left-medium:1.92%;--awb-width-small:100%;--awb-order-small:0;--awb-spacing-right-small:1.92%;--awb-spacing-left-small:1.92%;\"><div class=\"fusion-column-wrapper fusion-column-has-shadow fusion-flex-justify-content-flex-start fusion-content-layout-column\"><\/div><\/div><\/div><\/div><\/p>\n","protected":false},"excerpt":{"rendered":"<p>La Asociaci\u00f3n 50a50 inaugura el programa de formaci\u00f3n de liderazgo de este curso con una sesi\u00f3n que impartir\u00e1 la especialista en recursos humanos Susana Jim\u00e9nez, fundadora y directora de la consultor\u00eda Aprofitalents y socia de 50a50. Bajo el t\u00edtulo \u00abLiderazgo de equipos con la metodolog\u00eda SKILL-EQ\u00bb, el taller se celebrar\u00e1 el jueves 17 de noviembre, de 18:30 a 20 horas, en la Incubadora Almog\u00e0vers (calle Almog\u00e0vers 165).<\/p>\n","protected":false},"author":1,"featured_media":8305,"comment_status":"closed","ping_status":"closed","sticky":false,"template":"","format":"standard","meta":{"footnotes":""},"categories":[251],"tags":[308,343,297],"class_list":["post-8307","post","type-post","status-publish","format-standard","has-post-thumbnail","hentry","category-activitats-es","tag-formacion","tag-liderazgo-femenino","tag-socias-50a50"],"aioseo_notices":[],"aioseo_head":"\n\t\t<!-- All in One SEO 5.0.0.1 - aioseo.com -->\n\t<meta name=\"robots\" content=\"max-image-preview:large\" \/>\n\t<meta name=\"author\" content=\"50a50\"\/>\n\t<link rel=\"canonical\" href=\"https:\/\/www.50a50.org\/es\/susana-jimenez-inaugura-el-programa-de-formacion-de-liderazgo-de-50a50-de-este-curso\/\" \/>\n\t<meta name=\"generator\" content=\"All in One SEO (AIOSEO) 5.0.0.1\" \/>\n\t\t<meta property=\"og:locale\" content=\"es_ES\" \/>\n\t\t<meta property=\"og:site_name\" content=\"50a50 | Dones directives i professionals per la paritat\" \/>\n\t\t<meta property=\"og:type\" content=\"article\" \/>\n\t\t<meta property=\"og:title\" content=\"Susana Jim\u00e9nez inaugura el programa de formaci\u00f3n de liderazgo de 50a50 de este curso | 50a50\" \/>\n\t\t<meta property=\"og:url\" content=\"https:\/\/www.50a50.org\/es\/susana-jimenez-inaugura-el-programa-de-formacion-de-liderazgo-de-50a50-de-este-curso\/\" \/>\n\t\t<meta property=\"article:published_time\" content=\"2022-10-28T17:03:00+00:00\" \/>\n\t\t<meta property=\"article:modified_time\" content=\"2022-10-28T17:03:01+00:00\" \/>\n\t\t<meta name=\"twitter:card\" content=\"summary\" \/>\n\t\t<meta name=\"twitter:title\" content=\"Susana Jim\u00e9nez inaugura el programa de formaci\u00f3n de liderazgo de 50a50 de este curso | 50a50\" \/>\n\t\t<script type=\"application\/ld+json\" class=\"aioseo-schema\">\n\t\t\t{\"@context\":\"https:\\\/\\\/schema.org\",\"@graph\":[{\"@type\":\"Article\",\"@id\":\"https:\\\/\\\/www.50a50.org\\\/es\\\/susana-jimenez-inaugura-el-programa-de-formacion-de-liderazgo-de-50a50-de-este-curso\\\/#article\",\"name\":\"Susana Jim\\u00e9nez inaugura el programa de formaci\\u00f3n de liderazgo de 50a50 de este curso | 50a50\",\"headline\":\"Susana Jim\\u00e9nez inaugura el programa de formaci\\u00f3n de liderazgo de 50a50 de este curso\",\"author\":{\"@id\":\"https:\\\/\\\/www.50a50.org\\\/es\\\/author\\\/backoffice\\\/#author\"},\"publisher\":{\"@id\":\"https:\\\/\\\/www.50a50.org\\\/es\\\/#organization\"},\"image\":{\"@type\":\"ImageObject\",\"url\":\"https:\\\/\\\/www.50a50.org\\\/wp-content\\\/uploads\\\/2022\\\/10\\\/Formacio50a50-Susana-Jimenez-Aprofitalents-17-nov.png\",\"width\":1600,\"height\":900},\"datePublished\":\"2022-10-28T17:03:00+00:00\",\"dateModified\":\"2022-10-28T17:03:01+00:00\",\"inLanguage\":\"es-ES\",\"mainEntityOfPage\":{\"@id\":\"https:\\\/\\\/www.50a50.org\\\/es\\\/susana-jimenez-inaugura-el-programa-de-formacion-de-liderazgo-de-50a50-de-este-curso\\\/#webpage\"},\"isPartOf\":{\"@id\":\"https:\\\/\\\/www.50a50.org\\\/es\\\/susana-jimenez-inaugura-el-programa-de-formacion-de-liderazgo-de-50a50-de-este-curso\\\/#webpage\"},\"articleSection\":\"Actividades, formaci\\u00f3n, liderazgo femenino, socias 50a50\"},{\"@type\":\"BreadcrumbList\",\"@id\":\"https:\\\/\\\/www.50a50.org\\\/es\\\/susana-jimenez-inaugura-el-programa-de-formacion-de-liderazgo-de-50a50-de-este-curso\\\/#breadcrumblist\",\"itemListElement\":[{\"@type\":\"ListItem\",\"@id\":\"https:\\\/\\\/www.50a50.org\\\/es\\\/#listItem\",\"position\":1,\"name\":\"Home\",\"item\":\"https:\\\/\\\/www.50a50.org\\\/es\\\/\",\"nextItem\":{\"@type\":\"ListItem\",\"@id\":\"https:\\\/\\\/www.50a50.org\\\/es\\\/category\\\/activitats-es\\\/#listItem\",\"name\":\"Actividades\"}},{\"@type\":\"ListItem\",\"@id\":\"https:\\\/\\\/www.50a50.org\\\/es\\\/category\\\/activitats-es\\\/#listItem\",\"position\":2,\"name\":\"Actividades\",\"item\":\"https:\\\/\\\/www.50a50.org\\\/es\\\/category\\\/activitats-es\\\/\",\"nextItem\":{\"@type\":\"ListItem\",\"@id\":\"https:\\\/\\\/www.50a50.org\\\/es\\\/susana-jimenez-inaugura-el-programa-de-formacion-de-liderazgo-de-50a50-de-este-curso\\\/#listItem\",\"name\":\"Susana Jim\\u00e9nez inaugura el programa de formaci\\u00f3n de liderazgo de 50a50 de este curso\"},\"previousItem\":{\"@type\":\"ListItem\",\"@id\":\"https:\\\/\\\/www.50a50.org\\\/es\\\/#listItem\",\"name\":\"Home\"}},{\"@type\":\"ListItem\",\"@id\":\"https:\\\/\\\/www.50a50.org\\\/es\\\/susana-jimenez-inaugura-el-programa-de-formacion-de-liderazgo-de-50a50-de-este-curso\\\/#listItem\",\"position\":3,\"name\":\"Susana Jim\\u00e9nez inaugura el programa de formaci\\u00f3n de liderazgo de 50a50 de este curso\",\"previousItem\":{\"@type\":\"ListItem\",\"@id\":\"https:\\\/\\\/www.50a50.org\\\/es\\\/category\\\/activitats-es\\\/#listItem\",\"name\":\"Actividades\"}}]},{\"@type\":\"Organization\",\"@id\":\"https:\\\/\\\/www.50a50.org\\\/es\\\/#organization\",\"name\":\"50a50\",\"description\":\"Dones directives i professionals per la paritat\",\"url\":\"https:\\\/\\\/www.50a50.org\\\/es\\\/\"},{\"@type\":\"Person\",\"@id\":\"https:\\\/\\\/www.50a50.org\\\/es\\\/author\\\/backoffice\\\/#author\",\"url\":\"https:\\\/\\\/www.50a50.org\\\/es\\\/author\\\/backoffice\\\/\",\"name\":\"50a50\"},{\"@type\":\"WebPage\",\"@id\":\"https:\\\/\\\/www.50a50.org\\\/es\\\/susana-jimenez-inaugura-el-programa-de-formacion-de-liderazgo-de-50a50-de-este-curso\\\/#webpage\",\"url\":\"https:\\\/\\\/www.50a50.org\\\/es\\\/susana-jimenez-inaugura-el-programa-de-formacion-de-liderazgo-de-50a50-de-este-curso\\\/\",\"name\":\"Susana Jim\\u00e9nez inaugura el programa de formaci\\u00f3n de liderazgo de 50a50 de este curso | 50a50\",\"inLanguage\":\"es-ES\",\"isPartOf\":{\"@id\":\"https:\\\/\\\/www.50a50.org\\\/es\\\/#website\"},\"breadcrumb\":{\"@id\":\"https:\\\/\\\/www.50a50.org\\\/es\\\/susana-jimenez-inaugura-el-programa-de-formacion-de-liderazgo-de-50a50-de-este-curso\\\/#breadcrumblist\"},\"author\":{\"@id\":\"https:\\\/\\\/www.50a50.org\\\/es\\\/author\\\/backoffice\\\/#author\"},\"creator\":{\"@id\":\"https:\\\/\\\/www.50a50.org\\\/es\\\/author\\\/backoffice\\\/#author\"},\"image\":{\"@type\":\"ImageObject\",\"url\":\"https:\\\/\\\/www.50a50.org\\\/wp-content\\\/uploads\\\/2022\\\/10\\\/Formacio50a50-Susana-Jimenez-Aprofitalents-17-nov.png\",\"@id\":\"https:\\\/\\\/www.50a50.org\\\/es\\\/susana-jimenez-inaugura-el-programa-de-formacion-de-liderazgo-de-50a50-de-este-curso\\\/#mainImage\",\"width\":1600,\"height\":900},\"primaryImageOfPage\":{\"@id\":\"https:\\\/\\\/www.50a50.org\\\/es\\\/susana-jimenez-inaugura-el-programa-de-formacion-de-liderazgo-de-50a50-de-este-curso\\\/#mainImage\"},\"datePublished\":\"2022-10-28T17:03:00+00:00\",\"dateModified\":\"2022-10-28T17:03:01+00:00\"},{\"@type\":\"WebSite\",\"@id\":\"https:\\\/\\\/www.50a50.org\\\/es\\\/#website\",\"url\":\"https:\\\/\\\/www.50a50.org\\\/es\\\/\",\"name\":\"50a50\",\"description\":\"Dones directives i professionals per la paritat\",\"inLanguage\":\"es-ES\",\"publisher\":{\"@id\":\"https:\\\/\\\/www.50a50.org\\\/es\\\/#organization\"}}]}\n\t\t<\/script>\n\t\t<!-- All in One SEO -->\n\n","aioseo_head_json":{"title":"Susana Jim\u00e9nez inaugura el programa de formaci\u00f3n de liderazgo de 50a50 de este curso | 50a50","description":"","canonical_url":"https:\/\/www.50a50.org\/es\/susana-jimenez-inaugura-el-programa-de-formacion-de-liderazgo-de-50a50-de-este-curso\/","robots":"max-image-preview:large","keywords":"","webmasterTools":{"miscellaneous":""},"schema":{"@context":"https:\/\/schema.org","@graph":[{"@type":"Article","@id":"https:\/\/www.50a50.org\/es\/susana-jimenez-inaugura-el-programa-de-formacion-de-liderazgo-de-50a50-de-este-curso\/#article","name":"Susana Jim\u00e9nez inaugura el programa de formaci\u00f3n de liderazgo de 50a50 de este curso | 50a50","headline":"Susana Jim\u00e9nez inaugura el programa de formaci\u00f3n de liderazgo de 50a50 de este curso","author":{"@id":"https:\/\/www.50a50.org\/es\/author\/backoffice\/#author"},"publisher":{"@id":"https:\/\/www.50a50.org\/es\/#organization"},"image":{"@type":"ImageObject","url":"https:\/\/www.50a50.org\/wp-content\/uploads\/2022\/10\/Formacio50a50-Susana-Jimenez-Aprofitalents-17-nov.png","width":1600,"height":900},"datePublished":"2022-10-28T17:03:00+00:00","dateModified":"2022-10-28T17:03:01+00:00","inLanguage":"es-ES","mainEntityOfPage":{"@id":"https:\/\/www.50a50.org\/es\/susana-jimenez-inaugura-el-programa-de-formacion-de-liderazgo-de-50a50-de-este-curso\/#webpage"},"isPartOf":{"@id":"https:\/\/www.50a50.org\/es\/susana-jimenez-inaugura-el-programa-de-formacion-de-liderazgo-de-50a50-de-este-curso\/#webpage"},"articleSection":"Actividades, formaci\u00f3n, liderazgo femenino, socias 50a50"},{"@type":"BreadcrumbList","@id":"https:\/\/www.50a50.org\/es\/susana-jimenez-inaugura-el-programa-de-formacion-de-liderazgo-de-50a50-de-este-curso\/#breadcrumblist","itemListElement":[{"@type":"ListItem","@id":"https:\/\/www.50a50.org\/es\/#listItem","position":1,"name":"Home","item":"https:\/\/www.50a50.org\/es\/","nextItem":{"@type":"ListItem","@id":"https:\/\/www.50a50.org\/es\/category\/activitats-es\/#listItem","name":"Actividades"}},{"@type":"ListItem","@id":"https:\/\/www.50a50.org\/es\/category\/activitats-es\/#listItem","position":2,"name":"Actividades","item":"https:\/\/www.50a50.org\/es\/category\/activitats-es\/","nextItem":{"@type":"ListItem","@id":"https:\/\/www.50a50.org\/es\/susana-jimenez-inaugura-el-programa-de-formacion-de-liderazgo-de-50a50-de-este-curso\/#listItem","name":"Susana Jim\u00e9nez inaugura el programa de formaci\u00f3n de liderazgo de 50a50 de este curso"},"previousItem":{"@type":"ListItem","@id":"https:\/\/www.50a50.org\/es\/#listItem","name":"Home"}},{"@type":"ListItem","@id":"https:\/\/www.50a50.org\/es\/susana-jimenez-inaugura-el-programa-de-formacion-de-liderazgo-de-50a50-de-este-curso\/#listItem","position":3,"name":"Susana Jim\u00e9nez inaugura el programa de formaci\u00f3n de liderazgo de 50a50 de este curso","previousItem":{"@type":"ListItem","@id":"https:\/\/www.50a50.org\/es\/category\/activitats-es\/#listItem","name":"Actividades"}}]},{"@type":"Organization","@id":"https:\/\/www.50a50.org\/es\/#organization","name":"50a50","description":"Dones directives i professionals per la paritat","url":"https:\/\/www.50a50.org\/es\/"},{"@type":"Person","@id":"https:\/\/www.50a50.org\/es\/author\/backoffice\/#author","url":"https:\/\/www.50a50.org\/es\/author\/backoffice\/","name":"50a50"},{"@type":"WebPage","@id":"https:\/\/www.50a50.org\/es\/susana-jimenez-inaugura-el-programa-de-formacion-de-liderazgo-de-50a50-de-este-curso\/#webpage","url":"https:\/\/www.50a50.org\/es\/susana-jimenez-inaugura-el-programa-de-formacion-de-liderazgo-de-50a50-de-este-curso\/","name":"Susana Jim\u00e9nez inaugura el programa de formaci\u00f3n de liderazgo de 50a50 de este curso | 50a50","inLanguage":"es-ES","isPartOf":{"@id":"https:\/\/www.50a50.org\/es\/#website"},"breadcrumb":{"@id":"https:\/\/www.50a50.org\/es\/susana-jimenez-inaugura-el-programa-de-formacion-de-liderazgo-de-50a50-de-este-curso\/#breadcrumblist"},"author":{"@id":"https:\/\/www.50a50.org\/es\/author\/backoffice\/#author"},"creator":{"@id":"https:\/\/www.50a50.org\/es\/author\/backoffice\/#author"},"image":{"@type":"ImageObject","url":"https:\/\/www.50a50.org\/wp-content\/uploads\/2022\/10\/Formacio50a50-Susana-Jimenez-Aprofitalents-17-nov.png","@id":"https:\/\/www.50a50.org\/es\/susana-jimenez-inaugura-el-programa-de-formacion-de-liderazgo-de-50a50-de-este-curso\/#mainImage","width":1600,"height":900},"primaryImageOfPage":{"@id":"https:\/\/www.50a50.org\/es\/susana-jimenez-inaugura-el-programa-de-formacion-de-liderazgo-de-50a50-de-este-curso\/#mainImage"},"datePublished":"2022-10-28T17:03:00+00:00","dateModified":"2022-10-28T17:03:01+00:00"},{"@type":"WebSite","@id":"https:\/\/www.50a50.org\/es\/#website","url":"https:\/\/www.50a50.org\/es\/","name":"50a50","description":"Dones directives i professionals per la paritat","inLanguage":"es-ES","publisher":{"@id":"https:\/\/www.50a50.org\/es\/#organization"}}]},"og:locale":"es_ES","og:site_name":"50a50 | Dones directives i professionals per la paritat","og:type":"article","og:title":"Susana Jim\u00e9nez inaugura el programa de formaci\u00f3n de liderazgo de 50a50 de este curso | 50a50","og:url":"https:\/\/www.50a50.org\/es\/susana-jimenez-inaugura-el-programa-de-formacion-de-liderazgo-de-50a50-de-este-curso\/","article:published_time":"2022-10-28T17:03:00+00:00","article:modified_time":"2022-10-28T17:03:01+00:00","twitter:card":"summary","twitter:title":"Susana Jim\u00e9nez inaugura el programa de formaci\u00f3n de liderazgo de 50a50 de este curso | 50a50"},"aioseo_meta_data":{"post_id":"8307","title":null,"description":null,"keywords":[],"keyphrases":{"focus":{"keyphrase":"","score":0,"analysis":{"keyphraseInTitle":{"score":0,"maxScore":9,"error":1}}},"additional":[]},"primary_term":null,"canonical_url":null,"og_title":null,"og_description":null,"og_object_type":"default","og_image_type":"default","og_image_url":null,"og_image_width":null,"og_image_height":null,"og_image_custom_url":null,"og_image_custom_fields":null,"og_video":"","og_custom_url":null,"og_article_section":null,"og_article_tags":[],"twitter_use_og":false,"twitter_card":"default","twitter_image_type":"default","twitter_image_url":null,"twitter_image_custom_url":null,"twitter_image_custom_fields":null,"twitter_title":null,"twitter_description":null,"schema":{"blockGraphs":[],"customGraphs":[],"default":{"data":{"Article":[],"Course":[],"Dataset":[],"FAQPage":[],"Movie":[],"Person":[],"Product":[],"ProductReview":[],"Car":[],"Recipe":[],"Service":[],"SoftwareApplication":[],"WebPage":[]},"graphName":"Article","isEnabled":true},"graphs":[]},"schema_type":"default","schema_type_options":null,"pillar_content":false,"robots_default":true,"robots_noindex":false,"robots_noarchive":false,"robots_nosnippet":false,"robots_nofollow":false,"robots_noimageindex":false,"robots_noodp":false,"robots_notranslate":false,"robots_max_snippet":"-1","robots_max_videopreview":"-1","robots_max_imagepreview":"large","priority":null,"frequency":"default","local_seo":null,"breadcrumb_settings":null,"limit_modified_date":false,"ai":null,"created":"2022-10-28 16:59:20","updated":"2025-06-10 20:46:15","seo_analyzer_scan_date":null,"focus_keyword":null,"additional_keywords":null,"truseo_locale":null},"aioseo_breadcrumb":"<div class=\"aioseo-breadcrumbs\"><span class=\"aioseo-breadcrumb\">\n\t\t\t<a href=\"https:\/\/www.50a50.org\/es\/\" title=\"Home\">Home<\/a>\n\t\t<\/span><span class=\"aioseo-breadcrumb-separator\">&raquo;<\/span><span class=\"aioseo-breadcrumb\">\n\t\t\t<a href=\"https:\/\/www.50a50.org\/es\/category\/activitats-es\/\" title=\"Actividades\">Actividades<\/a>\n\t\t<\/span><span class=\"aioseo-breadcrumb-separator\">&raquo;<\/span><span class=\"aioseo-breadcrumb\">\n\t\t\tSusana Jim\u00e9nez inaugura el programa de formaci\u00f3n de liderazgo de 50a50 de este curso\n\t\t<\/span><\/div>","aioseo_breadcrumb_json":[{"label":"Home","link":"https:\/\/www.50a50.org\/es\/"},{"label":"Actividades","link":"https:\/\/www.50a50.org\/es\/category\/activitats-es\/"},{"label":"Susana Jim\u00e9nez inaugura el programa de formaci\u00f3n de liderazgo de 50a50 de este curso","link":"https:\/\/www.50a50.org\/es\/susana-jimenez-inaugura-el-programa-de-formacion-de-liderazgo-de-50a50-de-este-curso\/"}],"_links":{"self":[{"href":"https:\/\/www.50a50.org\/es\/wp-json\/wp\/v2\/posts\/8307","targetHints":{"allow":["GET"]}}],"collection":[{"href":"https:\/\/www.50a50.org\/es\/wp-json\/wp\/v2\/posts"}],"about":[{"href":"https:\/\/www.50a50.org\/es\/wp-json\/wp\/v2\/types\/post"}],"author":[{"embeddable":true,"href":"https:\/\/www.50a50.org\/es\/wp-json\/wp\/v2\/users\/1"}],"replies":[{"embeddable":true,"href":"https:\/\/www.50a50.org\/es\/wp-json\/wp\/v2\/comments?post=8307"}],"version-history":[{"count":0,"href":"https:\/\/www.50a50.org\/es\/wp-json\/wp\/v2\/posts\/8307\/revisions"}],"wp:featuredmedia":[{"embeddable":true,"href":"https:\/\/www.50a50.org\/es\/wp-json\/wp\/v2\/media\/8305"}],"wp:attachment":[{"href":"https:\/\/www.50a50.org\/es\/wp-json\/wp\/v2\/media?parent=8307"}],"wp:term":[{"taxonomy":"category","embeddable":true,"href":"https:\/\/www.50a50.org\/es\/wp-json\/wp\/v2\/categories?post=8307"},{"taxonomy":"post_tag","embeddable":true,"href":"https:\/\/www.50a50.org\/es\/wp-json\/wp\/v2\/tags?post=8307"}],"curies":[{"name":"wp","href":"https:\/\/api.w.org\/{rel}","templated":true}]}}