{"id":8288,"date":"2022-09-21T19:12:17","date_gmt":"2022-09-21T19:12:17","guid":{"rendered":"https:\/\/www.50a50.org\/?p=8288"},"modified":"2022-09-21T19:12:18","modified_gmt":"2022-09-21T19:12:18","slug":"en-marcha-la-segunda-edicion-de-lideres-del-futuro-el-programa-de-mentoria-de-50a50","status":"publish","type":"post","link":"https:\/\/www.50a50.org\/es\/en-marcha-la-segunda-edicion-de-lideres-del-futuro-el-programa-de-mentoria-de-50a50\/","title":{"rendered":"En marcha la segunda edici\u00f3n de \u201cL\u00edderes del futuro\u201d, el programa de mentor\u00eda de 50a50"},"content":{"rendered":"<p><div class=\"fusion-fullwidth fullwidth-box fusion-builder-row-1 fusion-flex-container has-pattern-background has-mask-background nonhundred-percent-fullwidth non-hundred-percent-height-scrolling\" style=\"--awb-border-radius-top-left:0px;--awb-border-radius-top-right:0px;--awb-border-radius-bottom-right:0px;--awb-border-radius-bottom-left:0px;--awb-flex-wrap:wrap;\" ><div class=\"fusion-builder-row fusion-row fusion-flex-align-items-flex-start fusion-flex-content-wrap\" style=\"max-width:1216.8px;margin-left: calc(-4% \/ 2 );margin-right: calc(-4% \/ 2 );\"><div class=\"fusion-layout-column fusion_builder_column fusion-builder-column-0 fusion_builder_column_1_1 1_1 fusion-flex-column\" style=\"--awb-bg-size:cover;--awb-width-large:100%;--awb-margin-top-large:0px;--awb-spacing-right-large:1.92%;--awb-margin-bottom-large:20px;--awb-spacing-left-large:1.92%;--awb-width-medium:100%;--awb-order-medium:0;--awb-spacing-right-medium:1.92%;--awb-spacing-left-medium:1.92%;--awb-width-small:100%;--awb-order-small:0;--awb-spacing-right-small:1.92%;--awb-spacing-left-small:1.92%;\"><div class=\"fusion-column-wrapper fusion-column-has-shadow fusion-flex-justify-content-flex-start fusion-content-layout-column\"><div class=\"fusion-image-element \" style=\"text-align:center;--awb-max-width:2000px;--awb-caption-title-font-family:var(--h2_typography-font-family);--awb-caption-title-font-weight:var(--h2_typography-font-weight);--awb-caption-title-font-style:var(--h2_typography-font-style);--awb-caption-title-size:var(--h2_typography-font-size);--awb-caption-title-transform:var(--h2_typography-text-transform);--awb-caption-title-line-height:var(--h2_typography-line-height);--awb-caption-title-letter-spacing:var(--h2_typography-letter-spacing);\"><span class=\" fusion-imageframe imageframe-none imageframe-1 hover-type-none\"><img decoding=\"async\" width=\"1600\" height=\"900\" title=\"1\" src=\"https:\/\/www.50a50.org\/wp-content\/uploads\/2022\/09\/1.png\" alt class=\"img-responsive wp-image-8286\" srcset=\"https:\/\/www.50a50.org\/wp-content\/uploads\/2022\/09\/1-200x113.png 200w, https:\/\/www.50a50.org\/wp-content\/uploads\/2022\/09\/1-400x225.png 400w, https:\/\/www.50a50.org\/wp-content\/uploads\/2022\/09\/1-600x338.png 600w, https:\/\/www.50a50.org\/wp-content\/uploads\/2022\/09\/1-800x450.png 800w, https:\/\/www.50a50.org\/wp-content\/uploads\/2022\/09\/1-1200x675.png 1200w, https:\/\/www.50a50.org\/wp-content\/uploads\/2022\/09\/1.png 1600w\" sizes=\"(max-width: 1024px) 100vw, (max-width: 640px) 100vw, 1200px\" \/><\/span><\/div><div class=\"fusion-separator fusion-full-width-sep\" style=\"align-self: center;margin-left: auto;margin-right: auto;margin-top:15px;margin-bottom:15px;width:100%;\"><div class=\"fusion-separator-border sep-single\" style=\"--awb-height:20px;--awb-amount:20px;border-color:#e0dede;border-top-width:0px;\"><\/div><\/div><div class=\"fusion-separator fusion-full-width-sep\" style=\"align-self: center;margin-left: auto;margin-right: auto;margin-top:15px;margin-bottom:15px;width:100%;\"><div class=\"fusion-separator-border sep-single\" style=\"--awb-height:20px;--awb-amount:20px;border-color:#e0dede;border-top-width:0px;\"><\/div><\/div><\/div><\/div><\/div><\/div><div class=\"fusion-fullwidth fullwidth-box fusion-builder-row-2 fusion-flex-container has-pattern-background has-mask-background nonhundred-percent-fullwidth non-hundred-percent-height-scrolling\" style=\"--awb-border-radius-top-left:0px;--awb-border-radius-top-right:0px;--awb-border-radius-bottom-right:0px;--awb-border-radius-bottom-left:0px;--awb-flex-wrap:wrap;\" ><div class=\"fusion-builder-row fusion-row fusion-flex-align-items-flex-start fusion-flex-content-wrap\" style=\"max-width:1216.8px;margin-left: calc(-4% \/ 2 );margin-right: calc(-4% \/ 2 );\"><div class=\"fusion-layout-column fusion_builder_column fusion-builder-column-1 fusion_builder_column_1_5 1_5 fusion-flex-column\" style=\"--awb-bg-size:cover;--awb-width-large:20%;--awb-margin-top-large:0px;--awb-spacing-right-large:9.6%;--awb-margin-bottom-large:20px;--awb-spacing-left-large:9.6%;--awb-width-medium:100%;--awb-order-medium:0;--awb-spacing-right-medium:1.92%;--awb-spacing-left-medium:1.92%;--awb-width-small:100%;--awb-order-small:0;--awb-spacing-right-small:1.92%;--awb-spacing-left-small:1.92%;\"><div class=\"fusion-column-wrapper fusion-column-has-shadow fusion-flex-justify-content-flex-start fusion-content-layout-column\"><\/div><\/div><div class=\"fusion-layout-column fusion_builder_column fusion-builder-column-2 fusion_builder_column_3_5 3_5 fusion-flex-column\" style=\"--awb-bg-size:cover;--awb-width-large:60%;--awb-margin-top-large:0px;--awb-spacing-right-large:3.2%;--awb-margin-bottom-large:20px;--awb-spacing-left-large:3.2%;--awb-width-medium:100%;--awb-order-medium:0;--awb-spacing-right-medium:1.92%;--awb-spacing-left-medium:1.92%;--awb-width-small:100%;--awb-order-small:0;--awb-spacing-right-small:1.92%;--awb-spacing-left-small:1.92%;\"><div class=\"fusion-column-wrapper fusion-column-has-shadow fusion-flex-justify-content-flex-start fusion-content-layout-column\"><div class=\"fusion-title title fusion-title-1 fusion-sep-none fusion-title-text fusion-title-size-one\"><h1 class=\"fusion-title-heading title-heading-left\" style=\"margin:0;\"><h2><strong>En marcha la segunda edici\u00f3n de \u201cL\u00edderes del futuro\u201d, el programa de mentor\u00eda de 50a50<\/strong><\/h2><\/h1><\/div><div class=\"fusion-separator fusion-full-width-sep\" style=\"align-self: center;margin-left: auto;margin-right: auto;margin-top:15px;margin-bottom:15px;width:100%;\"><div class=\"fusion-separator-border sep-single\" style=\"--awb-height:20px;--awb-amount:20px;border-color:#e0dede;border-top-width:0px;\"><\/div><\/div><div class=\"fusion-separator fusion-full-width-sep\" style=\"align-self: center;margin-left: auto;margin-right: auto;margin-top:15px;margin-bottom:15px;width:100%;\"><div class=\"fusion-separator-border sep-single\" style=\"--awb-height:20px;--awb-amount:20px;border-color:#e0dede;border-top-width:0px;\"><\/div><\/div><div class=\"fusion-text fusion-text-1\"><p>La Asociaci\u00f3n 50a50 pone en marcha la segunda edici\u00f3n de \u201cL\u00edderes del futuro\u201d, el programa de mentor\u00eda de 50a50, en el que las socias m\u00e1s senior ayudan a otras socias en su proceso de desarrollo personal, para poder colaborar pr\u00f3ximamente en la consecuci\u00f3n de la misi\u00f3n de 50a50, conseguir el 50% de representaci\u00f3n femenina en los puestos de toma de decisi\u00f3n.<\/p>\n<p>Esta nueva edici\u00f3n ha sido mejorada respecto al programa piloto que se llev\u00f3 a cabo durante la primavera de 2021, e incluye sesiones de formaci\u00f3n y gu\u00eda tanto para las mentoras como para las mentoradas.<\/p>\n<p><strong>\u00bfQui\u00e9n puede participar?<\/strong><\/p>\n<p>El programa es exclusivo para socias de 50a50 y es enriquecedor tanto para mentoradas como para mentoras.<\/p>\n<p>Para las socias mentoradas, es una oportunidad para la mejora personal y profesional, para impulsar la autoestima y la confianza, para adquirir herramientas para hacer frente a las situaciones \u201cde g\u00e9nero\u201d por las que las mujeres profesionales solemos pasar en la carrera profesional, para recibir orientaci\u00f3n sobre la carrera profesional y la marca personal, y para realizar networking.<\/p>\n<p>Para las mentoras supone una oportunidad para mejorar las habilidades de liderazgo, para compartir conocimiento y experiencias, para reforzar la satisfacci\u00f3n personal y para potenciar el networking.<\/p>\n<p><strong>Requisitos para hacer de mentoras:<\/strong><\/p>\n<ol>\n<li>Ser socia de 50a50<\/li>\n<li>Acumular un m\u00ednimo de 10 a\u00f1os de experiencia profesional en cargos de gesti\u00f3n y\/o responsabilidad o como emprendedora<\/li>\n<li>Contar con disponibilidad horaria para seguir la formaci\u00f3n de mentoras y llevar a cabo las sesiones de mentor\u00eda, de acuerdo con el calendario planteado<\/li>\n<li>Estar motivada y aflorar el esp\u00edritu de sororidad<\/li>\n<\/ol>\n<p><strong>Requisitos para ser mentoradas:<\/strong><\/p>\n<ol>\n<li>Ser socia de 50a50<\/li>\n<li>Estar motivada y tener la voluntad de aprender<\/li>\n<\/ol>\n<p><strong>Edici\u00f3n 2022-2023<\/strong><\/p>\n<p>El programa combina sesiones iniciales tanto para mentoras como para mentoradas:<\/p>\n<p><strong>Noviembre 2022: programa de formaci\u00f3n y kick-off<\/strong><\/p>\n<p>&#8211; Sesi\u00f3n 1: martes 8 nov 16h, 2h de formaci\u00f3n para mentoras, en formato online<br \/>\n&#8211; Sesi\u00f3n 2: martes 15 nov 17h, 1h de kick-off para mentoradas, en formato online<br \/>\n&#8211; Sesi\u00f3n 3: martes 29 nov 18h, 2h de inauguraci\u00f3n para mentoras y mentoradas y formaci\u00f3n de las parejas, en presencial, en la Incubadora Almog\u00e0vers (Almog\u00e0vers 165)<\/p>\n<p><strong>\u00a0<\/strong><\/p>\n<p><strong>De diciembre 2022 a inicios de junio 2023: programa de mentor\u00eda en parejas<\/strong><\/p>\n<p>&#8211; Un m\u00ednimo de 6 sesiones de una hora cada una en pareja<br \/>\n&#8211; Es aconsejable separar las sesiones con un m\u00ednimo de 3 semanas<br \/>\n&#8211; Cada pareja consens\u00faa y establece su propio calendario<br \/>\n&#8211; Se recomienda realizar las sesiones de forma presencial (o al menos un 50% en formato presencial)<\/p>\n<p><strong>Mediados de junio 2023 (fecha a confirmar): sesi\u00f3n de cierre del programa de mentor\u00eda<\/strong><\/p>\n<p>&#8211; Sesi\u00f3n de 1,5h en formato presencial para mentoras y mentoradas<br \/>\n&#8211; Evaluaci\u00f3n del programa, consejos de mejora y autoevaluaci\u00f3n de cada participante<\/p>\n<p>Si est\u00e1s interesada en participar en este programa, tanto si quieres ser mentora como mentorada, debes rellenar este <a href=\"https:\/\/forms.gle\/CXGJF1JhfSpbGZkHA\">formulario de inscripci\u00f3n<\/a>.<\/p>\n<\/div><div class=\"fusion-separator fusion-full-width-sep\" style=\"align-self: center;margin-left: auto;margin-right: auto;margin-top:15px;margin-bottom:15px;width:100%;\"><div class=\"fusion-separator-border sep-single\" style=\"--awb-height:20px;--awb-amount:20px;border-color:#e0dede;border-top-width:0px;\"><\/div><\/div><div style=\"text-align:center;\"><a class=\"fusion-button button-flat button-xlarge button-custom fusion-button-default button-1 fusion-button-default-span fusion-button-default-type\" style=\"--button_accent_color:#ffffff;--button_accent_hover_color:#000000;--button_border_hover_color:#000000;--button_gradient_top_color:#000000;--button_gradient_bottom_color:#000000;--button_gradient_top_color_hover:rgba(0,0,0,0.16);--button_gradient_bottom_color_hover:rgba(0,0,0,0.16);\" target=\"_self\" href=\"https:\/\/forms.gle\/CXGJF1JhfSpbGZkHA\"><span class=\"fusion-button-text awb-button__text awb-button__text--default\">INSCR\u00cdBETE EN EL PROGRAMA \u201cL\u00cdDERES DEL FUTURO\u201d <\/span><\/a><\/div><div class=\"fusion-separator fusion-full-width-sep\" style=\"align-self: center;margin-left: auto;margin-right: auto;margin-top:15px;margin-bottom:15px;width:100%;\"><div class=\"fusion-separator-border sep-single\" style=\"--awb-height:20px;--awb-amount:20px;border-color:#e0dede;border-top-width:0px;\"><\/div><\/div><\/div><\/div><div class=\"fusion-layout-column fusion_builder_column fusion-builder-column-3 fusion_builder_column_1_5 1_5 fusion-flex-column\" style=\"--awb-bg-size:cover;--awb-width-large:20%;--awb-margin-top-large:0px;--awb-spacing-right-large:9.6%;--awb-margin-bottom-large:20px;--awb-spacing-left-large:9.6%;--awb-width-medium:100%;--awb-order-medium:0;--awb-spacing-right-medium:1.92%;--awb-spacing-left-medium:1.92%;--awb-width-small:100%;--awb-order-small:0;--awb-spacing-right-small:1.92%;--awb-spacing-left-small:1.92%;\"><div class=\"fusion-column-wrapper fusion-column-has-shadow fusion-flex-justify-content-flex-start fusion-content-layout-column\"><\/div><\/div><\/div><\/div><\/p>\n","protected":false},"excerpt":{"rendered":"<p>La Asociaci\u00f3n 50a50 pone en marcha la segunda edici\u00f3n de \u201cL\u00edderes del futuro\u201d, el programa de mentor\u00eda de 50a50, en el que las socias m\u00e1s senior ayudan a otras socias en su proceso de desarrollo personal, para poder colaborar pr\u00f3ximamente en la consecuci\u00f3n de la misi\u00f3n de 50a50, conseguir el 50% de representaci\u00f3n femenina en los puestos de toma de decisi\u00f3n.<\/p>\n","protected":false},"author":1,"featured_media":8286,"comment_status":"closed","ping_status":"closed","sticky":false,"template":"","format":"standard","meta":{"footnotes":""},"categories":[251],"tags":[319,308,343,288],"class_list":["post-8288","post","type-post","status-publish","format-standard","has-post-thumbnail","hentry","category-activitats-es","tag-feminismo","tag-formacion","tag-liderazgo-femenino","tag-talento-femenino"],"aioseo_notices":[],"aioseo_head":"\n\t\t<!-- All in One SEO 5.0.0.1 - aioseo.com -->\n\t<meta name=\"robots\" content=\"max-image-preview:large\" \/>\n\t<meta name=\"author\" content=\"50a50\"\/>\n\t<link rel=\"canonical\" href=\"https:\/\/www.50a50.org\/es\/en-marcha-la-segunda-edicion-de-lideres-del-futuro-el-programa-de-mentoria-de-50a50\/\" \/>\n\t<meta name=\"generator\" content=\"All in One SEO (AIOSEO) 5.0.0.1\" \/>\n\t\t<meta property=\"og:locale\" content=\"es_ES\" \/>\n\t\t<meta property=\"og:site_name\" content=\"50a50 | Dones directives i professionals per la paritat\" \/>\n\t\t<meta property=\"og:type\" content=\"article\" \/>\n\t\t<meta property=\"og:title\" content=\"En marcha la segunda edici\u00f3n de \u201cL\u00edderes del futuro\u201d, el programa de mentor\u00eda de 50a50 | 50a50\" \/>\n\t\t<meta property=\"og:url\" content=\"https:\/\/www.50a50.org\/es\/en-marcha-la-segunda-edicion-de-lideres-del-futuro-el-programa-de-mentoria-de-50a50\/\" \/>\n\t\t<meta property=\"article:published_time\" content=\"2022-09-21T19:12:17+00:00\" \/>\n\t\t<meta property=\"article:modified_time\" content=\"2022-09-21T19:12:18+00:00\" \/>\n\t\t<meta name=\"twitter:card\" content=\"summary\" \/>\n\t\t<meta name=\"twitter:title\" content=\"En marcha la segunda edici\u00f3n de \u201cL\u00edderes del futuro\u201d, el programa de mentor\u00eda de 50a50 | 50a50\" \/>\n\t\t<script type=\"application\/ld+json\" class=\"aioseo-schema\">\n\t\t\t{\"@context\":\"https:\\\/\\\/schema.org\",\"@graph\":[{\"@type\":\"Article\",\"@id\":\"https:\\\/\\\/www.50a50.org\\\/es\\\/en-marcha-la-segunda-edicion-de-lideres-del-futuro-el-programa-de-mentoria-de-50a50\\\/#article\",\"name\":\"En marcha la segunda edici\\u00f3n de \\u201cL\\u00edderes del futuro\\u201d, el programa de mentor\\u00eda de 50a50 | 50a50\",\"headline\":\"En marcha la segunda edici\\u00f3n de \\u201cL\\u00edderes del futuro\\u201d, el programa de mentor\\u00eda de 50a50\",\"author\":{\"@id\":\"https:\\\/\\\/www.50a50.org\\\/es\\\/author\\\/backoffice\\\/#author\"},\"publisher\":{\"@id\":\"https:\\\/\\\/www.50a50.org\\\/es\\\/#organization\"},\"image\":{\"@type\":\"ImageObject\",\"url\":\"https:\\\/\\\/www.50a50.org\\\/wp-content\\\/uploads\\\/2022\\\/09\\\/1.png\",\"width\":1600,\"height\":900},\"datePublished\":\"2022-09-21T19:12:17+00:00\",\"dateModified\":\"2022-09-21T19:12:18+00:00\",\"inLanguage\":\"es-ES\",\"mainEntityOfPage\":{\"@id\":\"https:\\\/\\\/www.50a50.org\\\/es\\\/en-marcha-la-segunda-edicion-de-lideres-del-futuro-el-programa-de-mentoria-de-50a50\\\/#webpage\"},\"isPartOf\":{\"@id\":\"https:\\\/\\\/www.50a50.org\\\/es\\\/en-marcha-la-segunda-edicion-de-lideres-del-futuro-el-programa-de-mentoria-de-50a50\\\/#webpage\"},\"articleSection\":\"Actividades, feminismo, formaci\\u00f3n, liderazgo femenino, talento femenino\"},{\"@type\":\"BreadcrumbList\",\"@id\":\"https:\\\/\\\/www.50a50.org\\\/es\\\/en-marcha-la-segunda-edicion-de-lideres-del-futuro-el-programa-de-mentoria-de-50a50\\\/#breadcrumblist\",\"itemListElement\":[{\"@type\":\"ListItem\",\"@id\":\"https:\\\/\\\/www.50a50.org\\\/es\\\/#listItem\",\"position\":1,\"name\":\"Home\",\"item\":\"https:\\\/\\\/www.50a50.org\\\/es\\\/\",\"nextItem\":{\"@type\":\"ListItem\",\"@id\":\"https:\\\/\\\/www.50a50.org\\\/es\\\/category\\\/activitats-es\\\/#listItem\",\"name\":\"Actividades\"}},{\"@type\":\"ListItem\",\"@id\":\"https:\\\/\\\/www.50a50.org\\\/es\\\/category\\\/activitats-es\\\/#listItem\",\"position\":2,\"name\":\"Actividades\",\"item\":\"https:\\\/\\\/www.50a50.org\\\/es\\\/category\\\/activitats-es\\\/\",\"nextItem\":{\"@type\":\"ListItem\",\"@id\":\"https:\\\/\\\/www.50a50.org\\\/es\\\/en-marcha-la-segunda-edicion-de-lideres-del-futuro-el-programa-de-mentoria-de-50a50\\\/#listItem\",\"name\":\"En marcha la segunda edici\\u00f3n de \\u201cL\\u00edderes del futuro\\u201d, el programa de mentor\\u00eda de 50a50\"},\"previousItem\":{\"@type\":\"ListItem\",\"@id\":\"https:\\\/\\\/www.50a50.org\\\/es\\\/#listItem\",\"name\":\"Home\"}},{\"@type\":\"ListItem\",\"@id\":\"https:\\\/\\\/www.50a50.org\\\/es\\\/en-marcha-la-segunda-edicion-de-lideres-del-futuro-el-programa-de-mentoria-de-50a50\\\/#listItem\",\"position\":3,\"name\":\"En marcha la segunda edici\\u00f3n de \\u201cL\\u00edderes del futuro\\u201d, el programa de mentor\\u00eda de 50a50\",\"previousItem\":{\"@type\":\"ListItem\",\"@id\":\"https:\\\/\\\/www.50a50.org\\\/es\\\/category\\\/activitats-es\\\/#listItem\",\"name\":\"Actividades\"}}]},{\"@type\":\"Organization\",\"@id\":\"https:\\\/\\\/www.50a50.org\\\/es\\\/#organization\",\"name\":\"50a50\",\"description\":\"Dones directives i professionals per la paritat\",\"url\":\"https:\\\/\\\/www.50a50.org\\\/es\\\/\"},{\"@type\":\"Person\",\"@id\":\"https:\\\/\\\/www.50a50.org\\\/es\\\/author\\\/backoffice\\\/#author\",\"url\":\"https:\\\/\\\/www.50a50.org\\\/es\\\/author\\\/backoffice\\\/\",\"name\":\"50a50\"},{\"@type\":\"WebPage\",\"@id\":\"https:\\\/\\\/www.50a50.org\\\/es\\\/en-marcha-la-segunda-edicion-de-lideres-del-futuro-el-programa-de-mentoria-de-50a50\\\/#webpage\",\"url\":\"https:\\\/\\\/www.50a50.org\\\/es\\\/en-marcha-la-segunda-edicion-de-lideres-del-futuro-el-programa-de-mentoria-de-50a50\\\/\",\"name\":\"En marcha la segunda edici\\u00f3n de \\u201cL\\u00edderes del futuro\\u201d, el programa de mentor\\u00eda de 50a50 | 50a50\",\"inLanguage\":\"es-ES\",\"isPartOf\":{\"@id\":\"https:\\\/\\\/www.50a50.org\\\/es\\\/#website\"},\"breadcrumb\":{\"@id\":\"https:\\\/\\\/www.50a50.org\\\/es\\\/en-marcha-la-segunda-edicion-de-lideres-del-futuro-el-programa-de-mentoria-de-50a50\\\/#breadcrumblist\"},\"author\":{\"@id\":\"https:\\\/\\\/www.50a50.org\\\/es\\\/author\\\/backoffice\\\/#author\"},\"creator\":{\"@id\":\"https:\\\/\\\/www.50a50.org\\\/es\\\/author\\\/backoffice\\\/#author\"},\"image\":{\"@type\":\"ImageObject\",\"url\":\"https:\\\/\\\/www.50a50.org\\\/wp-content\\\/uploads\\\/2022\\\/09\\\/1.png\",\"@id\":\"https:\\\/\\\/www.50a50.org\\\/es\\\/en-marcha-la-segunda-edicion-de-lideres-del-futuro-el-programa-de-mentoria-de-50a50\\\/#mainImage\",\"width\":1600,\"height\":900},\"primaryImageOfPage\":{\"@id\":\"https:\\\/\\\/www.50a50.org\\\/es\\\/en-marcha-la-segunda-edicion-de-lideres-del-futuro-el-programa-de-mentoria-de-50a50\\\/#mainImage\"},\"datePublished\":\"2022-09-21T19:12:17+00:00\",\"dateModified\":\"2022-09-21T19:12:18+00:00\"},{\"@type\":\"WebSite\",\"@id\":\"https:\\\/\\\/www.50a50.org\\\/es\\\/#website\",\"url\":\"https:\\\/\\\/www.50a50.org\\\/es\\\/\",\"name\":\"50a50\",\"description\":\"Dones directives i professionals per la paritat\",\"inLanguage\":\"es-ES\",\"publisher\":{\"@id\":\"https:\\\/\\\/www.50a50.org\\\/es\\\/#organization\"}}]}\n\t\t<\/script>\n\t\t<!-- All in One SEO -->\n\n","aioseo_head_json":{"title":"En marcha la segunda edici\u00f3n de \u201cL\u00edderes del futuro\u201d, el programa de mentor\u00eda de 50a50 | 50a50","description":"","canonical_url":"https:\/\/www.50a50.org\/es\/en-marcha-la-segunda-edicion-de-lideres-del-futuro-el-programa-de-mentoria-de-50a50\/","robots":"max-image-preview:large","keywords":"","webmasterTools":{"miscellaneous":""},"schema":{"@context":"https:\/\/schema.org","@graph":[{"@type":"Article","@id":"https:\/\/www.50a50.org\/es\/en-marcha-la-segunda-edicion-de-lideres-del-futuro-el-programa-de-mentoria-de-50a50\/#article","name":"En marcha la segunda edici\u00f3n de \u201cL\u00edderes del futuro\u201d, el programa de mentor\u00eda de 50a50 | 50a50","headline":"En marcha la segunda edici\u00f3n de \u201cL\u00edderes del futuro\u201d, el programa de mentor\u00eda de 50a50","author":{"@id":"https:\/\/www.50a50.org\/es\/author\/backoffice\/#author"},"publisher":{"@id":"https:\/\/www.50a50.org\/es\/#organization"},"image":{"@type":"ImageObject","url":"https:\/\/www.50a50.org\/wp-content\/uploads\/2022\/09\/1.png","width":1600,"height":900},"datePublished":"2022-09-21T19:12:17+00:00","dateModified":"2022-09-21T19:12:18+00:00","inLanguage":"es-ES","mainEntityOfPage":{"@id":"https:\/\/www.50a50.org\/es\/en-marcha-la-segunda-edicion-de-lideres-del-futuro-el-programa-de-mentoria-de-50a50\/#webpage"},"isPartOf":{"@id":"https:\/\/www.50a50.org\/es\/en-marcha-la-segunda-edicion-de-lideres-del-futuro-el-programa-de-mentoria-de-50a50\/#webpage"},"articleSection":"Actividades, feminismo, formaci\u00f3n, liderazgo femenino, talento femenino"},{"@type":"BreadcrumbList","@id":"https:\/\/www.50a50.org\/es\/en-marcha-la-segunda-edicion-de-lideres-del-futuro-el-programa-de-mentoria-de-50a50\/#breadcrumblist","itemListElement":[{"@type":"ListItem","@id":"https:\/\/www.50a50.org\/es\/#listItem","position":1,"name":"Home","item":"https:\/\/www.50a50.org\/es\/","nextItem":{"@type":"ListItem","@id":"https:\/\/www.50a50.org\/es\/category\/activitats-es\/#listItem","name":"Actividades"}},{"@type":"ListItem","@id":"https:\/\/www.50a50.org\/es\/category\/activitats-es\/#listItem","position":2,"name":"Actividades","item":"https:\/\/www.50a50.org\/es\/category\/activitats-es\/","nextItem":{"@type":"ListItem","@id":"https:\/\/www.50a50.org\/es\/en-marcha-la-segunda-edicion-de-lideres-del-futuro-el-programa-de-mentoria-de-50a50\/#listItem","name":"En marcha la segunda edici\u00f3n de \u201cL\u00edderes del futuro\u201d, el programa de mentor\u00eda de 50a50"},"previousItem":{"@type":"ListItem","@id":"https:\/\/www.50a50.org\/es\/#listItem","name":"Home"}},{"@type":"ListItem","@id":"https:\/\/www.50a50.org\/es\/en-marcha-la-segunda-edicion-de-lideres-del-futuro-el-programa-de-mentoria-de-50a50\/#listItem","position":3,"name":"En marcha la segunda edici\u00f3n de \u201cL\u00edderes del futuro\u201d, el programa de mentor\u00eda de 50a50","previousItem":{"@type":"ListItem","@id":"https:\/\/www.50a50.org\/es\/category\/activitats-es\/#listItem","name":"Actividades"}}]},{"@type":"Organization","@id":"https:\/\/www.50a50.org\/es\/#organization","name":"50a50","description":"Dones directives i professionals per la paritat","url":"https:\/\/www.50a50.org\/es\/"},{"@type":"Person","@id":"https:\/\/www.50a50.org\/es\/author\/backoffice\/#author","url":"https:\/\/www.50a50.org\/es\/author\/backoffice\/","name":"50a50"},{"@type":"WebPage","@id":"https:\/\/www.50a50.org\/es\/en-marcha-la-segunda-edicion-de-lideres-del-futuro-el-programa-de-mentoria-de-50a50\/#webpage","url":"https:\/\/www.50a50.org\/es\/en-marcha-la-segunda-edicion-de-lideres-del-futuro-el-programa-de-mentoria-de-50a50\/","name":"En marcha la segunda edici\u00f3n de \u201cL\u00edderes del futuro\u201d, el programa de mentor\u00eda de 50a50 | 50a50","inLanguage":"es-ES","isPartOf":{"@id":"https:\/\/www.50a50.org\/es\/#website"},"breadcrumb":{"@id":"https:\/\/www.50a50.org\/es\/en-marcha-la-segunda-edicion-de-lideres-del-futuro-el-programa-de-mentoria-de-50a50\/#breadcrumblist"},"author":{"@id":"https:\/\/www.50a50.org\/es\/author\/backoffice\/#author"},"creator":{"@id":"https:\/\/www.50a50.org\/es\/author\/backoffice\/#author"},"image":{"@type":"ImageObject","url":"https:\/\/www.50a50.org\/wp-content\/uploads\/2022\/09\/1.png","@id":"https:\/\/www.50a50.org\/es\/en-marcha-la-segunda-edicion-de-lideres-del-futuro-el-programa-de-mentoria-de-50a50\/#mainImage","width":1600,"height":900},"primaryImageOfPage":{"@id":"https:\/\/www.50a50.org\/es\/en-marcha-la-segunda-edicion-de-lideres-del-futuro-el-programa-de-mentoria-de-50a50\/#mainImage"},"datePublished":"2022-09-21T19:12:17+00:00","dateModified":"2022-09-21T19:12:18+00:00"},{"@type":"WebSite","@id":"https:\/\/www.50a50.org\/es\/#website","url":"https:\/\/www.50a50.org\/es\/","name":"50a50","description":"Dones directives i professionals per la paritat","inLanguage":"es-ES","publisher":{"@id":"https:\/\/www.50a50.org\/es\/#organization"}}]},"og:locale":"es_ES","og:site_name":"50a50 | Dones directives i professionals per la paritat","og:type":"article","og:title":"En marcha la segunda edici\u00f3n de \u201cL\u00edderes del futuro\u201d, el programa de mentor\u00eda de 50a50 | 50a50","og:url":"https:\/\/www.50a50.org\/es\/en-marcha-la-segunda-edicion-de-lideres-del-futuro-el-programa-de-mentoria-de-50a50\/","article:published_time":"2022-09-21T19:12:17+00:00","article:modified_time":"2022-09-21T19:12:18+00:00","twitter:card":"summary","twitter:title":"En marcha la segunda edici\u00f3n de \u201cL\u00edderes del futuro\u201d, el programa de mentor\u00eda de 50a50 | 50a50"},"aioseo_meta_data":{"post_id":"8288","title":null,"description":null,"keywords":[],"keyphrases":{"focus":{"keyphrase":"","score":0,"analysis":{"keyphraseInTitle":{"score":0,"maxScore":9,"error":1}}},"additional":[]},"primary_term":null,"canonical_url":null,"og_title":null,"og_description":null,"og_object_type":"default","og_image_type":"default","og_image_url":null,"og_image_width":null,"og_image_height":null,"og_image_custom_url":null,"og_image_custom_fields":null,"og_video":"","og_custom_url":null,"og_article_section":null,"og_article_tags":[],"twitter_use_og":false,"twitter_card":"default","twitter_image_type":"default","twitter_image_url":null,"twitter_image_custom_url":null,"twitter_image_custom_fields":null,"twitter_title":null,"twitter_description":null,"schema":{"blockGraphs":[],"customGraphs":[],"default":{"data":{"Article":[],"Course":[],"Dataset":[],"FAQPage":[],"Movie":[],"Person":[],"Product":[],"ProductReview":[],"Car":[],"Recipe":[],"Service":[],"SoftwareApplication":[],"WebPage":[]},"graphName":"","isEnabled":true},"graphs":[]},"schema_type":"default","schema_type_options":null,"pillar_content":false,"robots_default":true,"robots_noindex":false,"robots_noarchive":false,"robots_nosnippet":false,"robots_nofollow":false,"robots_noimageindex":false,"robots_noodp":false,"robots_notranslate":false,"robots_max_snippet":"-1","robots_max_videopreview":"-1","robots_max_imagepreview":"large","priority":null,"frequency":"default","local_seo":null,"breadcrumb_settings":null,"limit_modified_date":false,"ai":null,"created":"2022-09-21 19:06:49","updated":"2025-06-10 20:46:14","seo_analyzer_scan_date":null,"focus_keyword":null,"additional_keywords":null,"truseo_locale":null},"aioseo_breadcrumb":"<div class=\"aioseo-breadcrumbs\"><span class=\"aioseo-breadcrumb\">\n\t\t\t<a href=\"https:\/\/www.50a50.org\/es\/\" title=\"Home\">Home<\/a>\n\t\t<\/span><span class=\"aioseo-breadcrumb-separator\">&raquo;<\/span><span class=\"aioseo-breadcrumb\">\n\t\t\t<a href=\"https:\/\/www.50a50.org\/es\/category\/activitats-es\/\" title=\"Actividades\">Actividades<\/a>\n\t\t<\/span><span class=\"aioseo-breadcrumb-separator\">&raquo;<\/span><span class=\"aioseo-breadcrumb\">\n\t\t\tEn marcha la segunda edici\u00f3n de \u201cL\u00edderes del futuro\u201d, el programa de mentor\u00eda de 50a50\n\t\t<\/span><\/div>","aioseo_breadcrumb_json":[{"label":"Home","link":"https:\/\/www.50a50.org\/es\/"},{"label":"Actividades","link":"https:\/\/www.50a50.org\/es\/category\/activitats-es\/"},{"label":"En marcha la segunda edici\u00f3n de \u201cL\u00edderes del futuro\u201d, el programa de mentor\u00eda de 50a50","link":"https:\/\/www.50a50.org\/es\/en-marcha-la-segunda-edicion-de-lideres-del-futuro-el-programa-de-mentoria-de-50a50\/"}],"_links":{"self":[{"href":"https:\/\/www.50a50.org\/es\/wp-json\/wp\/v2\/posts\/8288","targetHints":{"allow":["GET"]}}],"collection":[{"href":"https:\/\/www.50a50.org\/es\/wp-json\/wp\/v2\/posts"}],"about":[{"href":"https:\/\/www.50a50.org\/es\/wp-json\/wp\/v2\/types\/post"}],"author":[{"embeddable":true,"href":"https:\/\/www.50a50.org\/es\/wp-json\/wp\/v2\/users\/1"}],"replies":[{"embeddable":true,"href":"https:\/\/www.50a50.org\/es\/wp-json\/wp\/v2\/comments?post=8288"}],"version-history":[{"count":0,"href":"https:\/\/www.50a50.org\/es\/wp-json\/wp\/v2\/posts\/8288\/revisions"}],"wp:featuredmedia":[{"embeddable":true,"href":"https:\/\/www.50a50.org\/es\/wp-json\/wp\/v2\/media\/8286"}],"wp:attachment":[{"href":"https:\/\/www.50a50.org\/es\/wp-json\/wp\/v2\/media?parent=8288"}],"wp:term":[{"taxonomy":"category","embeddable":true,"href":"https:\/\/www.50a50.org\/es\/wp-json\/wp\/v2\/categories?post=8288"},{"taxonomy":"post_tag","embeddable":true,"href":"https:\/\/www.50a50.org\/es\/wp-json\/wp\/v2\/tags?post=8288"}],"curies":[{"name":"wp","href":"https:\/\/api.w.org\/{rel}","templated":true}]}}