{"id":8246,"date":"2022-07-27T08:36:46","date_gmt":"2022-07-27T08:36:46","guid":{"rendered":"https:\/\/www.50a50.org\/?p=8246"},"modified":"2022-07-27T08:36:48","modified_gmt":"2022-07-27T08:36:48","slug":"50a50-comparece-en-el-parlament-de-catalunya","status":"publish","type":"post","link":"https:\/\/www.50a50.org\/es\/50a50-comparece-en-el-parlament-de-catalunya\/","title":{"rendered":"50a50 comparece en el Parlament de Catalunya"},"content":{"rendered":"<p><div class=\"fusion-fullwidth fullwidth-box fusion-builder-row-1 fusion-flex-container nonhundred-percent-fullwidth non-hundred-percent-height-scrolling\" style=\"--awb-border-radius-top-left:0px;--awb-border-radius-top-right:0px;--awb-border-radius-bottom-right:0px;--awb-border-radius-bottom-left:0px;--awb-flex-wrap:wrap;\" ><div class=\"fusion-builder-row fusion-row fusion-flex-align-items-flex-start fusion-flex-content-wrap\" style=\"max-width:1216.8px;margin-left: calc(-4% \/ 2 );margin-right: calc(-4% \/ 2 );\"><div class=\"fusion-layout-column fusion_builder_column fusion-builder-column-0 fusion_builder_column_1_1 1_1 fusion-flex-column\" style=\"--awb-bg-size:cover;--awb-width-large:100%;--awb-margin-top-large:0px;--awb-spacing-right-large:1.92%;--awb-margin-bottom-large:20px;--awb-spacing-left-large:1.92%;--awb-width-medium:100%;--awb-order-medium:0;--awb-spacing-right-medium:1.92%;--awb-spacing-left-medium:1.92%;--awb-width-small:100%;--awb-order-small:0;--awb-spacing-right-small:1.92%;--awb-spacing-left-small:1.92%;\"><div class=\"fusion-column-wrapper fusion-column-has-shadow fusion-flex-justify-content-flex-start fusion-content-layout-column\"><div class=\"fusion-image-element \" style=\"text-align:center;--awb-max-width:2000px;--awb-caption-title-font-family:var(--h2_typography-font-family);--awb-caption-title-font-weight:var(--h2_typography-font-weight);--awb-caption-title-font-style:var(--h2_typography-font-style);--awb-caption-title-size:var(--h2_typography-font-size);--awb-caption-title-transform:var(--h2_typography-text-transform);--awb-caption-title-line-height:var(--h2_typography-line-height);--awb-caption-title-letter-spacing:var(--h2_typography-letter-spacing);\"><span class=\" fusion-imageframe imageframe-none imageframe-1 hover-type-none\"><img decoding=\"async\" width=\"1024\" height=\"639\" title=\"6694ef67-7c36-4627-bc25-830e46a79eec\" src=\"https:\/\/www.50a50.org\/wp-content\/uploads\/2022\/07\/6694ef67-7c36-4627-bc25-830e46a79eec.jpg\" alt class=\"img-responsive wp-image-8244\" srcset=\"https:\/\/www.50a50.org\/wp-content\/uploads\/2022\/07\/6694ef67-7c36-4627-bc25-830e46a79eec-200x125.jpg 200w, https:\/\/www.50a50.org\/wp-content\/uploads\/2022\/07\/6694ef67-7c36-4627-bc25-830e46a79eec-400x250.jpg 400w, https:\/\/www.50a50.org\/wp-content\/uploads\/2022\/07\/6694ef67-7c36-4627-bc25-830e46a79eec-600x374.jpg 600w, https:\/\/www.50a50.org\/wp-content\/uploads\/2022\/07\/6694ef67-7c36-4627-bc25-830e46a79eec-800x499.jpg 800w, https:\/\/www.50a50.org\/wp-content\/uploads\/2022\/07\/6694ef67-7c36-4627-bc25-830e46a79eec.jpg 1024w\" sizes=\"(max-width: 1024px) 100vw, (max-width: 640px) 100vw, 1024px\" \/><\/span><\/div><div class=\"fusion-separator fusion-full-width-sep\" style=\"align-self: center;margin-left: auto;margin-right: auto;margin-top:15px;margin-bottom:15px;width:100%;\"><div class=\"fusion-separator-border sep-single\" style=\"--awb-height:20px;--awb-amount:20px;border-color:#e0dede;border-top-width:0px;\"><\/div><\/div><div class=\"fusion-separator fusion-full-width-sep\" style=\"align-self: center;margin-left: auto;margin-right: auto;margin-top:15px;margin-bottom:15px;width:100%;\"><div class=\"fusion-separator-border sep-single\" style=\"--awb-height:20px;--awb-amount:20px;border-color:#e0dede;border-top-width:0px;\"><\/div><\/div><\/div><\/div><\/div><\/div><div class=\"fusion-fullwidth fullwidth-box fusion-builder-row-2 fusion-flex-container nonhundred-percent-fullwidth non-hundred-percent-height-scrolling\" style=\"--awb-border-radius-top-left:0px;--awb-border-radius-top-right:0px;--awb-border-radius-bottom-right:0px;--awb-border-radius-bottom-left:0px;--awb-flex-wrap:wrap;\" ><div class=\"fusion-builder-row fusion-row fusion-flex-align-items-flex-start fusion-flex-content-wrap\" style=\"max-width:1216.8px;margin-left: calc(-4% \/ 2 );margin-right: calc(-4% \/ 2 );\"><div class=\"fusion-layout-column fusion_builder_column fusion-builder-column-1 fusion_builder_column_1_5 1_5 fusion-flex-column\" style=\"--awb-bg-size:cover;--awb-width-large:20%;--awb-margin-top-large:0px;--awb-spacing-right-large:9.6%;--awb-margin-bottom-large:20px;--awb-spacing-left-large:9.6%;--awb-width-medium:100%;--awb-order-medium:0;--awb-spacing-right-medium:1.92%;--awb-spacing-left-medium:1.92%;--awb-width-small:100%;--awb-order-small:0;--awb-spacing-right-small:1.92%;--awb-spacing-left-small:1.92%;\"><div class=\"fusion-column-wrapper fusion-column-has-shadow fusion-flex-justify-content-flex-start fusion-content-layout-column\"><\/div><\/div><div class=\"fusion-layout-column fusion_builder_column fusion-builder-column-2 fusion_builder_column_3_5 3_5 fusion-flex-column\" style=\"--awb-bg-size:cover;--awb-width-large:60%;--awb-margin-top-large:0px;--awb-spacing-right-large:3.2%;--awb-margin-bottom-large:20px;--awb-spacing-left-large:3.2%;--awb-width-medium:100%;--awb-order-medium:0;--awb-spacing-right-medium:1.92%;--awb-spacing-left-medium:1.92%;--awb-width-small:100%;--awb-order-small:0;--awb-spacing-right-small:1.92%;--awb-spacing-left-small:1.92%;\"><div class=\"fusion-column-wrapper fusion-column-has-shadow fusion-flex-justify-content-flex-start fusion-content-layout-column\"><div class=\"fusion-title title fusion-title-1 fusion-sep-none fusion-title-text fusion-title-size-one\"><h1 class=\"fusion-title-heading title-heading-left\" style=\"margin:0;\"><h2><strong>50a50 comparece en el Parlament de Catalunya<\/strong><\/h2><\/h1><\/div><div class=\"fusion-separator fusion-full-width-sep\" style=\"align-self: center;margin-left: auto;margin-right: auto;margin-top:15px;margin-bottom:15px;width:100%;\"><div class=\"fusion-separator-border sep-single\" style=\"--awb-height:20px;--awb-amount:20px;border-color:#e0dede;border-top-width:0px;\"><\/div><\/div><div class=\"fusion-separator fusion-full-width-sep\" style=\"align-self: center;margin-left: auto;margin-right: auto;margin-top:15px;margin-bottom:15px;width:100%;\"><div class=\"fusion-separator-border sep-single\" style=\"--awb-height:20px;--awb-amount:20px;border-color:#e0dede;border-top-width:0px;\"><\/div><\/div><div class=\"fusion-text fusion-text-1\"><p>La Asociaci\u00f3n 50a50 ha sido convocada a una comparecencia en el Parlament de Catalunya, concretamente en la Comisi\u00f3n de Igualdad y Feminismos, para aportar nuestro punto de vista sobre qu\u00e9 medidas legislativas se podr\u00edan llevar a cabo para mejorar la situaci\u00f3n de todas las mujeres.<\/p>\n<p>El lunes 18 de julio, la presidenta de 50a50, Anna Mercad\u00e9 i Ferrando, y la vicepresidenta, Mar Gaya i Qui\u00f1onero, han sido las encargadas de intervenir en la Comisi\u00f3n, a petici\u00f3n de la diputada socialista Gemma Lienas. Los contactos con Lienas tienen un largo recorrido y se enmarcan en la l\u00ednea de acci\u00f3n de lobby de la entidad, junto con las reuniones con otras pol\u00edticas, como la diputada de Esquerra Jenn D\u00edaz, siguiendo la l\u00ednea de neutralidad pol\u00edtica de asociaci\u00f3n.<\/p>\n<p>En la Comisi\u00f3n, tambi\u00e9n ha intervenido la sindicalista Eva M. Gajardo Rodr\u00edguez, secretaria de Igualdad y Formaci\u00f3n de UGT Catalunya.<\/p>\n<p>Como p\u00fablico, ha asistido una generosa representaci\u00f3n de la junta directiva de 50a50, que ha apoyado a Mercad\u00e9 y Gaya en su intervenci\u00f3n.<\/p>\n<p>La ponencia de las representantes de 50a50 se ha centrado en la necesidad de legislar la paridad en las posiciones de decisi\u00f3n y ha sido muy bien recibida por las parlamentarias, como demuestra el hecho de que han valorado la participaci\u00f3n de 50a50 en otras comisiones, como en la de Econom\u00eda y Hacienda.<\/p>\n<p>La Asociaci\u00f3n 50a50 quiere agradecer p\u00fablicamente a Gemma Lienas por su invitaci\u00f3n y a todas las parlamentarias miembros de la Comisi\u00f3n de Igualdad por la oportunidad de exponer nuestro punto de vista sobre c\u00f3mo avanzar hacia la consecuci\u00f3n del ODS 5 de la Agenda 2030 de Naciones Unidas.<\/p>\n<\/div><\/div><\/div><div class=\"fusion-layout-column fusion_builder_column fusion-builder-column-3 fusion_builder_column_1_5 1_5 fusion-flex-column\" style=\"--awb-bg-size:cover;--awb-width-large:20%;--awb-margin-top-large:0px;--awb-spacing-right-large:9.6%;--awb-margin-bottom-large:20px;--awb-spacing-left-large:9.6%;--awb-width-medium:100%;--awb-order-medium:0;--awb-spacing-right-medium:1.92%;--awb-spacing-left-medium:1.92%;--awb-width-small:100%;--awb-order-small:0;--awb-spacing-right-small:1.92%;--awb-spacing-left-small:1.92%;\"><div class=\"fusion-column-wrapper fusion-column-has-shadow fusion-flex-justify-content-flex-start fusion-content-layout-column\"><\/div><\/div><\/div><\/div><\/p>\n","protected":false},"excerpt":{"rendered":"<p>La Asociaci\u00f3n 50a50 ha sido convocada a una comparecencia en el Parlament de Catalunya, concretamente en la Comisi\u00f3n de Igualdad y Feminismos, para aportar nuestro punto de vista sobre qu\u00e9 medidas legislativas se podr\u00edan llevar a cabo para mejorar la situaci\u00f3n de todas las mujeres.<\/p>\n","protected":false},"author":1,"featured_media":8244,"comment_status":"closed","ping_status":"closed","sticky":false,"template":"","format":"standard","meta":{"footnotes":""},"categories":[57],"tags":[319,261,285],"class_list":["post-8246","post","type-post","status-publish","format-standard","has-post-thumbnail","hentry","category-50a50-es","tag-feminismo","tag-lobby-es","tag-paridad"],"aioseo_notices":[],"_links":{"self":[{"href":"https:\/\/www.50a50.org\/es\/wp-json\/wp\/v2\/posts\/8246","targetHints":{"allow":["GET"]}}],"collection":[{"href":"https:\/\/www.50a50.org\/es\/wp-json\/wp\/v2\/posts"}],"about":[{"href":"https:\/\/www.50a50.org\/es\/wp-json\/wp\/v2\/types\/post"}],"author":[{"embeddable":true,"href":"https:\/\/www.50a50.org\/es\/wp-json\/wp\/v2\/users\/1"}],"replies":[{"embeddable":true,"href":"https:\/\/www.50a50.org\/es\/wp-json\/wp\/v2\/comments?post=8246"}],"version-history":[{"count":0,"href":"https:\/\/www.50a50.org\/es\/wp-json\/wp\/v2\/posts\/8246\/revisions"}],"wp:featuredmedia":[{"embeddable":true,"href":"https:\/\/www.50a50.org\/es\/wp-json\/wp\/v2\/media\/8244"}],"wp:attachment":[{"href":"https:\/\/www.50a50.org\/es\/wp-json\/wp\/v2\/media?parent=8246"}],"wp:term":[{"taxonomy":"category","embeddable":true,"href":"https:\/\/www.50a50.org\/es\/wp-json\/wp\/v2\/categories?post=8246"},{"taxonomy":"post_tag","embeddable":true,"href":"https:\/\/www.50a50.org\/es\/wp-json\/wp\/v2\/tags?post=8246"}],"curies":[{"name":"wp","href":"https:\/\/api.w.org\/{rel}","templated":true}]}}