{"id":7368,"date":"2021-06-10T12:04:19","date_gmt":"2021-06-10T12:04:19","guid":{"rendered":"https:\/\/www.50a50.org\/?p=7368"},"modified":"2021-06-10T12:04:21","modified_gmt":"2021-06-10T12:04:21","slug":"el-impacto-de-la-pandemia-y-la-crisis-sobre-la-salud-mental-en-el-ciclo-hipatia","status":"publish","type":"post","link":"https:\/\/www.50a50.org\/es\/el-impacto-de-la-pandemia-y-la-crisis-sobre-la-salud-mental-en-el-ciclo-hipatia\/","title":{"rendered":"El impacto de la pandemia y la crisis sobre la salud mental, en el Ciclo Hipatia"},"content":{"rendered":"<p><div class=\"fusion-fullwidth fullwidth-box fusion-builder-row-1 fusion-flex-container nonhundred-percent-fullwidth non-hundred-percent-height-scrolling\" style=\"--awb-border-radius-top-left:0px;--awb-border-radius-top-right:0px;--awb-border-radius-bottom-right:0px;--awb-border-radius-bottom-left:0px;--awb-flex-wrap:wrap;\" ><div class=\"fusion-builder-row fusion-row fusion-flex-align-items-flex-start fusion-flex-content-wrap\" style=\"max-width:1216.8px;margin-left: calc(-4% \/ 2 );margin-right: calc(-4% \/ 2 );\"><div class=\"fusion-layout-column fusion_builder_column fusion-builder-column-0 fusion_builder_column_1_1 1_1 fusion-flex-column\" style=\"--awb-bg-size:cover;--awb-width-large:100%;--awb-margin-top-large:0px;--awb-spacing-right-large:1.92%;--awb-margin-bottom-large:20px;--awb-spacing-left-large:1.92%;--awb-width-medium:100%;--awb-order-medium:0;--awb-spacing-right-medium:1.92%;--awb-spacing-left-medium:1.92%;--awb-width-small:100%;--awb-order-small:0;--awb-spacing-right-small:1.92%;--awb-spacing-left-small:1.92%;\"><div class=\"fusion-column-wrapper fusion-column-has-shadow fusion-flex-justify-content-flex-start fusion-content-layout-column\"><div class=\"fusion-image-element \" style=\"text-align:center;--awb-max-width:2000px;--awb-caption-title-font-family:var(--h2_typography-font-family);--awb-caption-title-font-weight:var(--h2_typography-font-weight);--awb-caption-title-font-style:var(--h2_typography-font-style);--awb-caption-title-size:var(--h2_typography-font-size);--awb-caption-title-transform:var(--h2_typography-text-transform);--awb-caption-title-line-height:var(--h2_typography-line-height);--awb-caption-title-letter-spacing:var(--h2_typography-letter-spacing);\"><span class=\" fusion-imageframe imageframe-none imageframe-1 hover-type-none\"><img decoding=\"async\" width=\"1654\" height=\"1078\" title=\"Cicle Hip\u00e0tia 2021 &#8211; salut mental\" src=\"https:\/\/www.50a50.org\/wp-content\/uploads\/2021\/06\/Cicle-Hipatia-2021-salut-mental.png\" alt class=\"img-responsive wp-image-7366\" srcset=\"https:\/\/www.50a50.org\/wp-content\/uploads\/2021\/06\/Cicle-Hipatia-2021-salut-mental-200x130.png 200w, https:\/\/www.50a50.org\/wp-content\/uploads\/2021\/06\/Cicle-Hipatia-2021-salut-mental-400x261.png 400w, https:\/\/www.50a50.org\/wp-content\/uploads\/2021\/06\/Cicle-Hipatia-2021-salut-mental-600x391.png 600w, https:\/\/www.50a50.org\/wp-content\/uploads\/2021\/06\/Cicle-Hipatia-2021-salut-mental-800x521.png 800w, https:\/\/www.50a50.org\/wp-content\/uploads\/2021\/06\/Cicle-Hipatia-2021-salut-mental-1200x782.png 1200w, https:\/\/www.50a50.org\/wp-content\/uploads\/2021\/06\/Cicle-Hipatia-2021-salut-mental.png 1654w\" sizes=\"(max-width: 1024px) 100vw, (max-width: 640px) 100vw, 1200px\" \/><\/span><\/div><div class=\"fusion-separator fusion-full-width-sep\" style=\"align-self: center;margin-left: auto;margin-right: auto;margin-top:15px;margin-bottom:15px;width:100%;\"><div class=\"fusion-separator-border sep-single\" style=\"--awb-height:20px;--awb-amount:20px;border-color:#e0dede;border-top-width:0px;\"><\/div><\/div><div class=\"fusion-separator fusion-full-width-sep\" style=\"align-self: center;margin-left: auto;margin-right: auto;margin-top:15px;margin-bottom:15px;width:100%;\"><div class=\"fusion-separator-border sep-single\" style=\"--awb-height:20px;--awb-amount:20px;border-color:#e0dede;border-top-width:0px;\"><\/div><\/div><\/div><\/div><\/div><\/div><div class=\"fusion-fullwidth fullwidth-box fusion-builder-row-2 fusion-flex-container nonhundred-percent-fullwidth non-hundred-percent-height-scrolling\" style=\"--awb-border-radius-top-left:0px;--awb-border-radius-top-right:0px;--awb-border-radius-bottom-right:0px;--awb-border-radius-bottom-left:0px;--awb-flex-wrap:wrap;\" ><div class=\"fusion-builder-row fusion-row fusion-flex-align-items-flex-start fusion-flex-content-wrap\" style=\"max-width:1216.8px;margin-left: calc(-4% \/ 2 );margin-right: calc(-4% \/ 2 );\"><div class=\"fusion-layout-column fusion_builder_column fusion-builder-column-1 fusion_builder_column_1_5 1_5 fusion-flex-column\" style=\"--awb-bg-size:cover;--awb-width-large:20%;--awb-margin-top-large:0px;--awb-spacing-right-large:9.6%;--awb-margin-bottom-large:20px;--awb-spacing-left-large:9.6%;--awb-width-medium:100%;--awb-order-medium:0;--awb-spacing-right-medium:1.92%;--awb-spacing-left-medium:1.92%;--awb-width-small:100%;--awb-order-small:0;--awb-spacing-right-small:1.92%;--awb-spacing-left-small:1.92%;\"><div class=\"fusion-column-wrapper fusion-column-has-shadow fusion-flex-justify-content-flex-start fusion-content-layout-column\"><\/div><\/div><div class=\"fusion-layout-column fusion_builder_column fusion-builder-column-2 fusion_builder_column_3_5 3_5 fusion-flex-column\" style=\"--awb-bg-size:cover;--awb-width-large:60%;--awb-margin-top-large:0px;--awb-spacing-right-large:3.2%;--awb-margin-bottom-large:20px;--awb-spacing-left-large:3.2%;--awb-width-medium:100%;--awb-order-medium:0;--awb-spacing-right-medium:1.92%;--awb-spacing-left-medium:1.92%;--awb-width-small:100%;--awb-order-small:0;--awb-spacing-right-small:1.92%;--awb-spacing-left-small:1.92%;\"><div class=\"fusion-column-wrapper fusion-column-has-shadow fusion-flex-justify-content-flex-start fusion-content-layout-column\"><div class=\"fusion-title title fusion-title-1 fusion-sep-none fusion-title-text fusion-title-size-one\"><h1 class=\"fusion-title-heading title-heading-left\" style=\"margin:0;\"><h2>El impacto de la pandemia y la crisis sobre la salud mental, en el Ciclo Hipatia<\/h2><\/h1><\/div><div class=\"fusion-separator fusion-full-width-sep\" style=\"align-self: center;margin-left: auto;margin-right: auto;margin-top:15px;margin-bottom:15px;width:100%;\"><div class=\"fusion-separator-border sep-single\" style=\"--awb-height:20px;--awb-amount:20px;border-color:#e0dede;border-top-width:0px;\"><\/div><\/div><div class=\"fusion-separator fusion-full-width-sep\" style=\"align-self: center;margin-left: auto;margin-right: auto;margin-top:15px;margin-bottom:15px;width:100%;\"><div class=\"fusion-separator-border sep-single\" style=\"--awb-height:20px;--awb-amount:20px;border-color:#e0dede;border-top-width:0px;\"><\/div><\/div><div class=\"fusion-text fusion-text-1\"><p>El Foro Hipatia, liderado por la Asociaci\u00f3n 50a50 y formado por 23 entidades que trabajan por la igualdad efectiva y real entre mujeres y hombres, lanza la convocatoria de la segunda sesi\u00f3n del <strong>Ciclo Hipatia<\/strong>, que se centrar\u00e1 en <strong>el impacto de la pandemia y la crisis sobre la salud mental desde la perspectiva de g\u00e9nero.<\/strong><\/p>\n<p>Esta sesi\u00f3n, que tendr\u00e1 lugar el <strong>martes 6 de julio de 18 a 19.30 horas en formato telem\u00e1tico<\/strong>, abordar\u00e1 una de las consecuencias m\u00e1s graves y m\u00e1s silenciadas que est\u00e1 teniendo la crisis triple de la pandemia, como es el efecto sobre la salud mental, que en mayor medida est\u00e1 afectando a los colectivos m\u00e1s vulnerables, como el de las mujeres. Con esta tertulia, el Foro Hipatia denuncia la invisibilidad que est\u00e1 recibiendo esta problem\u00e1tica y exige soluciones urgentes a la administraci\u00f3n, para una crisis que se adivina de muy largo plazo.<\/p>\n<p>Bajo el t\u00edtulo \u00abImpacto de la pandemia y la triple crisis en la salud mental desde la perspectiva de g\u00e9nero\u00bb, esta segunda sesi\u00f3n del Ciclo Hipatia contar\u00e1 como ponentes con:<\/p>\n<ul>\n<li><strong>Anna Mercad\u00e9 y Ferrando<\/strong>, presidenta de la Asociaci\u00f3n 50a50, que har\u00e1 la introducci\u00f3n en nombre del Foro Hipatia.<\/li>\n<li><strong>Anna Oliv\u00e9 i Torralba<\/strong>, de Medicina General y Psicogeriatr\u00eda del Hospital Mare de Deu de la Merc\u00e8, miembro de la junta de Metgesses.cat y vicepresidenta de las secciones de m\u00e9dicos de residencias y del \u00e1mbito socio-sanitario del CoMB.<\/li>\n<li><strong>Gemma Parramon Puig<\/strong>, jefa de secci\u00f3n del Servicio de Psiquiatr\u00eda del Hospital de la Vall d&#8217;Hebron.<\/li>\n<li><strong>Dolores Liria<\/strong>, psic\u00f3loga y comisionada de Desarrollo Profesional y Empleabilidad en el Colegio Oficial de Psicolog\u00eda de Catalu\u00f1a.<\/li>\n<li><strong>Leticia Asenjo Huete<\/strong>, directora t\u00e9cnica de EDAI.<\/li>\n<li><strong>Alba Luque Tint\u00f3<\/strong>, enfermera de la Unidad de Hospitalizaci\u00f3n Domiciliaria de Salud Mental en la Fundaci\u00f3n Sanitaria Mollet del Vall\u00e9s.<\/li>\n<\/ul>\n<p>El Foro Hipatia escenifica la uni\u00f3n de las asociaciones de mujeres empresarias, directivas y profesionales trabajando por un mismo objetivo, la presencia equitativa de mujeres en puestos de decisi\u00f3n, de acuerdo con el <strong>Objetivo de Desarrollo Sostenible 5 de la Agenda 2030 de Naciones Unidas.<\/strong><\/p>\n<p>Las jornadas del Ciclo Hipatia est\u00e1n abiertas, de forma gratuita, a todas las personas interesadas en reflexionar y avanzar hacia la igualdad real entre mujeres y hombres. Para participar en la segunda sesi\u00f3n, <strong>hay que inscribirse a trav\u00e9s de este <a href=\"https:\/\/www.eventbrite.es\/e\/entradas-cicle-hipatia-2021-salut-mental-158891935055\"><u>enlace<\/u><\/a><\/strong>. Las personas correctamente inscritas recibir\u00e1n por correo el enlace de la reuni\u00f3n, que se har\u00e1 a trav\u00e9s de Zoom. Las inscripciones se cierran el mismo d\u00eda del evento a las 10h.<\/p>\n<\/div><div class=\"fusion-separator fusion-full-width-sep\" style=\"align-self: center;margin-left: auto;margin-right: auto;margin-top:15px;margin-bottom:15px;width:100%;\"><div class=\"fusion-separator-border sep-single\" style=\"--awb-height:20px;--awb-amount:20px;border-color:#e0dede;border-top-width:0px;\"><\/div><\/div><div style=\"text-align:center;\"><a class=\"fusion-button button-flat fusion-button-default-size button-default fusion-button-default button-1 fusion-button-default-span fusion-button-default-type\" target=\"_self\" href=\"https:\/\/www.eventbrite.es\/e\/entradas-cicle-hipatia-2021-salut-mental-158891935055\"><span class=\"fusion-button-text awb-button__text awb-button__text--default\">Inscr\u00edbete a la segunda sesi\u00f3n del Ciclo Hipatia<\/span><\/a><\/div><\/div><\/div><div class=\"fusion-layout-column fusion_builder_column fusion-builder-column-3 fusion_builder_column_1_5 1_5 fusion-flex-column\" style=\"--awb-bg-size:cover;--awb-width-large:20%;--awb-margin-top-large:0px;--awb-spacing-right-large:9.6%;--awb-margin-bottom-large:20px;--awb-spacing-left-large:9.6%;--awb-width-medium:100%;--awb-order-medium:0;--awb-spacing-right-medium:1.92%;--awb-spacing-left-medium:1.92%;--awb-width-small:100%;--awb-order-small:0;--awb-spacing-right-small:1.92%;--awb-spacing-left-small:1.92%;\"><div class=\"fusion-column-wrapper fusion-column-has-shadow fusion-flex-justify-content-flex-start fusion-content-layout-column\"><\/div><\/div><\/div><\/div><\/p>\n","protected":false},"excerpt":{"rendered":"<p>El Foro Hipatia, liderado por la Asociaci\u00f3n 50a50 y formado por 23 entidades que trabajan por la igualdad efectiva y real entre mujeres y hombres, lanza la convocatoria de la segunda sesi\u00f3n del Ciclo Hipatia, que se centrar\u00e1 en el impacto de la pandemia y la crisis sobre la salud mental desde la perspectiva de g\u00e9nero.<\/p>\n","protected":false},"author":1,"featured_media":7366,"comment_status":"closed","ping_status":"closed","sticky":false,"template":"","format":"standard","meta":{"footnotes":""},"categories":[251],"tags":[],"class_list":["post-7368","post","type-post","status-publish","format-standard","has-post-thumbnail","hentry","category-activitats-es"],"aioseo_notices":[],"aioseo_head":"\n\t\t<!-- All in One SEO 5.0.0.1 - aioseo.com -->\n\t<meta name=\"robots\" content=\"max-image-preview:large\" \/>\n\t<meta name=\"author\" content=\"50a50\"\/>\n\t<link rel=\"canonical\" href=\"https:\/\/www.50a50.org\/es\/el-impacto-de-la-pandemia-y-la-crisis-sobre-la-salud-mental-en-el-ciclo-hipatia\/\" \/>\n\t<meta name=\"generator\" content=\"All in One SEO (AIOSEO) 5.0.0.1\" \/>\n\t\t<meta property=\"og:locale\" content=\"es_ES\" \/>\n\t\t<meta property=\"og:site_name\" content=\"50a50 | Dones directives i professionals per la paritat\" \/>\n\t\t<meta property=\"og:type\" content=\"article\" \/>\n\t\t<meta property=\"og:title\" content=\"El impacto de la pandemia y la crisis sobre la salud mental, en el Ciclo Hipatia | 50a50\" \/>\n\t\t<meta property=\"og:url\" content=\"https:\/\/www.50a50.org\/es\/el-impacto-de-la-pandemia-y-la-crisis-sobre-la-salud-mental-en-el-ciclo-hipatia\/\" \/>\n\t\t<meta property=\"article:published_time\" content=\"2021-06-10T12:04:19+00:00\" \/>\n\t\t<meta property=\"article:modified_time\" content=\"2021-06-10T12:04:21+00:00\" \/>\n\t\t<meta name=\"twitter:card\" content=\"summary\" \/>\n\t\t<meta name=\"twitter:title\" content=\"El impacto de la pandemia y la crisis sobre la salud mental, en el Ciclo Hipatia | 50a50\" \/>\n\t\t<script type=\"application\/ld+json\" class=\"aioseo-schema\">\n\t\t\t{\"@context\":\"https:\\\/\\\/schema.org\",\"@graph\":[{\"@type\":\"Article\",\"@id\":\"https:\\\/\\\/www.50a50.org\\\/es\\\/el-impacto-de-la-pandemia-y-la-crisis-sobre-la-salud-mental-en-el-ciclo-hipatia\\\/#article\",\"name\":\"El impacto de la pandemia y la crisis sobre la salud mental, en el Ciclo Hipatia | 50a50\",\"headline\":\"El impacto de la pandemia y la crisis sobre la salud mental, en el Ciclo Hipatia\",\"author\":{\"@id\":\"https:\\\/\\\/www.50a50.org\\\/es\\\/author\\\/backoffice\\\/#author\"},\"publisher\":{\"@id\":\"https:\\\/\\\/www.50a50.org\\\/es\\\/#organization\"},\"image\":{\"@type\":\"ImageObject\",\"url\":\"https:\\\/\\\/www.50a50.org\\\/wp-content\\\/uploads\\\/2021\\\/06\\\/Cicle-Hipatia-2021-salut-mental.png\",\"width\":1654,\"height\":1078},\"datePublished\":\"2021-06-10T12:04:19+00:00\",\"dateModified\":\"2021-06-10T12:04:21+00:00\",\"inLanguage\":\"es-ES\",\"mainEntityOfPage\":{\"@id\":\"https:\\\/\\\/www.50a50.org\\\/es\\\/el-impacto-de-la-pandemia-y-la-crisis-sobre-la-salud-mental-en-el-ciclo-hipatia\\\/#webpage\"},\"isPartOf\":{\"@id\":\"https:\\\/\\\/www.50a50.org\\\/es\\\/el-impacto-de-la-pandemia-y-la-crisis-sobre-la-salud-mental-en-el-ciclo-hipatia\\\/#webpage\"},\"articleSection\":\"Actividades\"},{\"@type\":\"BreadcrumbList\",\"@id\":\"https:\\\/\\\/www.50a50.org\\\/es\\\/el-impacto-de-la-pandemia-y-la-crisis-sobre-la-salud-mental-en-el-ciclo-hipatia\\\/#breadcrumblist\",\"itemListElement\":[{\"@type\":\"ListItem\",\"@id\":\"https:\\\/\\\/www.50a50.org\\\/es\\\/#listItem\",\"position\":1,\"name\":\"Home\",\"item\":\"https:\\\/\\\/www.50a50.org\\\/es\\\/\",\"nextItem\":{\"@type\":\"ListItem\",\"@id\":\"https:\\\/\\\/www.50a50.org\\\/es\\\/category\\\/activitats-es\\\/#listItem\",\"name\":\"Actividades\"}},{\"@type\":\"ListItem\",\"@id\":\"https:\\\/\\\/www.50a50.org\\\/es\\\/category\\\/activitats-es\\\/#listItem\",\"position\":2,\"name\":\"Actividades\",\"item\":\"https:\\\/\\\/www.50a50.org\\\/es\\\/category\\\/activitats-es\\\/\",\"nextItem\":{\"@type\":\"ListItem\",\"@id\":\"https:\\\/\\\/www.50a50.org\\\/es\\\/el-impacto-de-la-pandemia-y-la-crisis-sobre-la-salud-mental-en-el-ciclo-hipatia\\\/#listItem\",\"name\":\"El impacto de la pandemia y la crisis sobre la salud mental, en el Ciclo Hipatia\"},\"previousItem\":{\"@type\":\"ListItem\",\"@id\":\"https:\\\/\\\/www.50a50.org\\\/es\\\/#listItem\",\"name\":\"Home\"}},{\"@type\":\"ListItem\",\"@id\":\"https:\\\/\\\/www.50a50.org\\\/es\\\/el-impacto-de-la-pandemia-y-la-crisis-sobre-la-salud-mental-en-el-ciclo-hipatia\\\/#listItem\",\"position\":3,\"name\":\"El impacto de la pandemia y la crisis sobre la salud mental, en el Ciclo Hipatia\",\"previousItem\":{\"@type\":\"ListItem\",\"@id\":\"https:\\\/\\\/www.50a50.org\\\/es\\\/category\\\/activitats-es\\\/#listItem\",\"name\":\"Actividades\"}}]},{\"@type\":\"Organization\",\"@id\":\"https:\\\/\\\/www.50a50.org\\\/es\\\/#organization\",\"name\":\"50a50\",\"description\":\"Dones directives i professionals per la paritat\",\"url\":\"https:\\\/\\\/www.50a50.org\\\/es\\\/\"},{\"@type\":\"Person\",\"@id\":\"https:\\\/\\\/www.50a50.org\\\/es\\\/author\\\/backoffice\\\/#author\",\"url\":\"https:\\\/\\\/www.50a50.org\\\/es\\\/author\\\/backoffice\\\/\",\"name\":\"50a50\"},{\"@type\":\"WebPage\",\"@id\":\"https:\\\/\\\/www.50a50.org\\\/es\\\/el-impacto-de-la-pandemia-y-la-crisis-sobre-la-salud-mental-en-el-ciclo-hipatia\\\/#webpage\",\"url\":\"https:\\\/\\\/www.50a50.org\\\/es\\\/el-impacto-de-la-pandemia-y-la-crisis-sobre-la-salud-mental-en-el-ciclo-hipatia\\\/\",\"name\":\"El impacto de la pandemia y la crisis sobre la salud mental, en el Ciclo Hipatia | 50a50\",\"inLanguage\":\"es-ES\",\"isPartOf\":{\"@id\":\"https:\\\/\\\/www.50a50.org\\\/es\\\/#website\"},\"breadcrumb\":{\"@id\":\"https:\\\/\\\/www.50a50.org\\\/es\\\/el-impacto-de-la-pandemia-y-la-crisis-sobre-la-salud-mental-en-el-ciclo-hipatia\\\/#breadcrumblist\"},\"author\":{\"@id\":\"https:\\\/\\\/www.50a50.org\\\/es\\\/author\\\/backoffice\\\/#author\"},\"creator\":{\"@id\":\"https:\\\/\\\/www.50a50.org\\\/es\\\/author\\\/backoffice\\\/#author\"},\"image\":{\"@type\":\"ImageObject\",\"url\":\"https:\\\/\\\/www.50a50.org\\\/wp-content\\\/uploads\\\/2021\\\/06\\\/Cicle-Hipatia-2021-salut-mental.png\",\"@id\":\"https:\\\/\\\/www.50a50.org\\\/es\\\/el-impacto-de-la-pandemia-y-la-crisis-sobre-la-salud-mental-en-el-ciclo-hipatia\\\/#mainImage\",\"width\":1654,\"height\":1078},\"primaryImageOfPage\":{\"@id\":\"https:\\\/\\\/www.50a50.org\\\/es\\\/el-impacto-de-la-pandemia-y-la-crisis-sobre-la-salud-mental-en-el-ciclo-hipatia\\\/#mainImage\"},\"datePublished\":\"2021-06-10T12:04:19+00:00\",\"dateModified\":\"2021-06-10T12:04:21+00:00\"},{\"@type\":\"WebSite\",\"@id\":\"https:\\\/\\\/www.50a50.org\\\/es\\\/#website\",\"url\":\"https:\\\/\\\/www.50a50.org\\\/es\\\/\",\"name\":\"50a50\",\"description\":\"Dones directives i professionals per la paritat\",\"inLanguage\":\"es-ES\",\"publisher\":{\"@id\":\"https:\\\/\\\/www.50a50.org\\\/es\\\/#organization\"}}]}\n\t\t<\/script>\n\t\t<!-- All in One SEO -->\n\n","aioseo_head_json":{"title":"El impacto de la pandemia y la crisis sobre la salud mental, en el Ciclo Hipatia | 50a50","description":"","canonical_url":"https:\/\/www.50a50.org\/es\/el-impacto-de-la-pandemia-y-la-crisis-sobre-la-salud-mental-en-el-ciclo-hipatia\/","robots":"max-image-preview:large","keywords":"","webmasterTools":{"miscellaneous":""},"schema":{"@context":"https:\/\/schema.org","@graph":[{"@type":"Article","@id":"https:\/\/www.50a50.org\/es\/el-impacto-de-la-pandemia-y-la-crisis-sobre-la-salud-mental-en-el-ciclo-hipatia\/#article","name":"El impacto de la pandemia y la crisis sobre la salud mental, en el Ciclo Hipatia | 50a50","headline":"El impacto de la pandemia y la crisis sobre la salud mental, en el Ciclo Hipatia","author":{"@id":"https:\/\/www.50a50.org\/es\/author\/backoffice\/#author"},"publisher":{"@id":"https:\/\/www.50a50.org\/es\/#organization"},"image":{"@type":"ImageObject","url":"https:\/\/www.50a50.org\/wp-content\/uploads\/2021\/06\/Cicle-Hipatia-2021-salut-mental.png","width":1654,"height":1078},"datePublished":"2021-06-10T12:04:19+00:00","dateModified":"2021-06-10T12:04:21+00:00","inLanguage":"es-ES","mainEntityOfPage":{"@id":"https:\/\/www.50a50.org\/es\/el-impacto-de-la-pandemia-y-la-crisis-sobre-la-salud-mental-en-el-ciclo-hipatia\/#webpage"},"isPartOf":{"@id":"https:\/\/www.50a50.org\/es\/el-impacto-de-la-pandemia-y-la-crisis-sobre-la-salud-mental-en-el-ciclo-hipatia\/#webpage"},"articleSection":"Actividades"},{"@type":"BreadcrumbList","@id":"https:\/\/www.50a50.org\/es\/el-impacto-de-la-pandemia-y-la-crisis-sobre-la-salud-mental-en-el-ciclo-hipatia\/#breadcrumblist","itemListElement":[{"@type":"ListItem","@id":"https:\/\/www.50a50.org\/es\/#listItem","position":1,"name":"Home","item":"https:\/\/www.50a50.org\/es\/","nextItem":{"@type":"ListItem","@id":"https:\/\/www.50a50.org\/es\/category\/activitats-es\/#listItem","name":"Actividades"}},{"@type":"ListItem","@id":"https:\/\/www.50a50.org\/es\/category\/activitats-es\/#listItem","position":2,"name":"Actividades","item":"https:\/\/www.50a50.org\/es\/category\/activitats-es\/","nextItem":{"@type":"ListItem","@id":"https:\/\/www.50a50.org\/es\/el-impacto-de-la-pandemia-y-la-crisis-sobre-la-salud-mental-en-el-ciclo-hipatia\/#listItem","name":"El impacto de la pandemia y la crisis sobre la salud mental, en el Ciclo Hipatia"},"previousItem":{"@type":"ListItem","@id":"https:\/\/www.50a50.org\/es\/#listItem","name":"Home"}},{"@type":"ListItem","@id":"https:\/\/www.50a50.org\/es\/el-impacto-de-la-pandemia-y-la-crisis-sobre-la-salud-mental-en-el-ciclo-hipatia\/#listItem","position":3,"name":"El impacto de la pandemia y la crisis sobre la salud mental, en el Ciclo Hipatia","previousItem":{"@type":"ListItem","@id":"https:\/\/www.50a50.org\/es\/category\/activitats-es\/#listItem","name":"Actividades"}}]},{"@type":"Organization","@id":"https:\/\/www.50a50.org\/es\/#organization","name":"50a50","description":"Dones directives i professionals per la paritat","url":"https:\/\/www.50a50.org\/es\/"},{"@type":"Person","@id":"https:\/\/www.50a50.org\/es\/author\/backoffice\/#author","url":"https:\/\/www.50a50.org\/es\/author\/backoffice\/","name":"50a50"},{"@type":"WebPage","@id":"https:\/\/www.50a50.org\/es\/el-impacto-de-la-pandemia-y-la-crisis-sobre-la-salud-mental-en-el-ciclo-hipatia\/#webpage","url":"https:\/\/www.50a50.org\/es\/el-impacto-de-la-pandemia-y-la-crisis-sobre-la-salud-mental-en-el-ciclo-hipatia\/","name":"El impacto de la pandemia y la crisis sobre la salud mental, en el Ciclo Hipatia | 50a50","inLanguage":"es-ES","isPartOf":{"@id":"https:\/\/www.50a50.org\/es\/#website"},"breadcrumb":{"@id":"https:\/\/www.50a50.org\/es\/el-impacto-de-la-pandemia-y-la-crisis-sobre-la-salud-mental-en-el-ciclo-hipatia\/#breadcrumblist"},"author":{"@id":"https:\/\/www.50a50.org\/es\/author\/backoffice\/#author"},"creator":{"@id":"https:\/\/www.50a50.org\/es\/author\/backoffice\/#author"},"image":{"@type":"ImageObject","url":"https:\/\/www.50a50.org\/wp-content\/uploads\/2021\/06\/Cicle-Hipatia-2021-salut-mental.png","@id":"https:\/\/www.50a50.org\/es\/el-impacto-de-la-pandemia-y-la-crisis-sobre-la-salud-mental-en-el-ciclo-hipatia\/#mainImage","width":1654,"height":1078},"primaryImageOfPage":{"@id":"https:\/\/www.50a50.org\/es\/el-impacto-de-la-pandemia-y-la-crisis-sobre-la-salud-mental-en-el-ciclo-hipatia\/#mainImage"},"datePublished":"2021-06-10T12:04:19+00:00","dateModified":"2021-06-10T12:04:21+00:00"},{"@type":"WebSite","@id":"https:\/\/www.50a50.org\/es\/#website","url":"https:\/\/www.50a50.org\/es\/","name":"50a50","description":"Dones directives i professionals per la paritat","inLanguage":"es-ES","publisher":{"@id":"https:\/\/www.50a50.org\/es\/#organization"}}]},"og:locale":"es_ES","og:site_name":"50a50 | Dones directives i professionals per la paritat","og:type":"article","og:title":"El impacto de la pandemia y la crisis sobre la salud mental, en el Ciclo Hipatia | 50a50","og:url":"https:\/\/www.50a50.org\/es\/el-impacto-de-la-pandemia-y-la-crisis-sobre-la-salud-mental-en-el-ciclo-hipatia\/","article:published_time":"2021-06-10T12:04:19+00:00","article:modified_time":"2021-06-10T12:04:21+00:00","twitter:card":"summary","twitter:title":"El impacto de la pandemia y la crisis sobre la salud mental, en el Ciclo Hipatia | 50a50"},"aioseo_meta_data":{"post_id":"7368","title":null,"description":null,"keywords":[],"keyphrases":{"focus":[],"additional":[]},"primary_term":null,"canonical_url":null,"og_title":null,"og_description":null,"og_object_type":"default","og_image_type":"default","og_image_url":null,"og_image_width":null,"og_image_height":null,"og_image_custom_url":null,"og_image_custom_fields":null,"og_video":"","og_custom_url":null,"og_article_section":null,"og_article_tags":[],"twitter_use_og":false,"twitter_card":"default","twitter_image_type":"default","twitter_image_url":null,"twitter_image_custom_url":null,"twitter_image_custom_fields":null,"twitter_title":null,"twitter_description":null,"schema":{"blockGraphs":[],"customGraphs":[],"default":{"data":{"Article":[],"Course":[],"Dataset":[],"FAQPage":[],"Movie":[],"Person":[],"Product":[],"ProductReview":[],"Car":[],"Recipe":[],"Service":[],"SoftwareApplication":[],"WebPage":[]},"graphName":"","isEnabled":true},"graphs":[]},"schema_type":"default","schema_type_options":"{\"article\":{\"articleType\":\"BlogPosting\"},\"course\":{\"name\":\"\",\"description\":\"\",\"provider\":\"\"},\"faq\":{\"pages\":[]},\"product\":{\"reviews\":[]},\"recipe\":{\"ingredients\":[],\"instructions\":[],\"keywords\":[]},\"software\":{\"reviews\":[],\"operatingSystems\":[]},\"webPage\":{\"webPageType\":\"WebPage\"}}","pillar_content":false,"robots_default":true,"robots_noindex":false,"robots_noarchive":false,"robots_nosnippet":false,"robots_nofollow":false,"robots_noimageindex":false,"robots_noodp":false,"robots_notranslate":false,"robots_max_snippet":"-1","robots_max_videopreview":"-1","robots_max_imagepreview":"large","priority":null,"frequency":"default","local_seo":{"locations":{"business":{"name":"","businessType":"","image":"","areaServed":"","urls":{"website":"","aboutPage":"","contactPage":""},"address":{"streetLine1":"","streetLine2":"","zipCode":"","city":"","state":"","country":"","addressFormat":"#streetLineOne\n#streetLineTwo\n#city, #state #zipCode"},"contact":{"phone":"","email":"","fax":""},"ids":{"vat":"","tax":"","chamberOfCommerce":""},"payment":{"priceRange":"","currenciesAccepted":"","methods":""}}},"openingHours":{"useDefaults":true,"show":true,"alwaysOpen":false,"use24hFormat":false,"timezone":"","labels":{"closed":"","alwaysOpen":""},"days":{"monday":{"open24h":false,"closed":false,"openTime":"09:00","closeTime":"17:00"},"tuesday":{"open24h":false,"closed":false,"openTime":"09:00","closeTime":"17:00"},"wednesday":{"open24h":false,"closed":false,"openTime":"09:00","closeTime":"17:00"},"thursday":{"open24h":false,"closed":false,"openTime":"09:00","closeTime":"17:00"},"friday":{"open24h":false,"closed":false,"openTime":"09:00","closeTime":"17:00"},"saturday":{"open24h":false,"closed":false,"openTime":"09:00","closeTime":"17:00"},"sunday":{"open24h":false,"closed":false,"openTime":"09:00","closeTime":"17:00"}}}},"breadcrumb_settings":null,"limit_modified_date":false,"ai":null,"created":"2021-06-10 12:00:57","updated":"2025-06-10 19:20:56","seo_analyzer_scan_date":null,"focus_keyword":null,"additional_keywords":null,"truseo_locale":null},"aioseo_breadcrumb":"<div class=\"aioseo-breadcrumbs\"><span class=\"aioseo-breadcrumb\">\n\t\t\t<a href=\"https:\/\/www.50a50.org\/es\/\" title=\"Home\">Home<\/a>\n\t\t<\/span><span class=\"aioseo-breadcrumb-separator\">&raquo;<\/span><span class=\"aioseo-breadcrumb\">\n\t\t\t<a href=\"https:\/\/www.50a50.org\/es\/category\/activitats-es\/\" title=\"Actividades\">Actividades<\/a>\n\t\t<\/span><span class=\"aioseo-breadcrumb-separator\">&raquo;<\/span><span class=\"aioseo-breadcrumb\">\n\t\t\tEl impacto de la pandemia y la crisis sobre la salud mental, en el Ciclo Hipatia\n\t\t<\/span><\/div>","aioseo_breadcrumb_json":[{"label":"Home","link":"https:\/\/www.50a50.org\/es\/"},{"label":"Actividades","link":"https:\/\/www.50a50.org\/es\/category\/activitats-es\/"},{"label":"El impacto de la pandemia y la crisis sobre la salud mental, en el Ciclo Hipatia","link":"https:\/\/www.50a50.org\/es\/el-impacto-de-la-pandemia-y-la-crisis-sobre-la-salud-mental-en-el-ciclo-hipatia\/"}],"_links":{"self":[{"href":"https:\/\/www.50a50.org\/es\/wp-json\/wp\/v2\/posts\/7368","targetHints":{"allow":["GET"]}}],"collection":[{"href":"https:\/\/www.50a50.org\/es\/wp-json\/wp\/v2\/posts"}],"about":[{"href":"https:\/\/www.50a50.org\/es\/wp-json\/wp\/v2\/types\/post"}],"author":[{"embeddable":true,"href":"https:\/\/www.50a50.org\/es\/wp-json\/wp\/v2\/users\/1"}],"replies":[{"embeddable":true,"href":"https:\/\/www.50a50.org\/es\/wp-json\/wp\/v2\/comments?post=7368"}],"version-history":[{"count":0,"href":"https:\/\/www.50a50.org\/es\/wp-json\/wp\/v2\/posts\/7368\/revisions"}],"wp:featuredmedia":[{"embeddable":true,"href":"https:\/\/www.50a50.org\/es\/wp-json\/wp\/v2\/media\/7366"}],"wp:attachment":[{"href":"https:\/\/www.50a50.org\/es\/wp-json\/wp\/v2\/media?parent=7368"}],"wp:term":[{"taxonomy":"category","embeddable":true,"href":"https:\/\/www.50a50.org\/es\/wp-json\/wp\/v2\/categories?post=7368"},{"taxonomy":"post_tag","embeddable":true,"href":"https:\/\/www.50a50.org\/es\/wp-json\/wp\/v2\/tags?post=7368"}],"curies":[{"name":"wp","href":"https:\/\/api.w.org\/{rel}","templated":true}]}}