{"id":6784,"date":"2021-03-11T10:12:33","date_gmt":"2021-03-11T10:12:33","guid":{"rendered":"https:\/\/www.50a50.org\/?p=6784"},"modified":"2021-03-11T10:12:35","modified_gmt":"2021-03-11T10:12:35","slug":"los-cuidados-en-el-ciclo-de-liderazgo-femenino-durante-la-pandemia","status":"publish","type":"post","link":"https:\/\/www.50a50.org\/es\/los-cuidados-en-el-ciclo-de-liderazgo-femenino-durante-la-pandemia\/","title":{"rendered":"Los cuidados, en el ciclo de liderazgo femenino durante la pandemia"},"content":{"rendered":"<p><div class=\"fusion-fullwidth fullwidth-box fusion-builder-row-1 fusion-flex-container nonhundred-percent-fullwidth non-hundred-percent-height-scrolling\" style=\"--awb-border-radius-top-left:0px;--awb-border-radius-top-right:0px;--awb-border-radius-bottom-right:0px;--awb-border-radius-bottom-left:0px;--awb-flex-wrap:wrap;\" ><div class=\"fusion-builder-row fusion-row fusion-flex-align-items-flex-start fusion-flex-content-wrap\" style=\"max-width:1216.8px;margin-left: calc(-4% \/ 2 );margin-right: calc(-4% \/ 2 );\"><div class=\"fusion-layout-column fusion_builder_column fusion-builder-column-0 fusion_builder_column_1_1 1_1 fusion-flex-column\" style=\"--awb-bg-size:cover;--awb-width-large:100%;--awb-margin-top-large:0px;--awb-spacing-right-large:1.92%;--awb-margin-bottom-large:20px;--awb-spacing-left-large:1.92%;--awb-width-medium:100%;--awb-order-medium:0;--awb-spacing-right-medium:1.92%;--awb-spacing-left-medium:1.92%;--awb-width-small:100%;--awb-order-small:0;--awb-spacing-right-small:1.92%;--awb-spacing-left-small:1.92%;\"><div class=\"fusion-column-wrapper fusion-column-has-shadow fusion-flex-justify-content-flex-start fusion-content-layout-column\"><div class=\"fusion-image-element \" style=\"text-align:center;--awb-max-width:2000px;--awb-caption-title-font-family:var(--h2_typography-font-family);--awb-caption-title-font-weight:var(--h2_typography-font-weight);--awb-caption-title-font-style:var(--h2_typography-font-style);--awb-caption-title-size:var(--h2_typography-font-size);--awb-caption-title-transform:var(--h2_typography-text-transform);--awb-caption-title-line-height:var(--h2_typography-line-height);--awb-caption-title-letter-spacing:var(--h2_typography-letter-spacing);\"><span class=\" fusion-imageframe imageframe-none imageframe-1 hover-type-none\"><img decoding=\"async\" width=\"1417\" height=\"945\" title=\"50a50- Lideratge femen\u00ed CURES\" src=\"https:\/\/www.50a50.org\/wp-content\/uploads\/2021\/03\/50a50-Lideratge-femeni-CURES.jpg\" alt class=\"img-responsive wp-image-6782\" srcset=\"https:\/\/www.50a50.org\/wp-content\/uploads\/2021\/03\/50a50-Lideratge-femeni-CURES-200x133.jpg 200w, https:\/\/www.50a50.org\/wp-content\/uploads\/2021\/03\/50a50-Lideratge-femeni-CURES-400x267.jpg 400w, https:\/\/www.50a50.org\/wp-content\/uploads\/2021\/03\/50a50-Lideratge-femeni-CURES-600x400.jpg 600w, https:\/\/www.50a50.org\/wp-content\/uploads\/2021\/03\/50a50-Lideratge-femeni-CURES-800x534.jpg 800w, https:\/\/www.50a50.org\/wp-content\/uploads\/2021\/03\/50a50-Lideratge-femeni-CURES-1200x800.jpg 1200w, https:\/\/www.50a50.org\/wp-content\/uploads\/2021\/03\/50a50-Lideratge-femeni-CURES.jpg 1417w\" sizes=\"(max-width: 1024px) 100vw, (max-width: 640px) 100vw, 1200px\" \/><\/span><\/div><div class=\"fusion-separator fusion-full-width-sep\" style=\"align-self: center;margin-left: auto;margin-right: auto;margin-top:15px;margin-bottom:15px;width:100%;\"><div class=\"fusion-separator-border sep-single\" style=\"--awb-height:20px;--awb-amount:20px;border-color:#e0dede;border-top-width:0px;\"><\/div><\/div><div class=\"fusion-separator fusion-full-width-sep\" style=\"align-self: center;margin-left: auto;margin-right: auto;margin-top:15px;margin-bottom:15px;width:100%;\"><div class=\"fusion-separator-border sep-single\" style=\"--awb-height:20px;--awb-amount:20px;border-color:#e0dede;border-top-width:0px;\"><\/div><\/div><\/div><\/div><\/div><\/div><div class=\"fusion-fullwidth fullwidth-box fusion-builder-row-2 fusion-flex-container nonhundred-percent-fullwidth non-hundred-percent-height-scrolling\" style=\"--awb-border-radius-top-left:0px;--awb-border-radius-top-right:0px;--awb-border-radius-bottom-right:0px;--awb-border-radius-bottom-left:0px;--awb-flex-wrap:wrap;\" ><div class=\"fusion-builder-row fusion-row fusion-flex-align-items-flex-start fusion-flex-content-wrap\" style=\"max-width:1216.8px;margin-left: calc(-4% \/ 2 );margin-right: calc(-4% \/ 2 );\"><div class=\"fusion-layout-column fusion_builder_column fusion-builder-column-1 fusion_builder_column_1_5 1_5 fusion-flex-column\" style=\"--awb-bg-size:cover;--awb-width-large:20%;--awb-margin-top-large:0px;--awb-spacing-right-large:9.6%;--awb-margin-bottom-large:20px;--awb-spacing-left-large:9.6%;--awb-width-medium:100%;--awb-order-medium:0;--awb-spacing-right-medium:1.92%;--awb-spacing-left-medium:1.92%;--awb-width-small:100%;--awb-order-small:0;--awb-spacing-right-small:1.92%;--awb-spacing-left-small:1.92%;\"><div class=\"fusion-column-wrapper fusion-column-has-shadow fusion-flex-justify-content-flex-start fusion-content-layout-column\"><\/div><\/div><div class=\"fusion-layout-column fusion_builder_column fusion-builder-column-2 fusion_builder_column_3_5 3_5 fusion-flex-column\" style=\"--awb-bg-size:cover;--awb-width-large:60%;--awb-margin-top-large:0px;--awb-spacing-right-large:3.2%;--awb-margin-bottom-large:20px;--awb-spacing-left-large:3.2%;--awb-width-medium:100%;--awb-order-medium:0;--awb-spacing-right-medium:1.92%;--awb-spacing-left-medium:1.92%;--awb-width-small:100%;--awb-order-small:0;--awb-spacing-right-small:1.92%;--awb-spacing-left-small:1.92%;\"><div class=\"fusion-column-wrapper fusion-column-has-shadow fusion-flex-justify-content-flex-start fusion-content-layout-column\"><div class=\"fusion-title title fusion-title-1 fusion-sep-none fusion-title-text fusion-title-size-one\"><h1 class=\"fusion-title-heading title-heading-left\" style=\"margin:0;\"><h2>Los cuidados, en el ciclo de liderazgo femenino durante la pandemia<\/h2><\/h1><\/div><div class=\"fusion-separator fusion-full-width-sep\" style=\"align-self: center;margin-left: auto;margin-right: auto;margin-top:15px;margin-bottom:15px;width:100%;\"><div class=\"fusion-separator-border sep-single\" style=\"--awb-height:20px;--awb-amount:20px;border-color:#e0dede;border-top-width:0px;\"><\/div><\/div><div class=\"fusion-separator fusion-full-width-sep\" style=\"align-self: center;margin-left: auto;margin-right: auto;margin-top:15px;margin-bottom:15px;width:100%;\"><div class=\"fusion-separator-border sep-single\" style=\"--awb-height:20px;--awb-amount:20px;border-color:#e0dede;border-top-width:0px;\"><\/div><\/div><div class=\"fusion-text fusion-text-1\"><p>\u00bfC\u00f3mo est\u00e1 afectando la pandemia en el sector de los cuidados y los servicios a las personas? Es uno de los sectores revalorizados durante esta crisis? Estas son las preguntas que se formular\u00e1n en la pr\u00f3xima sesi\u00f3n del ciclo online \u00ab<strong>Liderazgo femenino en sectores estrat\u00e9gicos durante la pandemia<\/strong>\u00ab, que tendr\u00e1 lugar el mi\u00e9rcoles 17 de marzo de 10 a 11: 30h, y que se centrar\u00e1 en la econom\u00eda de las <strong>cuidados y los servicios a las personas.<\/strong><\/p>\n<p>El programa de la sesi\u00f3n es el siguiente:<\/p>\n<ul>\n<li><strong>Bienvenida<\/strong> a cargo de <strong>Montse Basora<\/strong>, directora de Emprendimiento de Barcelona Activa.<\/li>\n<li><strong>Ponencia<\/strong> introductoria a cargo de <strong>Gemma Tarafa<\/strong>, concejala de Salud, Envejecimiento y Cuidados del Ayuntamiento de Barcelona.<\/li>\n<li><strong>Mesa redonda<\/strong> con empresarias del sector, moderada por <strong>Merc\u00e8 Armelles<\/strong>, miembro de la Asociaci\u00f3n 50a50, y con:\n<ul>\n<li><strong>N\u00faria Bosch<\/strong>, farmac\u00e9utica de <a href=\"https:\/\/www.farmaciaboschsagrera.com\/\" data-saferedirecturl=\"https:\/\/www.google.com\/url?q=https:\/\/www.farmaciaboschsagrera.com\/&amp;source=gmail&amp;ust=1615543057803000&amp;usg=AFQjCNH2_VfIzDVvpVGwwm2DdAFL29J3aQ\"><strong>Farm\u00e0cia Bosch Sagrera<\/strong><\/a> y vicepresidenta del Col\u00b7legi Oficial de Farmac\u00e8utics de Barcelona.<\/li>\n<li><strong>Mar Mestre<\/strong>, directora del Area de Clientes de <a href=\"https:\/\/www.suara.coop\/es\" data-saferedirecturl=\"https:\/\/www.google.com\/url?q=https:\/\/www.suara.coop\/es&amp;source=gmail&amp;ust=1615543057803000&amp;usg=AFQjCNHHoNJzn0a9LO4ScBAOcf8LeGuQJA\"><strong>Suara Cooperativa<\/strong><\/a>.<\/li>\n<li><strong>Vanessa Ortega<\/strong>,\u00a0<em>fundadora i CEO\u00a0<\/em>de la <a href=\"https:\/\/perspectivamente.com\/\" data-saferedirecturl=\"https:\/\/www.google.com\/url?q=https:\/\/perspectivamente.com\/&amp;source=gmail&amp;ust=1615543057803000&amp;usg=AFQjCNE40nKiJKCyT9q6P3a7iFAwvWheMA\"><strong>Asociaci\u00f3n Perspectivamente<\/strong><\/a>.<\/li>\n<\/ul>\n<\/li>\n<\/ul>\n<p>Para participar en la sesi\u00f3n, es necesario inscribirse rellenando un breve formulario disponible <a href=\"https:\/\/emprenedoria.barcelonactiva.cat\/emprenedoria\/cat\/edit.do?codiIdioma=1&amp;id=1035185&amp;id_activitat_mestre=1035169&amp;dia=20&amp;mes=1&amp;any=2021\" data-saferedirecturl=\"https:\/\/www.google.com\/url?q=https:\/\/emprenedoria.barcelonactiva.cat\/emprenedoria\/cat\/edit.do?codiIdioma%3D1%26id%3D1035185%26id_activitat_mestre%3D1035169%26dia%3D20%26mes%3D1%26any%3D2021&amp;source=gmail&amp;ust=1615543057803000&amp;usg=AFQjCNF6y6WsWwT0zqoK4FqdNrobGS8s4Q\">aqu\u00ed<\/a>.<\/p>\n<p>A lo largo de las seis sesiones de este ciclo ofrecido por Barcelona Activa y la Asociaci\u00f3n 50a50, se pone el foco en los siguientes sectores: Comercio, Turismo, Econom\u00eda digital y tecnolog\u00eda, Cuidados y servicios a las personas, Salud y alimentaci\u00f3n, e Industrias culturales y creativas.<\/p>\n<\/div><\/div><\/div><div class=\"fusion-layout-column fusion_builder_column fusion-builder-column-3 fusion_builder_column_1_5 1_5 fusion-flex-column\" style=\"--awb-bg-size:cover;--awb-width-large:20%;--awb-margin-top-large:0px;--awb-spacing-right-large:9.6%;--awb-margin-bottom-large:20px;--awb-spacing-left-large:9.6%;--awb-width-medium:100%;--awb-order-medium:0;--awb-spacing-right-medium:1.92%;--awb-spacing-left-medium:1.92%;--awb-width-small:100%;--awb-order-small:0;--awb-spacing-right-small:1.92%;--awb-spacing-left-small:1.92%;\"><div class=\"fusion-column-wrapper fusion-column-has-shadow fusion-flex-justify-content-flex-start fusion-content-layout-column\"><\/div><\/div><\/div><\/div><\/p>\n","protected":false},"excerpt":{"rendered":"","protected":false},"author":1,"featured_media":6782,"comment_status":"closed","ping_status":"closed","sticky":false,"template":"","format":"standard","meta":{"footnotes":""},"categories":[251],"tags":[252,319,260,343,261,370,278,254],"class_list":["post-6784","post","type-post","status-publish","format-standard","has-post-thumbnail","hentry","category-activitats-es","tag-barcelona-activa-es","tag-feminismo","tag-igualtat-de-genere-es","tag-liderazgo-femenino","tag-lobby-es","tag-mujeres-profesionales","tag-networking","tag-talent-femeni-es"],"aioseo_notices":[],"aioseo_head":"\n\t\t<!-- All in One SEO 5.0.0.1 - aioseo.com -->\n\t<meta name=\"robots\" content=\"max-image-preview:large\" \/>\n\t<meta name=\"author\" content=\"50a50\"\/>\n\t<link rel=\"canonical\" href=\"https:\/\/www.50a50.org\/es\/los-cuidados-en-el-ciclo-de-liderazgo-femenino-durante-la-pandemia\/\" \/>\n\t<meta name=\"generator\" content=\"All in One SEO (AIOSEO) 5.0.0.1\" \/>\n\t\t<meta property=\"og:locale\" content=\"es_ES\" \/>\n\t\t<meta property=\"og:site_name\" content=\"50a50 | Dones directives i professionals per la paritat\" \/>\n\t\t<meta property=\"og:type\" content=\"article\" \/>\n\t\t<meta property=\"og:title\" content=\"Los cuidados, en el ciclo de liderazgo femenino durante la pandemia | 50a50\" \/>\n\t\t<meta property=\"og:url\" content=\"https:\/\/www.50a50.org\/es\/los-cuidados-en-el-ciclo-de-liderazgo-femenino-durante-la-pandemia\/\" \/>\n\t\t<meta property=\"article:published_time\" content=\"2021-03-11T10:12:33+00:00\" \/>\n\t\t<meta property=\"article:modified_time\" content=\"2021-03-11T10:12:35+00:00\" \/>\n\t\t<meta name=\"twitter:card\" content=\"summary\" \/>\n\t\t<meta name=\"twitter:title\" content=\"Los cuidados, en el ciclo de liderazgo femenino durante la pandemia | 50a50\" \/>\n\t\t<script type=\"application\/ld+json\" class=\"aioseo-schema\">\n\t\t\t{\"@context\":\"https:\\\/\\\/schema.org\",\"@graph\":[{\"@type\":\"Article\",\"@id\":\"https:\\\/\\\/www.50a50.org\\\/es\\\/los-cuidados-en-el-ciclo-de-liderazgo-femenino-durante-la-pandemia\\\/#article\",\"name\":\"Los cuidados, en el ciclo de liderazgo femenino durante la pandemia | 50a50\",\"headline\":\"Los cuidados, en el ciclo de liderazgo femenino durante la pandemia\",\"author\":{\"@id\":\"https:\\\/\\\/www.50a50.org\\\/es\\\/author\\\/backoffice\\\/#author\"},\"publisher\":{\"@id\":\"https:\\\/\\\/www.50a50.org\\\/es\\\/#organization\"},\"image\":{\"@type\":\"ImageObject\",\"url\":\"https:\\\/\\\/www.50a50.org\\\/wp-content\\\/uploads\\\/2021\\\/03\\\/50a50-Lideratge-femeni-CURES.jpg\",\"width\":1417,\"height\":945},\"datePublished\":\"2021-03-11T10:12:33+00:00\",\"dateModified\":\"2021-03-11T10:12:35+00:00\",\"inLanguage\":\"es-ES\",\"mainEntityOfPage\":{\"@id\":\"https:\\\/\\\/www.50a50.org\\\/es\\\/los-cuidados-en-el-ciclo-de-liderazgo-femenino-durante-la-pandemia\\\/#webpage\"},\"isPartOf\":{\"@id\":\"https:\\\/\\\/www.50a50.org\\\/es\\\/los-cuidados-en-el-ciclo-de-liderazgo-femenino-durante-la-pandemia\\\/#webpage\"},\"articleSection\":\"Actividades, Barcelona Activa, feminismo, Igualtat de g\\u00e8nere, liderazgo femenino, Lobby, mujeres profesionales, Networking, Talent femen\\u00ed\"},{\"@type\":\"BreadcrumbList\",\"@id\":\"https:\\\/\\\/www.50a50.org\\\/es\\\/los-cuidados-en-el-ciclo-de-liderazgo-femenino-durante-la-pandemia\\\/#breadcrumblist\",\"itemListElement\":[{\"@type\":\"ListItem\",\"@id\":\"https:\\\/\\\/www.50a50.org\\\/es\\\/#listItem\",\"position\":1,\"name\":\"Home\",\"item\":\"https:\\\/\\\/www.50a50.org\\\/es\\\/\",\"nextItem\":{\"@type\":\"ListItem\",\"@id\":\"https:\\\/\\\/www.50a50.org\\\/es\\\/category\\\/activitats-es\\\/#listItem\",\"name\":\"Actividades\"}},{\"@type\":\"ListItem\",\"@id\":\"https:\\\/\\\/www.50a50.org\\\/es\\\/category\\\/activitats-es\\\/#listItem\",\"position\":2,\"name\":\"Actividades\",\"item\":\"https:\\\/\\\/www.50a50.org\\\/es\\\/category\\\/activitats-es\\\/\",\"nextItem\":{\"@type\":\"ListItem\",\"@id\":\"https:\\\/\\\/www.50a50.org\\\/es\\\/los-cuidados-en-el-ciclo-de-liderazgo-femenino-durante-la-pandemia\\\/#listItem\",\"name\":\"Los cuidados, en el ciclo de liderazgo femenino durante la pandemia\"},\"previousItem\":{\"@type\":\"ListItem\",\"@id\":\"https:\\\/\\\/www.50a50.org\\\/es\\\/#listItem\",\"name\":\"Home\"}},{\"@type\":\"ListItem\",\"@id\":\"https:\\\/\\\/www.50a50.org\\\/es\\\/los-cuidados-en-el-ciclo-de-liderazgo-femenino-durante-la-pandemia\\\/#listItem\",\"position\":3,\"name\":\"Los cuidados, en el ciclo de liderazgo femenino durante la pandemia\",\"previousItem\":{\"@type\":\"ListItem\",\"@id\":\"https:\\\/\\\/www.50a50.org\\\/es\\\/category\\\/activitats-es\\\/#listItem\",\"name\":\"Actividades\"}}]},{\"@type\":\"Organization\",\"@id\":\"https:\\\/\\\/www.50a50.org\\\/es\\\/#organization\",\"name\":\"50a50\",\"description\":\"Dones directives i professionals per la paritat\",\"url\":\"https:\\\/\\\/www.50a50.org\\\/es\\\/\"},{\"@type\":\"Person\",\"@id\":\"https:\\\/\\\/www.50a50.org\\\/es\\\/author\\\/backoffice\\\/#author\",\"url\":\"https:\\\/\\\/www.50a50.org\\\/es\\\/author\\\/backoffice\\\/\",\"name\":\"50a50\"},{\"@type\":\"WebPage\",\"@id\":\"https:\\\/\\\/www.50a50.org\\\/es\\\/los-cuidados-en-el-ciclo-de-liderazgo-femenino-durante-la-pandemia\\\/#webpage\",\"url\":\"https:\\\/\\\/www.50a50.org\\\/es\\\/los-cuidados-en-el-ciclo-de-liderazgo-femenino-durante-la-pandemia\\\/\",\"name\":\"Los cuidados, en el ciclo de liderazgo femenino durante la pandemia | 50a50\",\"inLanguage\":\"es-ES\",\"isPartOf\":{\"@id\":\"https:\\\/\\\/www.50a50.org\\\/es\\\/#website\"},\"breadcrumb\":{\"@id\":\"https:\\\/\\\/www.50a50.org\\\/es\\\/los-cuidados-en-el-ciclo-de-liderazgo-femenino-durante-la-pandemia\\\/#breadcrumblist\"},\"author\":{\"@id\":\"https:\\\/\\\/www.50a50.org\\\/es\\\/author\\\/backoffice\\\/#author\"},\"creator\":{\"@id\":\"https:\\\/\\\/www.50a50.org\\\/es\\\/author\\\/backoffice\\\/#author\"},\"image\":{\"@type\":\"ImageObject\",\"url\":\"https:\\\/\\\/www.50a50.org\\\/wp-content\\\/uploads\\\/2021\\\/03\\\/50a50-Lideratge-femeni-CURES.jpg\",\"@id\":\"https:\\\/\\\/www.50a50.org\\\/es\\\/los-cuidados-en-el-ciclo-de-liderazgo-femenino-durante-la-pandemia\\\/#mainImage\",\"width\":1417,\"height\":945},\"primaryImageOfPage\":{\"@id\":\"https:\\\/\\\/www.50a50.org\\\/es\\\/los-cuidados-en-el-ciclo-de-liderazgo-femenino-durante-la-pandemia\\\/#mainImage\"},\"datePublished\":\"2021-03-11T10:12:33+00:00\",\"dateModified\":\"2021-03-11T10:12:35+00:00\"},{\"@type\":\"WebSite\",\"@id\":\"https:\\\/\\\/www.50a50.org\\\/es\\\/#website\",\"url\":\"https:\\\/\\\/www.50a50.org\\\/es\\\/\",\"name\":\"50a50\",\"description\":\"Dones directives i professionals per la paritat\",\"inLanguage\":\"es-ES\",\"publisher\":{\"@id\":\"https:\\\/\\\/www.50a50.org\\\/es\\\/#organization\"}}]}\n\t\t<\/script>\n\t\t<!-- All in One SEO -->\n\n","aioseo_head_json":{"title":"Los cuidados, en el ciclo de liderazgo femenino durante la pandemia | 50a50","description":"","canonical_url":"https:\/\/www.50a50.org\/es\/los-cuidados-en-el-ciclo-de-liderazgo-femenino-durante-la-pandemia\/","robots":"max-image-preview:large","keywords":"","webmasterTools":{"miscellaneous":""},"schema":{"@context":"https:\/\/schema.org","@graph":[{"@type":"Article","@id":"https:\/\/www.50a50.org\/es\/los-cuidados-en-el-ciclo-de-liderazgo-femenino-durante-la-pandemia\/#article","name":"Los cuidados, en el ciclo de liderazgo femenino durante la pandemia | 50a50","headline":"Los cuidados, en el ciclo de liderazgo femenino durante la pandemia","author":{"@id":"https:\/\/www.50a50.org\/es\/author\/backoffice\/#author"},"publisher":{"@id":"https:\/\/www.50a50.org\/es\/#organization"},"image":{"@type":"ImageObject","url":"https:\/\/www.50a50.org\/wp-content\/uploads\/2021\/03\/50a50-Lideratge-femeni-CURES.jpg","width":1417,"height":945},"datePublished":"2021-03-11T10:12:33+00:00","dateModified":"2021-03-11T10:12:35+00:00","inLanguage":"es-ES","mainEntityOfPage":{"@id":"https:\/\/www.50a50.org\/es\/los-cuidados-en-el-ciclo-de-liderazgo-femenino-durante-la-pandemia\/#webpage"},"isPartOf":{"@id":"https:\/\/www.50a50.org\/es\/los-cuidados-en-el-ciclo-de-liderazgo-femenino-durante-la-pandemia\/#webpage"},"articleSection":"Actividades, Barcelona Activa, feminismo, Igualtat de g\u00e8nere, liderazgo femenino, Lobby, mujeres profesionales, Networking, Talent femen\u00ed"},{"@type":"BreadcrumbList","@id":"https:\/\/www.50a50.org\/es\/los-cuidados-en-el-ciclo-de-liderazgo-femenino-durante-la-pandemia\/#breadcrumblist","itemListElement":[{"@type":"ListItem","@id":"https:\/\/www.50a50.org\/es\/#listItem","position":1,"name":"Home","item":"https:\/\/www.50a50.org\/es\/","nextItem":{"@type":"ListItem","@id":"https:\/\/www.50a50.org\/es\/category\/activitats-es\/#listItem","name":"Actividades"}},{"@type":"ListItem","@id":"https:\/\/www.50a50.org\/es\/category\/activitats-es\/#listItem","position":2,"name":"Actividades","item":"https:\/\/www.50a50.org\/es\/category\/activitats-es\/","nextItem":{"@type":"ListItem","@id":"https:\/\/www.50a50.org\/es\/los-cuidados-en-el-ciclo-de-liderazgo-femenino-durante-la-pandemia\/#listItem","name":"Los cuidados, en el ciclo de liderazgo femenino durante la pandemia"},"previousItem":{"@type":"ListItem","@id":"https:\/\/www.50a50.org\/es\/#listItem","name":"Home"}},{"@type":"ListItem","@id":"https:\/\/www.50a50.org\/es\/los-cuidados-en-el-ciclo-de-liderazgo-femenino-durante-la-pandemia\/#listItem","position":3,"name":"Los cuidados, en el ciclo de liderazgo femenino durante la pandemia","previousItem":{"@type":"ListItem","@id":"https:\/\/www.50a50.org\/es\/category\/activitats-es\/#listItem","name":"Actividades"}}]},{"@type":"Organization","@id":"https:\/\/www.50a50.org\/es\/#organization","name":"50a50","description":"Dones directives i professionals per la paritat","url":"https:\/\/www.50a50.org\/es\/"},{"@type":"Person","@id":"https:\/\/www.50a50.org\/es\/author\/backoffice\/#author","url":"https:\/\/www.50a50.org\/es\/author\/backoffice\/","name":"50a50"},{"@type":"WebPage","@id":"https:\/\/www.50a50.org\/es\/los-cuidados-en-el-ciclo-de-liderazgo-femenino-durante-la-pandemia\/#webpage","url":"https:\/\/www.50a50.org\/es\/los-cuidados-en-el-ciclo-de-liderazgo-femenino-durante-la-pandemia\/","name":"Los cuidados, en el ciclo de liderazgo femenino durante la pandemia | 50a50","inLanguage":"es-ES","isPartOf":{"@id":"https:\/\/www.50a50.org\/es\/#website"},"breadcrumb":{"@id":"https:\/\/www.50a50.org\/es\/los-cuidados-en-el-ciclo-de-liderazgo-femenino-durante-la-pandemia\/#breadcrumblist"},"author":{"@id":"https:\/\/www.50a50.org\/es\/author\/backoffice\/#author"},"creator":{"@id":"https:\/\/www.50a50.org\/es\/author\/backoffice\/#author"},"image":{"@type":"ImageObject","url":"https:\/\/www.50a50.org\/wp-content\/uploads\/2021\/03\/50a50-Lideratge-femeni-CURES.jpg","@id":"https:\/\/www.50a50.org\/es\/los-cuidados-en-el-ciclo-de-liderazgo-femenino-durante-la-pandemia\/#mainImage","width":1417,"height":945},"primaryImageOfPage":{"@id":"https:\/\/www.50a50.org\/es\/los-cuidados-en-el-ciclo-de-liderazgo-femenino-durante-la-pandemia\/#mainImage"},"datePublished":"2021-03-11T10:12:33+00:00","dateModified":"2021-03-11T10:12:35+00:00"},{"@type":"WebSite","@id":"https:\/\/www.50a50.org\/es\/#website","url":"https:\/\/www.50a50.org\/es\/","name":"50a50","description":"Dones directives i professionals per la paritat","inLanguage":"es-ES","publisher":{"@id":"https:\/\/www.50a50.org\/es\/#organization"}}]},"og:locale":"es_ES","og:site_name":"50a50 | Dones directives i professionals per la paritat","og:type":"article","og:title":"Los cuidados, en el ciclo de liderazgo femenino durante la pandemia | 50a50","og:url":"https:\/\/www.50a50.org\/es\/los-cuidados-en-el-ciclo-de-liderazgo-femenino-durante-la-pandemia\/","article:published_time":"2021-03-11T10:12:33+00:00","article:modified_time":"2021-03-11T10:12:35+00:00","twitter:card":"summary","twitter:title":"Los cuidados, en el ciclo de liderazgo femenino durante la pandemia | 50a50"},"aioseo_meta_data":{"post_id":"6784","title":null,"description":null,"keywords":[],"keyphrases":{"focus":[],"additional":[]},"primary_term":null,"canonical_url":null,"og_title":null,"og_description":null,"og_object_type":"default","og_image_type":"default","og_image_url":null,"og_image_width":null,"og_image_height":null,"og_image_custom_url":null,"og_image_custom_fields":null,"og_video":"","og_custom_url":null,"og_article_section":null,"og_article_tags":[],"twitter_use_og":false,"twitter_card":"default","twitter_image_type":"default","twitter_image_url":null,"twitter_image_custom_url":null,"twitter_image_custom_fields":null,"twitter_title":null,"twitter_description":null,"schema":{"blockGraphs":[],"customGraphs":[],"default":{"data":{"Article":[],"Course":[],"Dataset":[],"FAQPage":[],"Movie":[],"Person":[],"Product":[],"ProductReview":[],"Car":[],"Recipe":[],"Service":[],"SoftwareApplication":[],"WebPage":[]},"graphName":"","isEnabled":true},"graphs":[]},"schema_type":"default","schema_type_options":"{\"article\":{\"articleType\":\"BlogPosting\"},\"course\":{\"name\":\"\",\"description\":\"\",\"provider\":\"\"},\"faq\":{\"pages\":[]},\"product\":{\"reviews\":[]},\"recipe\":{\"ingredients\":[],\"instructions\":[],\"keywords\":[]},\"software\":{\"reviews\":[],\"operatingSystems\":[]},\"webPage\":{\"webPageType\":\"WebPage\"}}","pillar_content":false,"robots_default":true,"robots_noindex":false,"robots_noarchive":false,"robots_nosnippet":false,"robots_nofollow":false,"robots_noimageindex":false,"robots_noodp":false,"robots_notranslate":false,"robots_max_snippet":"-1","robots_max_videopreview":"-1","robots_max_imagepreview":"large","priority":null,"frequency":"default","local_seo":{"businessInfo":{"name":"","urls":{"website":"","aboutPage":"","contactPage":""},"address":{"line1":"","line2":"","zip":"","city":"","state":"","country":""},"contact":{"email":"","phone":"","fax":""},"ids":{"vatID":"","taxID":"","chamberID":""},"payment":{"priceIndication":"","currenciesAccepted":"","methodsAccepted":""},"areaServed":""},"openingHours":{"show":false,"closedLabel":"","open24h":false,"open24hLabel":"","open247":false,"use24hFormat":false,"twoSets":false,"timezone":"","hours":[]}},"breadcrumb_settings":null,"limit_modified_date":false,"ai":null,"created":"2021-03-11 10:06:13","updated":"2025-06-10 18:54:30","seo_analyzer_scan_date":null,"focus_keyword":null,"additional_keywords":null,"truseo_locale":null},"aioseo_breadcrumb":"<div class=\"aioseo-breadcrumbs\"><span class=\"aioseo-breadcrumb\">\n\t\t\t<a href=\"https:\/\/www.50a50.org\/es\/\" title=\"Home\">Home<\/a>\n\t\t<\/span><span class=\"aioseo-breadcrumb-separator\">&raquo;<\/span><span class=\"aioseo-breadcrumb\">\n\t\t\t<a href=\"https:\/\/www.50a50.org\/es\/category\/activitats-es\/\" title=\"Actividades\">Actividades<\/a>\n\t\t<\/span><span class=\"aioseo-breadcrumb-separator\">&raquo;<\/span><span class=\"aioseo-breadcrumb\">\n\t\t\tLos cuidados, en el ciclo de liderazgo femenino durante la pandemia\n\t\t<\/span><\/div>","aioseo_breadcrumb_json":[{"label":"Home","link":"https:\/\/www.50a50.org\/es\/"},{"label":"Actividades","link":"https:\/\/www.50a50.org\/es\/category\/activitats-es\/"},{"label":"Los cuidados, en el ciclo de liderazgo femenino durante la pandemia","link":"https:\/\/www.50a50.org\/es\/los-cuidados-en-el-ciclo-de-liderazgo-femenino-durante-la-pandemia\/"}],"_links":{"self":[{"href":"https:\/\/www.50a50.org\/es\/wp-json\/wp\/v2\/posts\/6784","targetHints":{"allow":["GET"]}}],"collection":[{"href":"https:\/\/www.50a50.org\/es\/wp-json\/wp\/v2\/posts"}],"about":[{"href":"https:\/\/www.50a50.org\/es\/wp-json\/wp\/v2\/types\/post"}],"author":[{"embeddable":true,"href":"https:\/\/www.50a50.org\/es\/wp-json\/wp\/v2\/users\/1"}],"replies":[{"embeddable":true,"href":"https:\/\/www.50a50.org\/es\/wp-json\/wp\/v2\/comments?post=6784"}],"version-history":[{"count":0,"href":"https:\/\/www.50a50.org\/es\/wp-json\/wp\/v2\/posts\/6784\/revisions"}],"wp:featuredmedia":[{"embeddable":true,"href":"https:\/\/www.50a50.org\/es\/wp-json\/wp\/v2\/media\/6782"}],"wp:attachment":[{"href":"https:\/\/www.50a50.org\/es\/wp-json\/wp\/v2\/media?parent=6784"}],"wp:term":[{"taxonomy":"category","embeddable":true,"href":"https:\/\/www.50a50.org\/es\/wp-json\/wp\/v2\/categories?post=6784"},{"taxonomy":"post_tag","embeddable":true,"href":"https:\/\/www.50a50.org\/es\/wp-json\/wp\/v2\/tags?post=6784"}],"curies":[{"name":"wp","href":"https:\/\/api.w.org\/{rel}","templated":true}]}}