{"id":6523,"date":"2021-01-28T16:53:40","date_gmt":"2021-01-28T16:53:40","guid":{"rendered":"https:\/\/www.50a50.org\/?p=6523"},"modified":"2021-01-28T16:53:42","modified_gmt":"2021-01-28T16:53:42","slug":"sector-comercio-en-el-ciclo-de-liderazgo-femenino","status":"publish","type":"post","link":"https:\/\/www.50a50.org\/es\/sector-comercio-en-el-ciclo-de-liderazgo-femenino\/","title":{"rendered":"Sector comercio en el ciclo de liderazgo femenino"},"content":{"rendered":"<p><div class=\"fusion-fullwidth fullwidth-box fusion-builder-row-1 fusion-flex-container nonhundred-percent-fullwidth non-hundred-percent-height-scrolling\" style=\"--awb-border-radius-top-left:0px;--awb-border-radius-top-right:0px;--awb-border-radius-bottom-right:0px;--awb-border-radius-bottom-left:0px;--awb-flex-wrap:wrap;\" ><div class=\"fusion-builder-row fusion-row fusion-flex-align-items-flex-start fusion-flex-content-wrap\" style=\"max-width:1216.8px;margin-left: calc(-4% \/ 2 );margin-right: calc(-4% \/ 2 );\"><div class=\"fusion-layout-column fusion_builder_column fusion-builder-column-0 fusion_builder_column_1_1 1_1 fusion-flex-column\" style=\"--awb-bg-size:cover;--awb-width-large:100%;--awb-margin-top-large:0px;--awb-spacing-right-large:1.92%;--awb-margin-bottom-large:20px;--awb-spacing-left-large:1.92%;--awb-width-medium:100%;--awb-order-medium:0;--awb-spacing-right-medium:1.92%;--awb-spacing-left-medium:1.92%;--awb-width-small:100%;--awb-order-small:0;--awb-spacing-right-small:1.92%;--awb-spacing-left-small:1.92%;\"><div class=\"fusion-column-wrapper fusion-column-has-shadow fusion-flex-justify-content-flex-start fusion-content-layout-column\"><div class=\"fusion-image-element \" style=\"text-align:center;--awb-max-width:2000px;--awb-caption-title-font-family:var(--h2_typography-font-family);--awb-caption-title-font-weight:var(--h2_typography-font-weight);--awb-caption-title-font-style:var(--h2_typography-font-style);--awb-caption-title-size:var(--h2_typography-font-size);--awb-caption-title-transform:var(--h2_typography-text-transform);--awb-caption-title-line-height:var(--h2_typography-line-height);--awb-caption-title-letter-spacing:var(--h2_typography-letter-spacing);\"><span class=\" fusion-imageframe imageframe-none imageframe-1 hover-type-none\"><img decoding=\"async\" width=\"1417\" height=\"945\" title=\"50a50- Cicle Barcelona Activa lideratge femen\u00ed COMER\u00c7\" src=\"https:\/\/www.50a50.org\/wp-content\/uploads\/2021\/01\/50a50-Cicle-Barcelona-Activa-lideratge-femeni-COMERC.jpg\" alt class=\"img-responsive wp-image-6520\" srcset=\"https:\/\/www.50a50.org\/wp-content\/uploads\/2021\/01\/50a50-Cicle-Barcelona-Activa-lideratge-femeni-COMERC-200x133.jpg 200w, https:\/\/www.50a50.org\/wp-content\/uploads\/2021\/01\/50a50-Cicle-Barcelona-Activa-lideratge-femeni-COMERC-400x267.jpg 400w, https:\/\/www.50a50.org\/wp-content\/uploads\/2021\/01\/50a50-Cicle-Barcelona-Activa-lideratge-femeni-COMERC-600x400.jpg 600w, https:\/\/www.50a50.org\/wp-content\/uploads\/2021\/01\/50a50-Cicle-Barcelona-Activa-lideratge-femeni-COMERC-800x534.jpg 800w, https:\/\/www.50a50.org\/wp-content\/uploads\/2021\/01\/50a50-Cicle-Barcelona-Activa-lideratge-femeni-COMERC-1200x800.jpg 1200w, https:\/\/www.50a50.org\/wp-content\/uploads\/2021\/01\/50a50-Cicle-Barcelona-Activa-lideratge-femeni-COMERC.jpg 1417w\" sizes=\"(max-width: 1024px) 100vw, (max-width: 640px) 100vw, 1200px\" \/><\/span><\/div><div class=\"fusion-separator fusion-full-width-sep\" style=\"align-self: center;margin-left: auto;margin-right: auto;margin-top:15px;margin-bottom:15px;width:100%;\"><div class=\"fusion-separator-border sep-single\" style=\"--awb-height:20px;--awb-amount:20px;border-color:#e0dede;border-top-width:0px;\"><\/div><\/div><div class=\"fusion-separator fusion-full-width-sep\" style=\"align-self: center;margin-left: auto;margin-right: auto;margin-top:15px;margin-bottom:15px;width:100%;\"><div class=\"fusion-separator-border sep-single\" style=\"--awb-height:20px;--awb-amount:20px;border-color:#e0dede;border-top-width:0px;\"><\/div><\/div><\/div><\/div><\/div><\/div><div class=\"fusion-fullwidth fullwidth-box fusion-builder-row-2 fusion-flex-container nonhundred-percent-fullwidth non-hundred-percent-height-scrolling\" style=\"--awb-border-radius-top-left:0px;--awb-border-radius-top-right:0px;--awb-border-radius-bottom-right:0px;--awb-border-radius-bottom-left:0px;--awb-flex-wrap:wrap;\" ><div class=\"fusion-builder-row fusion-row fusion-flex-align-items-flex-start fusion-flex-content-wrap\" style=\"max-width:1216.8px;margin-left: calc(-4% \/ 2 );margin-right: calc(-4% \/ 2 );\"><div class=\"fusion-layout-column fusion_builder_column fusion-builder-column-1 fusion_builder_column_1_5 1_5 fusion-flex-column\" style=\"--awb-bg-size:cover;--awb-width-large:20%;--awb-margin-top-large:0px;--awb-spacing-right-large:9.6%;--awb-margin-bottom-large:20px;--awb-spacing-left-large:9.6%;--awb-width-medium:100%;--awb-order-medium:0;--awb-spacing-right-medium:1.92%;--awb-spacing-left-medium:1.92%;--awb-width-small:100%;--awb-order-small:0;--awb-spacing-right-small:1.92%;--awb-spacing-left-small:1.92%;\"><div class=\"fusion-column-wrapper fusion-column-has-shadow fusion-flex-justify-content-flex-start fusion-content-layout-column\"><\/div><\/div><div class=\"fusion-layout-column fusion_builder_column fusion-builder-column-2 fusion_builder_column_3_5 3_5 fusion-flex-column\" style=\"--awb-bg-size:cover;--awb-width-large:60%;--awb-margin-top-large:0px;--awb-spacing-right-large:3.2%;--awb-margin-bottom-large:20px;--awb-spacing-left-large:3.2%;--awb-width-medium:100%;--awb-order-medium:0;--awb-spacing-right-medium:1.92%;--awb-spacing-left-medium:1.92%;--awb-width-small:100%;--awb-order-small:0;--awb-spacing-right-small:1.92%;--awb-spacing-left-small:1.92%;\"><div class=\"fusion-column-wrapper fusion-column-has-shadow fusion-flex-justify-content-flex-start fusion-content-layout-column\"><div class=\"fusion-title title fusion-title-1 fusion-sep-none fusion-title-text fusion-title-size-one\"><h1 class=\"fusion-title-heading title-heading-left\" style=\"margin:0;\"><h2>Sector comercio en el ciclo de liderazgo femenino<\/h2><\/h1><\/div><div class=\"fusion-separator fusion-full-width-sep\" style=\"align-self: center;margin-left: auto;margin-right: auto;margin-top:15px;margin-bottom:15px;width:100%;\"><div class=\"fusion-separator-border sep-single\" style=\"--awb-height:20px;--awb-amount:20px;border-color:#e0dede;border-top-width:0px;\"><\/div><\/div><div class=\"fusion-separator fusion-full-width-sep\" style=\"align-self: center;margin-left: auto;margin-right: auto;margin-top:15px;margin-bottom:15px;width:100%;\"><div class=\"fusion-separator-border sep-single\" style=\"--awb-height:20px;--awb-amount:20px;border-color:#e0dede;border-top-width:0px;\"><\/div><\/div><div class=\"fusion-text fusion-text-1\"><p><strong>\u00bfC\u00f3mo est\u00e1 afectando la pandemia al comercio de la ciudad? \u00bfComo est\u00e1n liderando las mujeres este sector?<\/strong><\/p>\n<p>Seguimos, desde Barcelona Activa y la Asociaci\u00f3n 50a50, con el ciclo de sesiones virtuales \u00ab<strong>Liderazgo femenino en sectores estrat\u00e9gicos durante la pandemia<\/strong>\u00ab, y llega el momento de poner el foco sobre el sector del <strong>comercio<\/strong>, uno de los m\u00e1s afectados en esta crisis.<\/p>\n<p>Este pr\u00f3ximo <strong>mi\u00e9rcoles d\u00eda 3 de febrero<\/strong>, de 10 a 11:30 h, conectaremos en <em>streaming <\/em>para conocer la situaci\u00f3n del comercio de proximidad, en la sesi\u00f3n \u00ab<strong>Las mujeres en el sector del comercio en Barcelona en la era del Covid-19<\/strong>\u00ab, con el siguiente programa:<\/p>\n<p>Bienvenida, <strong>Montse Basora<\/strong>, Directora de Emprendimiento de Barcelona Activa.<br \/>\nEl sector del comercio en Barcelona durante la pandemia, <strong>Montserrat Ballar\u00edn<\/strong>, concejal de Comer\u00e7 del Ajuntament de Barcelona.<br \/>\nMesa redonda de experiencias emprendedoras, moderada por Anna Mercad\u00e9, presidenta de la Asociaci\u00f3n 50a50, y con:<br \/>\n<strong>&#8211; Teresa Llord\u00e9s<\/strong>. Presidenta Barna Centre y propietaria Ros Bomb\u00f3n y franquicias Turrons Vi\u00e7ens.<br \/>\n<strong>&#8211; D\u00e9bora Coimbra<\/strong>. Fundadora de Debby&#8217;s<br \/>\n<strong>&#8211; Anna Sorli<\/strong>. Presidenta de la Fundaci\u00f3n Sorli<\/p>\n<p>Las pr\u00f3ximas sesiones ser\u00e1n sobre los sectores del Turismo, Econom\u00eda digital y tecnolog\u00eda, Cuidados y servicios a las personas, Salud y alimentaci\u00f3n, Industrias culturales y creativas.<\/p>\n<p>Para participar es necesario reservar plaza rellenando este <a href=\"https:\/\/emprenedoria.barcelonactiva.cat\/emprenedoria\/cat\/inscripcio\/PrevDadesGenerals.do?idActivitatMestre=1035169&amp;idActivitat=1038490&amp;codiIdioma=1&amp;idAct_Sessio=1038490&amp;tipusRela=N\">formulario<\/a>.<\/p>\n<\/div><\/div><\/div><div class=\"fusion-layout-column fusion_builder_column fusion-builder-column-3 fusion_builder_column_1_5 1_5 fusion-flex-column\" style=\"--awb-bg-size:cover;--awb-width-large:20%;--awb-margin-top-large:0px;--awb-spacing-right-large:9.6%;--awb-margin-bottom-large:20px;--awb-spacing-left-large:9.6%;--awb-width-medium:100%;--awb-order-medium:0;--awb-spacing-right-medium:1.92%;--awb-spacing-left-medium:1.92%;--awb-width-small:100%;--awb-order-small:0;--awb-spacing-right-small:1.92%;--awb-spacing-left-small:1.92%;\"><div class=\"fusion-column-wrapper fusion-column-has-shadow fusion-flex-justify-content-flex-start fusion-content-layout-column\"><\/div><\/div><\/div><\/div><\/p>\n","protected":false},"excerpt":{"rendered":"<p>Seguimos, desde Barcelona Activa y la Asociaci\u00f3n 50a50, con el ciclo de sesiones virtuales \u00abLiderazgo femenino en sectores estrat\u00e9gicos durante la pandemia\u00bb, y llega el momento de poner el foco sobre el sector del comercio, uno de los m\u00e1s afectados en esta crisis.<\/p>\n","protected":false},"author":1,"featured_media":6520,"comment_status":"closed","ping_status":"closed","sticky":false,"template":"","format":"standard","meta":{"footnotes":""},"categories":[251],"tags":[252,253,319,308,288],"class_list":["post-6523","post","type-post","status-publish","format-standard","has-post-thumbnail","hentry","category-activitats-es","tag-barcelona-activa-es","tag-conferencies-es","tag-feminismo","tag-formacion","tag-talento-femenino"],"aioseo_notices":[],"aioseo_head":"\n\t\t<!-- All in One SEO 5.0.0.1 - aioseo.com -->\n\t<meta name=\"robots\" content=\"max-image-preview:large\" \/>\n\t<meta name=\"author\" content=\"50a50\"\/>\n\t<link rel=\"canonical\" href=\"https:\/\/www.50a50.org\/es\/sector-comercio-en-el-ciclo-de-liderazgo-femenino\/\" \/>\n\t<meta name=\"generator\" content=\"All in One SEO (AIOSEO) 5.0.0.1\" \/>\n\t\t<meta property=\"og:locale\" content=\"es_ES\" \/>\n\t\t<meta property=\"og:site_name\" content=\"50a50 | Dones directives i professionals per la paritat\" \/>\n\t\t<meta property=\"og:type\" content=\"article\" \/>\n\t\t<meta property=\"og:title\" content=\"Sector comercio en el ciclo de liderazgo femenino | 50a50\" \/>\n\t\t<meta property=\"og:url\" content=\"https:\/\/www.50a50.org\/es\/sector-comercio-en-el-ciclo-de-liderazgo-femenino\/\" \/>\n\t\t<meta property=\"article:published_time\" content=\"2021-01-28T16:53:40+00:00\" \/>\n\t\t<meta property=\"article:modified_time\" content=\"2021-01-28T16:53:42+00:00\" \/>\n\t\t<meta name=\"twitter:card\" content=\"summary\" \/>\n\t\t<meta name=\"twitter:title\" content=\"Sector comercio en el ciclo de liderazgo femenino | 50a50\" \/>\n\t\t<script type=\"application\/ld+json\" class=\"aioseo-schema\">\n\t\t\t{\"@context\":\"https:\\\/\\\/schema.org\",\"@graph\":[{\"@type\":\"Article\",\"@id\":\"https:\\\/\\\/www.50a50.org\\\/es\\\/sector-comercio-en-el-ciclo-de-liderazgo-femenino\\\/#article\",\"name\":\"Sector comercio en el ciclo de liderazgo femenino | 50a50\",\"headline\":\"Sector comercio en el ciclo de liderazgo femenino\",\"author\":{\"@id\":\"https:\\\/\\\/www.50a50.org\\\/es\\\/author\\\/backoffice\\\/#author\"},\"publisher\":{\"@id\":\"https:\\\/\\\/www.50a50.org\\\/es\\\/#organization\"},\"image\":{\"@type\":\"ImageObject\",\"url\":\"https:\\\/\\\/www.50a50.org\\\/wp-content\\\/uploads\\\/2021\\\/01\\\/50a50-Cicle-Barcelona-Activa-lideratge-femeni-COMERC.jpg\",\"width\":1417,\"height\":945},\"datePublished\":\"2021-01-28T16:53:40+00:00\",\"dateModified\":\"2021-01-28T16:53:42+00:00\",\"inLanguage\":\"es-ES\",\"mainEntityOfPage\":{\"@id\":\"https:\\\/\\\/www.50a50.org\\\/es\\\/sector-comercio-en-el-ciclo-de-liderazgo-femenino\\\/#webpage\"},\"isPartOf\":{\"@id\":\"https:\\\/\\\/www.50a50.org\\\/es\\\/sector-comercio-en-el-ciclo-de-liderazgo-femenino\\\/#webpage\"},\"articleSection\":\"Actividades, Barcelona Activa, Confer\\u00e8ncies, feminismo, formaci\\u00f3n, talento femenino\"},{\"@type\":\"BreadcrumbList\",\"@id\":\"https:\\\/\\\/www.50a50.org\\\/es\\\/sector-comercio-en-el-ciclo-de-liderazgo-femenino\\\/#breadcrumblist\",\"itemListElement\":[{\"@type\":\"ListItem\",\"@id\":\"https:\\\/\\\/www.50a50.org\\\/es\\\/#listItem\",\"position\":1,\"name\":\"Home\",\"item\":\"https:\\\/\\\/www.50a50.org\\\/es\\\/\",\"nextItem\":{\"@type\":\"ListItem\",\"@id\":\"https:\\\/\\\/www.50a50.org\\\/es\\\/category\\\/activitats-es\\\/#listItem\",\"name\":\"Actividades\"}},{\"@type\":\"ListItem\",\"@id\":\"https:\\\/\\\/www.50a50.org\\\/es\\\/category\\\/activitats-es\\\/#listItem\",\"position\":2,\"name\":\"Actividades\",\"item\":\"https:\\\/\\\/www.50a50.org\\\/es\\\/category\\\/activitats-es\\\/\",\"nextItem\":{\"@type\":\"ListItem\",\"@id\":\"https:\\\/\\\/www.50a50.org\\\/es\\\/sector-comercio-en-el-ciclo-de-liderazgo-femenino\\\/#listItem\",\"name\":\"Sector comercio en el ciclo de liderazgo femenino\"},\"previousItem\":{\"@type\":\"ListItem\",\"@id\":\"https:\\\/\\\/www.50a50.org\\\/es\\\/#listItem\",\"name\":\"Home\"}},{\"@type\":\"ListItem\",\"@id\":\"https:\\\/\\\/www.50a50.org\\\/es\\\/sector-comercio-en-el-ciclo-de-liderazgo-femenino\\\/#listItem\",\"position\":3,\"name\":\"Sector comercio en el ciclo de liderazgo femenino\",\"previousItem\":{\"@type\":\"ListItem\",\"@id\":\"https:\\\/\\\/www.50a50.org\\\/es\\\/category\\\/activitats-es\\\/#listItem\",\"name\":\"Actividades\"}}]},{\"@type\":\"Organization\",\"@id\":\"https:\\\/\\\/www.50a50.org\\\/es\\\/#organization\",\"name\":\"50a50\",\"description\":\"Dones directives i professionals per la paritat\",\"url\":\"https:\\\/\\\/www.50a50.org\\\/es\\\/\"},{\"@type\":\"Person\",\"@id\":\"https:\\\/\\\/www.50a50.org\\\/es\\\/author\\\/backoffice\\\/#author\",\"url\":\"https:\\\/\\\/www.50a50.org\\\/es\\\/author\\\/backoffice\\\/\",\"name\":\"50a50\"},{\"@type\":\"WebPage\",\"@id\":\"https:\\\/\\\/www.50a50.org\\\/es\\\/sector-comercio-en-el-ciclo-de-liderazgo-femenino\\\/#webpage\",\"url\":\"https:\\\/\\\/www.50a50.org\\\/es\\\/sector-comercio-en-el-ciclo-de-liderazgo-femenino\\\/\",\"name\":\"Sector comercio en el ciclo de liderazgo femenino | 50a50\",\"inLanguage\":\"es-ES\",\"isPartOf\":{\"@id\":\"https:\\\/\\\/www.50a50.org\\\/es\\\/#website\"},\"breadcrumb\":{\"@id\":\"https:\\\/\\\/www.50a50.org\\\/es\\\/sector-comercio-en-el-ciclo-de-liderazgo-femenino\\\/#breadcrumblist\"},\"author\":{\"@id\":\"https:\\\/\\\/www.50a50.org\\\/es\\\/author\\\/backoffice\\\/#author\"},\"creator\":{\"@id\":\"https:\\\/\\\/www.50a50.org\\\/es\\\/author\\\/backoffice\\\/#author\"},\"image\":{\"@type\":\"ImageObject\",\"url\":\"https:\\\/\\\/www.50a50.org\\\/wp-content\\\/uploads\\\/2021\\\/01\\\/50a50-Cicle-Barcelona-Activa-lideratge-femeni-COMERC.jpg\",\"@id\":\"https:\\\/\\\/www.50a50.org\\\/es\\\/sector-comercio-en-el-ciclo-de-liderazgo-femenino\\\/#mainImage\",\"width\":1417,\"height\":945},\"primaryImageOfPage\":{\"@id\":\"https:\\\/\\\/www.50a50.org\\\/es\\\/sector-comercio-en-el-ciclo-de-liderazgo-femenino\\\/#mainImage\"},\"datePublished\":\"2021-01-28T16:53:40+00:00\",\"dateModified\":\"2021-01-28T16:53:42+00:00\"},{\"@type\":\"WebSite\",\"@id\":\"https:\\\/\\\/www.50a50.org\\\/es\\\/#website\",\"url\":\"https:\\\/\\\/www.50a50.org\\\/es\\\/\",\"name\":\"50a50\",\"description\":\"Dones directives i professionals per la paritat\",\"inLanguage\":\"es-ES\",\"publisher\":{\"@id\":\"https:\\\/\\\/www.50a50.org\\\/es\\\/#organization\"}}]}\n\t\t<\/script>\n\t\t<!-- All in One SEO -->\n\n","aioseo_head_json":{"title":"Sector comercio en el ciclo de liderazgo femenino | 50a50","description":"","canonical_url":"https:\/\/www.50a50.org\/es\/sector-comercio-en-el-ciclo-de-liderazgo-femenino\/","robots":"max-image-preview:large","keywords":"","webmasterTools":{"miscellaneous":""},"schema":{"@context":"https:\/\/schema.org","@graph":[{"@type":"Article","@id":"https:\/\/www.50a50.org\/es\/sector-comercio-en-el-ciclo-de-liderazgo-femenino\/#article","name":"Sector comercio en el ciclo de liderazgo femenino | 50a50","headline":"Sector comercio en el ciclo de liderazgo femenino","author":{"@id":"https:\/\/www.50a50.org\/es\/author\/backoffice\/#author"},"publisher":{"@id":"https:\/\/www.50a50.org\/es\/#organization"},"image":{"@type":"ImageObject","url":"https:\/\/www.50a50.org\/wp-content\/uploads\/2021\/01\/50a50-Cicle-Barcelona-Activa-lideratge-femeni-COMERC.jpg","width":1417,"height":945},"datePublished":"2021-01-28T16:53:40+00:00","dateModified":"2021-01-28T16:53:42+00:00","inLanguage":"es-ES","mainEntityOfPage":{"@id":"https:\/\/www.50a50.org\/es\/sector-comercio-en-el-ciclo-de-liderazgo-femenino\/#webpage"},"isPartOf":{"@id":"https:\/\/www.50a50.org\/es\/sector-comercio-en-el-ciclo-de-liderazgo-femenino\/#webpage"},"articleSection":"Actividades, Barcelona Activa, Confer\u00e8ncies, feminismo, formaci\u00f3n, talento femenino"},{"@type":"BreadcrumbList","@id":"https:\/\/www.50a50.org\/es\/sector-comercio-en-el-ciclo-de-liderazgo-femenino\/#breadcrumblist","itemListElement":[{"@type":"ListItem","@id":"https:\/\/www.50a50.org\/es\/#listItem","position":1,"name":"Home","item":"https:\/\/www.50a50.org\/es\/","nextItem":{"@type":"ListItem","@id":"https:\/\/www.50a50.org\/es\/category\/activitats-es\/#listItem","name":"Actividades"}},{"@type":"ListItem","@id":"https:\/\/www.50a50.org\/es\/category\/activitats-es\/#listItem","position":2,"name":"Actividades","item":"https:\/\/www.50a50.org\/es\/category\/activitats-es\/","nextItem":{"@type":"ListItem","@id":"https:\/\/www.50a50.org\/es\/sector-comercio-en-el-ciclo-de-liderazgo-femenino\/#listItem","name":"Sector comercio en el ciclo de liderazgo femenino"},"previousItem":{"@type":"ListItem","@id":"https:\/\/www.50a50.org\/es\/#listItem","name":"Home"}},{"@type":"ListItem","@id":"https:\/\/www.50a50.org\/es\/sector-comercio-en-el-ciclo-de-liderazgo-femenino\/#listItem","position":3,"name":"Sector comercio en el ciclo de liderazgo femenino","previousItem":{"@type":"ListItem","@id":"https:\/\/www.50a50.org\/es\/category\/activitats-es\/#listItem","name":"Actividades"}}]},{"@type":"Organization","@id":"https:\/\/www.50a50.org\/es\/#organization","name":"50a50","description":"Dones directives i professionals per la paritat","url":"https:\/\/www.50a50.org\/es\/"},{"@type":"Person","@id":"https:\/\/www.50a50.org\/es\/author\/backoffice\/#author","url":"https:\/\/www.50a50.org\/es\/author\/backoffice\/","name":"50a50"},{"@type":"WebPage","@id":"https:\/\/www.50a50.org\/es\/sector-comercio-en-el-ciclo-de-liderazgo-femenino\/#webpage","url":"https:\/\/www.50a50.org\/es\/sector-comercio-en-el-ciclo-de-liderazgo-femenino\/","name":"Sector comercio en el ciclo de liderazgo femenino | 50a50","inLanguage":"es-ES","isPartOf":{"@id":"https:\/\/www.50a50.org\/es\/#website"},"breadcrumb":{"@id":"https:\/\/www.50a50.org\/es\/sector-comercio-en-el-ciclo-de-liderazgo-femenino\/#breadcrumblist"},"author":{"@id":"https:\/\/www.50a50.org\/es\/author\/backoffice\/#author"},"creator":{"@id":"https:\/\/www.50a50.org\/es\/author\/backoffice\/#author"},"image":{"@type":"ImageObject","url":"https:\/\/www.50a50.org\/wp-content\/uploads\/2021\/01\/50a50-Cicle-Barcelona-Activa-lideratge-femeni-COMERC.jpg","@id":"https:\/\/www.50a50.org\/es\/sector-comercio-en-el-ciclo-de-liderazgo-femenino\/#mainImage","width":1417,"height":945},"primaryImageOfPage":{"@id":"https:\/\/www.50a50.org\/es\/sector-comercio-en-el-ciclo-de-liderazgo-femenino\/#mainImage"},"datePublished":"2021-01-28T16:53:40+00:00","dateModified":"2021-01-28T16:53:42+00:00"},{"@type":"WebSite","@id":"https:\/\/www.50a50.org\/es\/#website","url":"https:\/\/www.50a50.org\/es\/","name":"50a50","description":"Dones directives i professionals per la paritat","inLanguage":"es-ES","publisher":{"@id":"https:\/\/www.50a50.org\/es\/#organization"}}]},"og:locale":"es_ES","og:site_name":"50a50 | Dones directives i professionals per la paritat","og:type":"article","og:title":"Sector comercio en el ciclo de liderazgo femenino | 50a50","og:url":"https:\/\/www.50a50.org\/es\/sector-comercio-en-el-ciclo-de-liderazgo-femenino\/","article:published_time":"2021-01-28T16:53:40+00:00","article:modified_time":"2021-01-28T16:53:42+00:00","twitter:card":"summary","twitter:title":"Sector comercio en el ciclo de liderazgo femenino | 50a50"},"aioseo_meta_data":{"post_id":"6523","title":null,"description":null,"keywords":[],"keyphrases":{"focus":[],"additional":[]},"primary_term":null,"canonical_url":null,"og_title":null,"og_description":null,"og_object_type":"default","og_image_type":"default","og_image_url":null,"og_image_width":null,"og_image_height":null,"og_image_custom_url":null,"og_image_custom_fields":null,"og_video":"","og_custom_url":null,"og_article_section":null,"og_article_tags":[],"twitter_use_og":false,"twitter_card":"default","twitter_image_type":"default","twitter_image_url":null,"twitter_image_custom_url":null,"twitter_image_custom_fields":null,"twitter_title":null,"twitter_description":null,"schema":{"blockGraphs":[],"customGraphs":[],"default":{"data":{"Article":[],"Course":[],"Dataset":[],"FAQPage":[],"Movie":[],"Person":[],"Product":[],"ProductReview":[],"Car":[],"Recipe":[],"Service":[],"SoftwareApplication":[],"WebPage":[]},"graphName":"","isEnabled":true},"graphs":[]},"schema_type":"none","schema_type_options":"{\"webPage\":{\"webPageType\":\"WebPage\"},\"article\":{\"articleType\":\"BlogPosting\"},\"book\":[],\"course\":[],\"event\":[],\"jobPosting\":[],\"music\":[],\"person\":[],\"product\":[],\"recipe\":[],\"restaurant\":[],\"service\":[],\"software\":[],\"video\":[]}","pillar_content":false,"robots_default":true,"robots_noindex":false,"robots_noarchive":false,"robots_nosnippet":false,"robots_nofollow":false,"robots_noimageindex":false,"robots_noodp":false,"robots_notranslate":false,"robots_max_snippet":"-1","robots_max_videopreview":"-1","robots_max_imagepreview":"large","priority":null,"frequency":"default","local_seo":{"businessInfo":{"name":"","urls":{"website":"","aboutPage":"","contactPage":""},"address":{"line1":"","line2":"","zip":"","city":"","state":"","country":""},"contact":{"email":"","phone":"","fax":""},"ids":{"vatID":"","taxID":"","chamberID":""},"payment":{"priceIndication":"","currenciesAccepted":"","methodsAccepted":""},"areaServed":""},"openingHours":{"show":false,"closedLabel":"","open24h":false,"open24hLabel":"","open247":false,"use24hFormat":false,"twoSets":false,"timezone":"","hours":[]}},"breadcrumb_settings":null,"limit_modified_date":false,"ai":null,"created":"2021-01-28 16:51:03","updated":"2025-06-10 18:37:15","seo_analyzer_scan_date":null,"focus_keyword":null,"additional_keywords":null,"truseo_locale":null},"aioseo_breadcrumb":"<div class=\"aioseo-breadcrumbs\"><span class=\"aioseo-breadcrumb\">\n\t\t\t<a href=\"https:\/\/www.50a50.org\/es\/\" title=\"Home\">Home<\/a>\n\t\t<\/span><span class=\"aioseo-breadcrumb-separator\">&raquo;<\/span><span class=\"aioseo-breadcrumb\">\n\t\t\t<a href=\"https:\/\/www.50a50.org\/es\/category\/activitats-es\/\" title=\"Actividades\">Actividades<\/a>\n\t\t<\/span><span class=\"aioseo-breadcrumb-separator\">&raquo;<\/span><span class=\"aioseo-breadcrumb\">\n\t\t\tSector comercio en el ciclo de liderazgo femenino\n\t\t<\/span><\/div>","aioseo_breadcrumb_json":[{"label":"Home","link":"https:\/\/www.50a50.org\/es\/"},{"label":"Actividades","link":"https:\/\/www.50a50.org\/es\/category\/activitats-es\/"},{"label":"Sector comercio en el ciclo de liderazgo femenino","link":"https:\/\/www.50a50.org\/es\/sector-comercio-en-el-ciclo-de-liderazgo-femenino\/"}],"_links":{"self":[{"href":"https:\/\/www.50a50.org\/es\/wp-json\/wp\/v2\/posts\/6523","targetHints":{"allow":["GET"]}}],"collection":[{"href":"https:\/\/www.50a50.org\/es\/wp-json\/wp\/v2\/posts"}],"about":[{"href":"https:\/\/www.50a50.org\/es\/wp-json\/wp\/v2\/types\/post"}],"author":[{"embeddable":true,"href":"https:\/\/www.50a50.org\/es\/wp-json\/wp\/v2\/users\/1"}],"replies":[{"embeddable":true,"href":"https:\/\/www.50a50.org\/es\/wp-json\/wp\/v2\/comments?post=6523"}],"version-history":[{"count":0,"href":"https:\/\/www.50a50.org\/es\/wp-json\/wp\/v2\/posts\/6523\/revisions"}],"wp:featuredmedia":[{"embeddable":true,"href":"https:\/\/www.50a50.org\/es\/wp-json\/wp\/v2\/media\/6520"}],"wp:attachment":[{"href":"https:\/\/www.50a50.org\/es\/wp-json\/wp\/v2\/media?parent=6523"}],"wp:term":[{"taxonomy":"category","embeddable":true,"href":"https:\/\/www.50a50.org\/es\/wp-json\/wp\/v2\/categories?post=6523"},{"taxonomy":"post_tag","embeddable":true,"href":"https:\/\/www.50a50.org\/es\/wp-json\/wp\/v2\/tags?post=6523"}],"curies":[{"name":"wp","href":"https:\/\/api.w.org\/{rel}","templated":true}]}}