{"id":6228,"date":"2020-09-07T17:01:48","date_gmt":"2020-09-07T17:01:48","guid":{"rendered":"https:\/\/www.50a50.org\/?p=6228"},"modified":"2020-09-07T17:01:49","modified_gmt":"2020-09-07T17:01:49","slug":"asamblea-general-de-socias","status":"publish","type":"post","link":"https:\/\/www.50a50.org\/es\/asamblea-general-de-socias\/","title":{"rendered":"Asamblea general de socias"},"content":{"rendered":"<p><div class=\"fusion-fullwidth fullwidth-box fusion-builder-row-1 fusion-flex-container nonhundred-percent-fullwidth non-hundred-percent-height-scrolling\" style=\"--awb-border-radius-top-left:0px;--awb-border-radius-top-right:0px;--awb-border-radius-bottom-right:0px;--awb-border-radius-bottom-left:0px;--awb-flex-wrap:wrap;\" ><div class=\"fusion-builder-row fusion-row fusion-flex-align-items-flex-start fusion-flex-content-wrap\" style=\"max-width:1216.8px;margin-left: calc(-4% \/ 2 );margin-right: calc(-4% \/ 2 );\"><div class=\"fusion-layout-column fusion_builder_column fusion-builder-column-0 fusion_builder_column_1_1 1_1 fusion-flex-column\" style=\"--awb-bg-size:cover;--awb-width-large:100%;--awb-margin-top-large:0px;--awb-spacing-right-large:1.92%;--awb-margin-bottom-large:20px;--awb-spacing-left-large:1.92%;--awb-width-medium:100%;--awb-order-medium:0;--awb-spacing-right-medium:1.92%;--awb-spacing-left-medium:1.92%;--awb-width-small:100%;--awb-order-small:0;--awb-spacing-right-small:1.92%;--awb-spacing-left-small:1.92%;\"><div class=\"fusion-column-wrapper fusion-column-has-shadow fusion-flex-justify-content-flex-start fusion-content-layout-column\"><div class=\"fusion-image-element \" style=\"text-align:center;--awb-max-width:2000px;--awb-caption-title-font-family:var(--h2_typography-font-family);--awb-caption-title-font-weight:var(--h2_typography-font-weight);--awb-caption-title-font-style:var(--h2_typography-font-style);--awb-caption-title-size:var(--h2_typography-font-size);--awb-caption-title-transform:var(--h2_typography-text-transform);--awb-caption-title-line-height:var(--h2_typography-line-height);--awb-caption-title-letter-spacing:var(--h2_typography-letter-spacing);\"><span class=\" fusion-imageframe imageframe-none imageframe-1 hover-type-none\"><img decoding=\"async\" width=\"1306\" height=\"663\" title=\"50a50- Assemblea 2020\" src=\"https:\/\/www.50a50.org\/wp-content\/uploads\/2020\/09\/50a50-Assemblea-2020.jpg\" alt class=\"img-responsive wp-image-6226\" srcset=\"https:\/\/www.50a50.org\/wp-content\/uploads\/2020\/09\/50a50-Assemblea-2020-200x102.jpg 200w, https:\/\/www.50a50.org\/wp-content\/uploads\/2020\/09\/50a50-Assemblea-2020-400x203.jpg 400w, https:\/\/www.50a50.org\/wp-content\/uploads\/2020\/09\/50a50-Assemblea-2020-600x305.jpg 600w, https:\/\/www.50a50.org\/wp-content\/uploads\/2020\/09\/50a50-Assemblea-2020-800x406.jpg 800w, https:\/\/www.50a50.org\/wp-content\/uploads\/2020\/09\/50a50-Assemblea-2020-1200x609.jpg 1200w, https:\/\/www.50a50.org\/wp-content\/uploads\/2020\/09\/50a50-Assemblea-2020.jpg 1306w\" sizes=\"(max-width: 1024px) 100vw, (max-width: 640px) 100vw, 1200px\" \/><\/span><\/div><div class=\"fusion-separator fusion-full-width-sep\" style=\"align-self: center;margin-left: auto;margin-right: auto;margin-top:15px;margin-bottom:15px;width:100%;\"><div class=\"fusion-separator-border sep-single\" style=\"--awb-height:20px;--awb-amount:20px;border-color:#e0dede;border-top-width:0px;\"><\/div><\/div><div class=\"fusion-separator fusion-full-width-sep\" style=\"align-self: center;margin-left: auto;margin-right: auto;margin-top:15px;margin-bottom:15px;width:100%;\"><div class=\"fusion-separator-border sep-single\" style=\"--awb-height:20px;--awb-amount:20px;border-color:#e0dede;border-top-width:0px;\"><\/div><\/div><\/div><\/div><\/div><\/div><div class=\"fusion-fullwidth fullwidth-box fusion-builder-row-2 fusion-flex-container nonhundred-percent-fullwidth non-hundred-percent-height-scrolling\" style=\"--awb-border-radius-top-left:0px;--awb-border-radius-top-right:0px;--awb-border-radius-bottom-right:0px;--awb-border-radius-bottom-left:0px;--awb-flex-wrap:wrap;\" ><div class=\"fusion-builder-row fusion-row fusion-flex-align-items-flex-start fusion-flex-content-wrap\" style=\"max-width:1216.8px;margin-left: calc(-4% \/ 2 );margin-right: calc(-4% \/ 2 );\"><div class=\"fusion-layout-column fusion_builder_column fusion-builder-column-1 fusion_builder_column_1_5 1_5 fusion-flex-column\" style=\"--awb-bg-size:cover;--awb-width-large:20%;--awb-margin-top-large:0px;--awb-spacing-right-large:9.6%;--awb-margin-bottom-large:20px;--awb-spacing-left-large:9.6%;--awb-width-medium:100%;--awb-order-medium:0;--awb-spacing-right-medium:1.92%;--awb-spacing-left-medium:1.92%;--awb-width-small:100%;--awb-order-small:0;--awb-spacing-right-small:1.92%;--awb-spacing-left-small:1.92%;\"><div class=\"fusion-column-wrapper fusion-column-has-shadow fusion-flex-justify-content-flex-start fusion-content-layout-column\"><\/div><\/div><div class=\"fusion-layout-column fusion_builder_column fusion-builder-column-2 fusion_builder_column_3_5 3_5 fusion-flex-column\" style=\"--awb-bg-size:cover;--awb-width-large:60%;--awb-margin-top-large:0px;--awb-spacing-right-large:3.2%;--awb-margin-bottom-large:20px;--awb-spacing-left-large:3.2%;--awb-width-medium:100%;--awb-order-medium:0;--awb-spacing-right-medium:1.92%;--awb-spacing-left-medium:1.92%;--awb-width-small:100%;--awb-order-small:0;--awb-spacing-right-small:1.92%;--awb-spacing-left-small:1.92%;\"><div class=\"fusion-column-wrapper fusion-column-has-shadow fusion-flex-justify-content-flex-start fusion-content-layout-column\"><div class=\"fusion-title title fusion-title-1 fusion-sep-none fusion-title-text fusion-title-size-one\"><h1 class=\"fusion-title-heading title-heading-left\" style=\"margin:0;\"><h2>Asamblea general de socias<\/h2><\/h1><\/div><div class=\"fusion-separator fusion-full-width-sep\" style=\"align-self: center;margin-left: auto;margin-right: auto;margin-top:15px;margin-bottom:15px;width:100%;\"><div class=\"fusion-separator-border sep-single\" style=\"--awb-height:20px;--awb-amount:20px;border-color:#e0dede;border-top-width:0px;\"><\/div><\/div><div class=\"fusion-separator fusion-full-width-sep\" style=\"align-self: center;margin-left: auto;margin-right: auto;margin-top:15px;margin-bottom:15px;width:100%;\"><div class=\"fusion-separator-border sep-single\" style=\"--awb-height:20px;--awb-amount:20px;border-color:#e0dede;border-top-width:0px;\"><\/div><\/div><div class=\"fusion-text fusion-text-1\"><p>La <strong>Asamblea General Ordinaria de la asociaci\u00f3n 50a50<\/strong> tendr\u00e1 lugar el <strong>martes 15 de septiembre<\/strong> de 2020, a las 17.45h en primera convocatoria y a las 18.00h en segunda convocatoria, en formato telem\u00e1tico a trav\u00e9s de Zoom por responsabilidad ante las restricciones anti Covid-19, y con el siguiente orden del d\u00eda:<\/p>\n<p>.- Bienvenida.<\/p>\n<p>1. Aprobaci\u00f3n, si procede, del acta de la sesi\u00f3n anterior (se adjunta).<\/p>\n<p>2. Presentaci\u00f3n y aprobaci\u00f3n, si procede, del informe de gesti\u00f3n de la junta de 2019.<\/p>\n<p>3. Presentaci\u00f3n y aprobaci\u00f3n, si procede, de las cuentas del ejercicio de 2019.<\/p>\n<p>4. Informe de altas y bajas de socias.<\/p>\n<p>5. Presentaci\u00f3n y aprobaci\u00f3n, si procede, de las modificaciones de los estatutos de la asociaci\u00f3n.<\/p>\n<p>6. Presentaci\u00f3n de los cambios de la junta directiva y aprobaci\u00f3n, si procede, del sistema de votaci\u00f3n en asamblea extraordinaria telem\u00e1tica.<\/p>\n<p>7. Presentaci\u00f3n y aprobaci\u00f3n, si procede, de la solicitud de entidad de utilidad p\u00fablica.<\/p>\n<p>8. Presentaci\u00f3n del plan de acci\u00f3n 2020-2021.<\/p>\n<p>9. Presentaci\u00f3n y aprobaci\u00f3n, si procede, del presupuesto del ejercicio 2020.<\/p>\n<p>10. Informe de la presidenta de la asociaci\u00f3n 50a50.<\/p>\n<p>11. Turno abierto de palabras.<\/p>\n<p>La documentaci\u00f3n de la sesi\u00f3n estar\u00e1 disponible para todas las socias a partir del pr\u00f3ximo 8 de septiembre bajo petici\u00f3n.<\/p>\n<p><strong>Es necesario confirmar la asistencia escribiendo al correo electr\u00f3nico <\/strong><a href=\"mailto:info@50a50.org\"><strong>info@50a50.org<\/strong><\/a><strong>. Las socias correctamente inscritas recibir\u00e1n el enlace de la sesi\u00f3n en el mensaje de recordatorio.<\/strong><\/p>\n<p>En el caso de no poder asistir, se ruega delegar el voto en otra socia a trav\u00e9s del formulario de delegaci\u00f3n de voto, disponible bajo petici\u00f3n.<\/p>\n<\/div><\/div><\/div><div class=\"fusion-layout-column fusion_builder_column fusion-builder-column-3 fusion_builder_column_1_5 1_5 fusion-flex-column\" style=\"--awb-bg-size:cover;--awb-width-large:20%;--awb-margin-top-large:0px;--awb-spacing-right-large:9.6%;--awb-margin-bottom-large:20px;--awb-spacing-left-large:9.6%;--awb-width-medium:100%;--awb-order-medium:0;--awb-spacing-right-medium:1.92%;--awb-spacing-left-medium:1.92%;--awb-width-small:100%;--awb-order-small:0;--awb-spacing-right-small:1.92%;--awb-spacing-left-small:1.92%;\"><div class=\"fusion-column-wrapper fusion-column-has-shadow fusion-flex-justify-content-flex-start fusion-content-layout-column\"><\/div><\/div><\/div><\/div><\/p>\n","protected":false},"excerpt":{"rendered":"<p>La Asamblea General Ordinaria de la asociaci\u00f3n 50a50 tendr\u00e1 lugar el martes 15 de septiembre de 2020, a las 17.45h en primera convocatoria y a las 18.00h en segunda convocatoria, en formato telem\u00e1tico a trav\u00e9s de Zoom por responsabilidad ante las restricciones anti Covid-19.<\/p>\n","protected":false},"author":1,"featured_media":6226,"comment_status":"closed","ping_status":"closed","sticky":false,"template":"","format":"standard","meta":{"footnotes":""},"categories":[251],"tags":[305,297],"class_list":["post-6228","post","type-post","status-publish","format-standard","has-post-thumbnail","hentry","category-activitats-es","tag-asamblea-general","tag-socias-50a50"],"aioseo_notices":[],"aioseo_head":"\n\t\t<!-- All in One SEO 5.0.0.1 - aioseo.com -->\n\t<meta name=\"description\" content=\"La Asamblea General Ordinaria de la asociaci\u00f3n 50a50 tendr\u00e1 lugar el martes 15 de septiembre de 2020, a las 17.45h en primera convocatoria y a las 18.00h en segunda convocatoria, en formato telem\u00e1tico a trav\u00e9s de Zoom por responsabilidad ante las restricciones anti Covid-19.\" \/>\n\t<meta name=\"robots\" content=\"max-image-preview:large\" \/>\n\t<meta name=\"author\" content=\"50a50\"\/>\n\t<link rel=\"canonical\" href=\"https:\/\/www.50a50.org\/es\/asamblea-general-de-socias\/\" \/>\n\t<meta name=\"generator\" content=\"All in One SEO (AIOSEO) 5.0.0.1\" \/>\n\t\t<meta property=\"og:locale\" content=\"es_ES\" \/>\n\t\t<meta property=\"og:site_name\" content=\"50a50 | Dones directives i professionals per la paritat\" \/>\n\t\t<meta property=\"og:type\" content=\"article\" \/>\n\t\t<meta property=\"og:title\" content=\"Asamblea general de socias | 50a50\" \/>\n\t\t<meta property=\"og:description\" content=\"La Asamblea General Ordinaria de la asociaci\u00f3n 50a50 tendr\u00e1 lugar el martes 15 de septiembre de 2020, a las 17.45h en primera convocatoria y a las 18.00h en segunda convocatoria, en formato telem\u00e1tico a trav\u00e9s de Zoom por responsabilidad ante las restricciones anti Covid-19.\" \/>\n\t\t<meta property=\"og:url\" content=\"https:\/\/www.50a50.org\/es\/asamblea-general-de-socias\/\" \/>\n\t\t<meta property=\"article:published_time\" content=\"2020-09-07T17:01:48+00:00\" \/>\n\t\t<meta property=\"article:modified_time\" content=\"2020-09-07T17:01:49+00:00\" \/>\n\t\t<meta name=\"twitter:card\" content=\"summary\" \/>\n\t\t<meta name=\"twitter:title\" content=\"Asamblea general de socias | 50a50\" \/>\n\t\t<meta name=\"twitter:description\" content=\"La Asamblea General Ordinaria de la asociaci\u00f3n 50a50 tendr\u00e1 lugar el martes 15 de septiembre de 2020, a las 17.45h en primera convocatoria y a las 18.00h en segunda convocatoria, en formato telem\u00e1tico a trav\u00e9s de Zoom por responsabilidad ante las restricciones anti Covid-19.\" \/>\n\t\t<script type=\"application\/ld+json\" class=\"aioseo-schema\">\n\t\t\t{\"@context\":\"https:\\\/\\\/schema.org\",\"@graph\":[{\"@type\":\"Article\",\"@id\":\"https:\\\/\\\/www.50a50.org\\\/es\\\/asamblea-general-de-socias\\\/#article\",\"name\":\"Asamblea general de socias | 50a50\",\"headline\":\"Asamblea general de socias\",\"author\":{\"@id\":\"https:\\\/\\\/www.50a50.org\\\/es\\\/author\\\/backoffice\\\/#author\"},\"publisher\":{\"@id\":\"https:\\\/\\\/www.50a50.org\\\/es\\\/#organization\"},\"image\":{\"@type\":\"ImageObject\",\"url\":\"https:\\\/\\\/www.50a50.org\\\/wp-content\\\/uploads\\\/2020\\\/09\\\/50a50-Assemblea-2020.jpg\",\"width\":1306,\"height\":663},\"datePublished\":\"2020-09-07T17:01:48+00:00\",\"dateModified\":\"2020-09-07T17:01:49+00:00\",\"inLanguage\":\"es-ES\",\"mainEntityOfPage\":{\"@id\":\"https:\\\/\\\/www.50a50.org\\\/es\\\/asamblea-general-de-socias\\\/#webpage\"},\"isPartOf\":{\"@id\":\"https:\\\/\\\/www.50a50.org\\\/es\\\/asamblea-general-de-socias\\\/#webpage\"},\"articleSection\":\"Actividades, asamblea general, socias 50a50\"},{\"@type\":\"BreadcrumbList\",\"@id\":\"https:\\\/\\\/www.50a50.org\\\/es\\\/asamblea-general-de-socias\\\/#breadcrumblist\",\"itemListElement\":[{\"@type\":\"ListItem\",\"@id\":\"https:\\\/\\\/www.50a50.org\\\/es\\\/#listItem\",\"position\":1,\"name\":\"Home\",\"item\":\"https:\\\/\\\/www.50a50.org\\\/es\\\/\",\"nextItem\":{\"@type\":\"ListItem\",\"@id\":\"https:\\\/\\\/www.50a50.org\\\/es\\\/category\\\/activitats-es\\\/#listItem\",\"name\":\"Actividades\"}},{\"@type\":\"ListItem\",\"@id\":\"https:\\\/\\\/www.50a50.org\\\/es\\\/category\\\/activitats-es\\\/#listItem\",\"position\":2,\"name\":\"Actividades\",\"item\":\"https:\\\/\\\/www.50a50.org\\\/es\\\/category\\\/activitats-es\\\/\",\"nextItem\":{\"@type\":\"ListItem\",\"@id\":\"https:\\\/\\\/www.50a50.org\\\/es\\\/asamblea-general-de-socias\\\/#listItem\",\"name\":\"Asamblea general de socias\"},\"previousItem\":{\"@type\":\"ListItem\",\"@id\":\"https:\\\/\\\/www.50a50.org\\\/es\\\/#listItem\",\"name\":\"Home\"}},{\"@type\":\"ListItem\",\"@id\":\"https:\\\/\\\/www.50a50.org\\\/es\\\/asamblea-general-de-socias\\\/#listItem\",\"position\":3,\"name\":\"Asamblea general de socias\",\"previousItem\":{\"@type\":\"ListItem\",\"@id\":\"https:\\\/\\\/www.50a50.org\\\/es\\\/category\\\/activitats-es\\\/#listItem\",\"name\":\"Actividades\"}}]},{\"@type\":\"Organization\",\"@id\":\"https:\\\/\\\/www.50a50.org\\\/es\\\/#organization\",\"name\":\"50a50\",\"description\":\"Dones directives i professionals per la paritat\",\"url\":\"https:\\\/\\\/www.50a50.org\\\/es\\\/\"},{\"@type\":\"Person\",\"@id\":\"https:\\\/\\\/www.50a50.org\\\/es\\\/author\\\/backoffice\\\/#author\",\"url\":\"https:\\\/\\\/www.50a50.org\\\/es\\\/author\\\/backoffice\\\/\",\"name\":\"50a50\"},{\"@type\":\"WebPage\",\"@id\":\"https:\\\/\\\/www.50a50.org\\\/es\\\/asamblea-general-de-socias\\\/#webpage\",\"url\":\"https:\\\/\\\/www.50a50.org\\\/es\\\/asamblea-general-de-socias\\\/\",\"name\":\"Asamblea general de socias | 50a50\",\"description\":\"La Asamblea General Ordinaria de la asociaci\\u00f3n 50a50 tendr\\u00e1 lugar el martes 15 de septiembre de 2020, a las 17.45h en primera convocatoria y a las 18.00h en segunda convocatoria, en formato telem\\u00e1tico a trav\\u00e9s de Zoom por responsabilidad ante las restricciones anti Covid-19.\",\"inLanguage\":\"es-ES\",\"isPartOf\":{\"@id\":\"https:\\\/\\\/www.50a50.org\\\/es\\\/#website\"},\"breadcrumb\":{\"@id\":\"https:\\\/\\\/www.50a50.org\\\/es\\\/asamblea-general-de-socias\\\/#breadcrumblist\"},\"author\":{\"@id\":\"https:\\\/\\\/www.50a50.org\\\/es\\\/author\\\/backoffice\\\/#author\"},\"creator\":{\"@id\":\"https:\\\/\\\/www.50a50.org\\\/es\\\/author\\\/backoffice\\\/#author\"},\"image\":{\"@type\":\"ImageObject\",\"url\":\"https:\\\/\\\/www.50a50.org\\\/wp-content\\\/uploads\\\/2020\\\/09\\\/50a50-Assemblea-2020.jpg\",\"@id\":\"https:\\\/\\\/www.50a50.org\\\/es\\\/asamblea-general-de-socias\\\/#mainImage\",\"width\":1306,\"height\":663},\"primaryImageOfPage\":{\"@id\":\"https:\\\/\\\/www.50a50.org\\\/es\\\/asamblea-general-de-socias\\\/#mainImage\"},\"datePublished\":\"2020-09-07T17:01:48+00:00\",\"dateModified\":\"2020-09-07T17:01:49+00:00\"},{\"@type\":\"WebSite\",\"@id\":\"https:\\\/\\\/www.50a50.org\\\/es\\\/#website\",\"url\":\"https:\\\/\\\/www.50a50.org\\\/es\\\/\",\"name\":\"50a50\",\"description\":\"Dones directives i professionals per la paritat\",\"inLanguage\":\"es-ES\",\"publisher\":{\"@id\":\"https:\\\/\\\/www.50a50.org\\\/es\\\/#organization\"}}]}\n\t\t<\/script>\n\t\t<!-- All in One SEO -->\n\n","aioseo_head_json":{"title":"Asamblea general de socias | 50a50","description":"La Asamblea General Ordinaria de la asociaci\u00f3n 50a50 tendr\u00e1 lugar el martes 15 de septiembre de 2020, a las 17.45h en primera convocatoria y a las 18.00h en segunda convocatoria, en formato telem\u00e1tico a trav\u00e9s de Zoom por responsabilidad ante las restricciones anti Covid-19.","canonical_url":"https:\/\/www.50a50.org\/es\/asamblea-general-de-socias\/","robots":"max-image-preview:large","keywords":"","webmasterTools":{"miscellaneous":""},"schema":{"@context":"https:\/\/schema.org","@graph":[{"@type":"Article","@id":"https:\/\/www.50a50.org\/es\/asamblea-general-de-socias\/#article","name":"Asamblea general de socias | 50a50","headline":"Asamblea general de socias","author":{"@id":"https:\/\/www.50a50.org\/es\/author\/backoffice\/#author"},"publisher":{"@id":"https:\/\/www.50a50.org\/es\/#organization"},"image":{"@type":"ImageObject","url":"https:\/\/www.50a50.org\/wp-content\/uploads\/2020\/09\/50a50-Assemblea-2020.jpg","width":1306,"height":663},"datePublished":"2020-09-07T17:01:48+00:00","dateModified":"2020-09-07T17:01:49+00:00","inLanguage":"es-ES","mainEntityOfPage":{"@id":"https:\/\/www.50a50.org\/es\/asamblea-general-de-socias\/#webpage"},"isPartOf":{"@id":"https:\/\/www.50a50.org\/es\/asamblea-general-de-socias\/#webpage"},"articleSection":"Actividades, asamblea general, socias 50a50"},{"@type":"BreadcrumbList","@id":"https:\/\/www.50a50.org\/es\/asamblea-general-de-socias\/#breadcrumblist","itemListElement":[{"@type":"ListItem","@id":"https:\/\/www.50a50.org\/es\/#listItem","position":1,"name":"Home","item":"https:\/\/www.50a50.org\/es\/","nextItem":{"@type":"ListItem","@id":"https:\/\/www.50a50.org\/es\/category\/activitats-es\/#listItem","name":"Actividades"}},{"@type":"ListItem","@id":"https:\/\/www.50a50.org\/es\/category\/activitats-es\/#listItem","position":2,"name":"Actividades","item":"https:\/\/www.50a50.org\/es\/category\/activitats-es\/","nextItem":{"@type":"ListItem","@id":"https:\/\/www.50a50.org\/es\/asamblea-general-de-socias\/#listItem","name":"Asamblea general de socias"},"previousItem":{"@type":"ListItem","@id":"https:\/\/www.50a50.org\/es\/#listItem","name":"Home"}},{"@type":"ListItem","@id":"https:\/\/www.50a50.org\/es\/asamblea-general-de-socias\/#listItem","position":3,"name":"Asamblea general de socias","previousItem":{"@type":"ListItem","@id":"https:\/\/www.50a50.org\/es\/category\/activitats-es\/#listItem","name":"Actividades"}}]},{"@type":"Organization","@id":"https:\/\/www.50a50.org\/es\/#organization","name":"50a50","description":"Dones directives i professionals per la paritat","url":"https:\/\/www.50a50.org\/es\/"},{"@type":"Person","@id":"https:\/\/www.50a50.org\/es\/author\/backoffice\/#author","url":"https:\/\/www.50a50.org\/es\/author\/backoffice\/","name":"50a50"},{"@type":"WebPage","@id":"https:\/\/www.50a50.org\/es\/asamblea-general-de-socias\/#webpage","url":"https:\/\/www.50a50.org\/es\/asamblea-general-de-socias\/","name":"Asamblea general de socias | 50a50","description":"La Asamblea General Ordinaria de la asociaci\u00f3n 50a50 tendr\u00e1 lugar el martes 15 de septiembre de 2020, a las 17.45h en primera convocatoria y a las 18.00h en segunda convocatoria, en formato telem\u00e1tico a trav\u00e9s de Zoom por responsabilidad ante las restricciones anti Covid-19.","inLanguage":"es-ES","isPartOf":{"@id":"https:\/\/www.50a50.org\/es\/#website"},"breadcrumb":{"@id":"https:\/\/www.50a50.org\/es\/asamblea-general-de-socias\/#breadcrumblist"},"author":{"@id":"https:\/\/www.50a50.org\/es\/author\/backoffice\/#author"},"creator":{"@id":"https:\/\/www.50a50.org\/es\/author\/backoffice\/#author"},"image":{"@type":"ImageObject","url":"https:\/\/www.50a50.org\/wp-content\/uploads\/2020\/09\/50a50-Assemblea-2020.jpg","@id":"https:\/\/www.50a50.org\/es\/asamblea-general-de-socias\/#mainImage","width":1306,"height":663},"primaryImageOfPage":{"@id":"https:\/\/www.50a50.org\/es\/asamblea-general-de-socias\/#mainImage"},"datePublished":"2020-09-07T17:01:48+00:00","dateModified":"2020-09-07T17:01:49+00:00"},{"@type":"WebSite","@id":"https:\/\/www.50a50.org\/es\/#website","url":"https:\/\/www.50a50.org\/es\/","name":"50a50","description":"Dones directives i professionals per la paritat","inLanguage":"es-ES","publisher":{"@id":"https:\/\/www.50a50.org\/es\/#organization"}}]},"og:locale":"es_ES","og:site_name":"50a50 | Dones directives i professionals per la paritat","og:type":"article","og:title":"Asamblea general de socias | 50a50","og:description":"La Asamblea General Ordinaria de la asociaci\u00f3n 50a50 tendr\u00e1 lugar el martes 15 de septiembre de 2020, a las 17.45h en primera convocatoria y a las 18.00h en segunda convocatoria, en formato telem\u00e1tico a trav\u00e9s de Zoom por responsabilidad ante las restricciones anti Covid-19.","og:url":"https:\/\/www.50a50.org\/es\/asamblea-general-de-socias\/","article:published_time":"2020-09-07T17:01:48+00:00","article:modified_time":"2020-09-07T17:01:49+00:00","twitter:card":"summary","twitter:title":"Asamblea general de socias | 50a50","twitter:description":"La Asamblea General Ordinaria de la asociaci\u00f3n 50a50 tendr\u00e1 lugar el martes 15 de septiembre de 2020, a las 17.45h en primera convocatoria y a las 18.00h en segunda convocatoria, en formato telem\u00e1tico a trav\u00e9s de Zoom por responsabilidad ante las restricciones anti Covid-19."},"aioseo_meta_data":{"post_id":"6228","title":null,"description":"La Asamblea General Ordinaria de la asociaci\u00f3n 50a50 tendr\u00e1 lugar el martes 15 de septiembre de 2020, a las 17.45h en primera convocatoria y a las 18.00h en segunda convocatoria, en formato telem\u00e1tico a trav\u00e9s de Zoom por responsabilidad ante las restricciones anti Covid-19.","keywords":"","keyphrases":null,"primary_term":null,"canonical_url":"","og_title":null,"og_description":null,"og_object_type":"default","og_image_type":"default","og_image_url":null,"og_image_width":null,"og_image_height":null,"og_image_custom_url":null,"og_image_custom_fields":null,"og_video":null,"og_custom_url":null,"og_article_section":null,"og_article_tags":null,"twitter_use_og":false,"twitter_card":"default","twitter_image_type":"default","twitter_image_url":null,"twitter_image_custom_url":null,"twitter_image_custom_fields":null,"twitter_title":null,"twitter_description":null,"schema":{"blockGraphs":[],"customGraphs":[],"default":{"data":{"Article":[],"Course":[],"Dataset":[],"FAQPage":[],"Movie":[],"Person":[],"Product":[],"ProductReview":[],"Car":[],"Recipe":[],"Service":[],"SoftwareApplication":[],"WebPage":[]},"graphName":"","isEnabled":true},"graphs":[]},"schema_type":null,"schema_type_options":null,"pillar_content":false,"robots_default":true,"robots_noindex":false,"robots_noarchive":false,"robots_nosnippet":false,"robots_nofollow":false,"robots_noimageindex":false,"robots_noodp":false,"robots_notranslate":false,"robots_max_snippet":null,"robots_max_videopreview":null,"robots_max_imagepreview":"large","priority":null,"frequency":null,"local_seo":null,"breadcrumb_settings":null,"limit_modified_date":false,"ai":null,"created":"2020-12-28 08:01:04","updated":"2025-06-10 18:17:45","seo_analyzer_scan_date":null,"focus_keyword":null,"additional_keywords":null,"truseo_locale":null},"aioseo_breadcrumb":"<div class=\"aioseo-breadcrumbs\"><span class=\"aioseo-breadcrumb\">\n\t\t\t<a href=\"https:\/\/www.50a50.org\/es\/\" title=\"Home\">Home<\/a>\n\t\t<\/span><span class=\"aioseo-breadcrumb-separator\">&raquo;<\/span><span class=\"aioseo-breadcrumb\">\n\t\t\t<a href=\"https:\/\/www.50a50.org\/es\/category\/activitats-es\/\" title=\"Actividades\">Actividades<\/a>\n\t\t<\/span><span class=\"aioseo-breadcrumb-separator\">&raquo;<\/span><span class=\"aioseo-breadcrumb\">\n\t\t\tAsamblea general de socias\n\t\t<\/span><\/div>","aioseo_breadcrumb_json":[{"label":"Home","link":"https:\/\/www.50a50.org\/es\/"},{"label":"Actividades","link":"https:\/\/www.50a50.org\/es\/category\/activitats-es\/"},{"label":"Asamblea general de socias","link":"https:\/\/www.50a50.org\/es\/asamblea-general-de-socias\/"}],"_links":{"self":[{"href":"https:\/\/www.50a50.org\/es\/wp-json\/wp\/v2\/posts\/6228","targetHints":{"allow":["GET"]}}],"collection":[{"href":"https:\/\/www.50a50.org\/es\/wp-json\/wp\/v2\/posts"}],"about":[{"href":"https:\/\/www.50a50.org\/es\/wp-json\/wp\/v2\/types\/post"}],"author":[{"embeddable":true,"href":"https:\/\/www.50a50.org\/es\/wp-json\/wp\/v2\/users\/1"}],"replies":[{"embeddable":true,"href":"https:\/\/www.50a50.org\/es\/wp-json\/wp\/v2\/comments?post=6228"}],"version-history":[{"count":0,"href":"https:\/\/www.50a50.org\/es\/wp-json\/wp\/v2\/posts\/6228\/revisions"}],"wp:featuredmedia":[{"embeddable":true,"href":"https:\/\/www.50a50.org\/es\/wp-json\/wp\/v2\/media\/6226"}],"wp:attachment":[{"href":"https:\/\/www.50a50.org\/es\/wp-json\/wp\/v2\/media?parent=6228"}],"wp:term":[{"taxonomy":"category","embeddable":true,"href":"https:\/\/www.50a50.org\/es\/wp-json\/wp\/v2\/categories?post=6228"},{"taxonomy":"post_tag","embeddable":true,"href":"https:\/\/www.50a50.org\/es\/wp-json\/wp\/v2\/tags?post=6228"}],"curies":[{"name":"wp","href":"https:\/\/api.w.org\/{rel}","templated":true}]}}