{"id":5910,"date":"2020-04-24T17:45:00","date_gmt":"2020-04-24T17:45:00","guid":{"rendered":"https:\/\/www.50a50.org\/?p=5910"},"modified":"2020-04-24T17:45:01","modified_gmt":"2020-04-24T17:45:01","slug":"encuentro-con-la-consellera-chacon","status":"publish","type":"post","link":"https:\/\/www.50a50.org\/es\/encuentro-con-la-consellera-chacon\/","title":{"rendered":"Encuentro con la consellera Chac\u00f3n"},"content":{"rendered":"<p><div class=\"fusion-fullwidth fullwidth-box fusion-builder-row-1 nonhundred-percent-fullwidth non-hundred-percent-height-scrolling\" style=\"--awb-border-radius-top-left:0px;--awb-border-radius-top-right:0px;--awb-border-radius-bottom-right:0px;--awb-border-radius-bottom-left:0px;--awb-flex-wrap:wrap;\" ><div class=\"fusion-builder-row fusion-row\"><div class=\"fusion-layout-column fusion_builder_column fusion-builder-column-0 fusion_builder_column_1_1 1_1 fusion-one-full fusion-column-first fusion-column-last\" style=\"--awb-bg-size:cover;\"><div class=\"fusion-column-wrapper fusion-column-has-shadow fusion-flex-column-wrapper-legacy\"><div class=\"fusion-image-element fusion-image-align-center in-legacy-container\" style=\"text-align:center;--awb-max-width:2000px;--awb-caption-title-font-family:var(--h2_typography-font-family);--awb-caption-title-font-weight:var(--h2_typography-font-weight);--awb-caption-title-font-style:var(--h2_typography-font-style);--awb-caption-title-size:var(--h2_typography-font-size);--awb-caption-title-transform:var(--h2_typography-text-transform);--awb-caption-title-line-height:var(--h2_typography-line-height);--awb-caption-title-letter-spacing:var(--h2_typography-letter-spacing);\"><div class=\"imageframe-align-center\"><span class=\" fusion-imageframe imageframe-none imageframe-1 hover-type-none\"><img decoding=\"async\" width=\"1417\" height=\"945\" title=\"50a50- Trobada consellera Chac\u00f3n\" src=\"https:\/\/www.50a50.org\/wp-content\/uploads\/2020\/04\/50a50-Trobada-consellera-Chac\u00f3n.jpg\" alt class=\"img-responsive wp-image-5908\" srcset=\"https:\/\/www.50a50.org\/wp-content\/uploads\/2020\/04\/50a50-Trobada-consellera-Chac\u00f3n-200x133.jpg 200w, https:\/\/www.50a50.org\/wp-content\/uploads\/2020\/04\/50a50-Trobada-consellera-Chac\u00f3n-400x267.jpg 400w, https:\/\/www.50a50.org\/wp-content\/uploads\/2020\/04\/50a50-Trobada-consellera-Chac\u00f3n-600x400.jpg 600w, https:\/\/www.50a50.org\/wp-content\/uploads\/2020\/04\/50a50-Trobada-consellera-Chac\u00f3n-800x534.jpg 800w, https:\/\/www.50a50.org\/wp-content\/uploads\/2020\/04\/50a50-Trobada-consellera-Chac\u00f3n-1200x800.jpg 1200w, https:\/\/www.50a50.org\/wp-content\/uploads\/2020\/04\/50a50-Trobada-consellera-Chac\u00f3n.jpg 1417w\" sizes=\"(max-width: 1024px) 100vw, 1200px\" \/><\/span><\/div><\/div><div class=\"fusion-sep-clear\"><\/div><div class=\"fusion-separator fusion-full-width-sep\" style=\"margin-left: auto;margin-right: auto;margin-top:15px;margin-bottom:15px;width:100%;\"><div class=\"fusion-separator-border sep-single\" style=\"--awb-height:20px;--awb-amount:20px;border-color:#e0dede;border-top-width:0px;\"><\/div><\/div><div class=\"fusion-sep-clear\"><\/div><div class=\"fusion-sep-clear\"><\/div><div class=\"fusion-separator fusion-full-width-sep\" style=\"margin-left: auto;margin-right: auto;margin-top:15px;margin-bottom:15px;width:100%;\"><div class=\"fusion-separator-border sep-single\" style=\"--awb-height:20px;--awb-amount:20px;border-color:#e0dede;border-top-width:0px;\"><\/div><\/div><div class=\"fusion-sep-clear\"><\/div><div class=\"fusion-clearfix\"><\/div><\/div><\/div><\/div><\/div><div class=\"fusion-fullwidth fullwidth-box fusion-builder-row-2 nonhundred-percent-fullwidth non-hundred-percent-height-scrolling\" style=\"--awb-border-radius-top-left:0px;--awb-border-radius-top-right:0px;--awb-border-radius-bottom-right:0px;--awb-border-radius-bottom-left:0px;--awb-flex-wrap:wrap;\" ><div class=\"fusion-builder-row fusion-row\"><div class=\"fusion-layout-column fusion_builder_column fusion-builder-column-1 fusion_builder_column_1_5 1_5 fusion-one-fifth fusion-column-first\" style=\"--awb-bg-size:cover;width:20%;width:calc(20% - ( ( 4% + 4% ) * 0.2 ) );margin-right: 4%;\"><div class=\"fusion-column-wrapper fusion-column-has-shadow fusion-flex-column-wrapper-legacy\"><div class=\"fusion-clearfix\"><\/div><\/div><\/div><div class=\"fusion-layout-column fusion_builder_column fusion-builder-column-2 fusion_builder_column_3_5 3_5 fusion-three-fifth\" style=\"--awb-bg-size:cover;width:60%;width:calc(60% - ( ( 4% + 4% ) * 0.6 ) );margin-right: 4%;\"><div class=\"fusion-column-wrapper fusion-column-has-shadow fusion-flex-column-wrapper-legacy\"><div class=\"fusion-title title fusion-title-1 fusion-sep-none fusion-title-text fusion-title-size-one\"><h1 class=\"fusion-title-heading title-heading-left\" style=\"margin:0;\"><h2>Encuentro con la consellera Chac\u00f3n<\/h2><\/h1><\/div><div class=\"fusion-sep-clear\"><\/div><div class=\"fusion-separator fusion-full-width-sep\" style=\"margin-left: auto;margin-right: auto;margin-top:15px;margin-bottom:15px;width:100%;\"><div class=\"fusion-separator-border sep-single\" style=\"--awb-height:20px;--awb-amount:20px;border-color:#e0dede;border-top-width:0px;\"><\/div><\/div><div class=\"fusion-sep-clear\"><\/div><div class=\"fusion-sep-clear\"><\/div><div class=\"fusion-separator fusion-full-width-sep\" style=\"margin-left: auto;margin-right: auto;margin-top:15px;margin-bottom:15px;width:100%;\"><div class=\"fusion-separator-border sep-single\" style=\"--awb-height:20px;--awb-amount:20px;border-color:#e0dede;border-top-width:0px;\"><\/div><\/div><div class=\"fusion-sep-clear\"><\/div><div class=\"fusion-text fusion-text-1\"><p>El pr\u00f3ximo <strong>martes 28 de abril<\/strong>, de 18 a 19 horas, la asociaci\u00f3n 50a50 celebrar\u00e1 un <strong>encuentro virtual con la consellera de Empresa i Coneixement de la Generalitat de Catalunya, \u00c1ngels Chac\u00f3n<\/strong>, para intercambiar ideas y propuestas para hacer frente a la crisis econ\u00f3mica derivada de la Covid-19.<\/p>\n<p>Exclusiva para socias de 50a50, esta reuni\u00f3n en formato de videoconferencia tiene el objetivo de escuchar de primera mano las propuestas del Departament d\u2019Empresa dirigidas a las empresas. Asimismo, la asociaci\u00f3n quiere exponer a la consellera la necesidad de aplicar medidas con perspectiva de g\u00e9nero para ayudar a paliar esta gran crisis econ\u00f3mica y social.<\/p>\n<p>Tras unas primeras intervenciones introductorias, la sesi\u00f3n se plantea a modo <strong>de di\u00e1logo pregunta-respuesta entre la presidenta de 50a50, Anna Mercad\u00e9, y la consellera \u00c1ngels Chac\u00f3n<\/strong>. Durante los \u00faltimos minutos, las socias tambi\u00e9n podr\u00e1n hacer preguntas a la consellera.<\/p>\n<p>Para asegurar la agilidad de la sesi\u00f3n, las plazas son limitadas. Para participar, es necesario formalizar la inscripci\u00f3n escribiendo a <a href=\"mailto:info@50a50.org\">info@50a50.org<\/a> antes del mismo martes d\u00eda 28 a las 10h. Las socias correctamente inscritas recibir\u00e1n un correo electr\u00f3nico de recordatorio unas horas antes de la sesi\u00f3n con el enlace para unirse a la reuni\u00f3n online, que tendr\u00e1 lugar a trav\u00e9s de <strong>Jitsi Meet<\/strong>.<\/p>\n<\/div><div class=\"fusion-clearfix\"><\/div><\/div><\/div><div class=\"fusion-layout-column fusion_builder_column fusion-builder-column-3 fusion_builder_column_1_5 1_5 fusion-one-fifth fusion-column-last\" style=\"--awb-bg-size:cover;width:20%;width:calc(20% - ( ( 4% + 4% ) * 0.2 ) );\"><div class=\"fusion-column-wrapper fusion-column-has-shadow fusion-flex-column-wrapper-legacy\"><div class=\"fusion-clearfix\"><\/div><\/div><\/div><\/div><\/div><\/p>\n","protected":false},"excerpt":{"rendered":"<p>El pr\u00f3ximo martes 28 de abril, de 18 a 19 horas, la asociaci\u00f3n 50a50 celebrar\u00e1 un encuentro virtual con la consellera de Empresa i Coneixement de la Generalitat de Catalunya, \u00c1ngels Chac\u00f3n, para intercambiar ideas y propuestas para hacer frente a la crisis econ\u00f3mica derivada de la Covid-19.<\/p>\n","protected":false},"author":1,"featured_media":5908,"comment_status":"closed","ping_status":"closed","sticky":false,"template":"","format":"standard","meta":{"footnotes":""},"categories":[251],"tags":[278,297],"class_list":["post-5910","post","type-post","status-publish","format-standard","has-post-thumbnail","hentry","category-activitats-es","tag-networking","tag-socias-50a50"],"aioseo_notices":[],"aioseo_head":"\n\t\t<!-- All in One SEO 5.0.0.1 - aioseo.com -->\n\t<meta name=\"description\" content=\"El pr\u00f3ximo martes 28 de abril, de 18 a 19 horas, la asociaci\u00f3n 50a50 celebrar\u00e1 un encuentro virtual con la consellera de Empresa i Coneixement de la Generalitat de Catalunya, \u00c1ngels Chac\u00f3n, para intercambiar ideas y propuestas para hacer frente a la crisis econ\u00f3mica derivada de la Covid-19.\" \/>\n\t<meta name=\"robots\" content=\"max-image-preview:large\" \/>\n\t<meta name=\"author\" content=\"50a50\"\/>\n\t<link rel=\"canonical\" href=\"https:\/\/www.50a50.org\/es\/encuentro-con-la-consellera-chacon\/\" \/>\n\t<meta name=\"generator\" content=\"All in One SEO (AIOSEO) 5.0.0.1\" \/>\n\t\t<meta property=\"og:locale\" content=\"es_ES\" \/>\n\t\t<meta property=\"og:site_name\" content=\"50a50 | Dones directives i professionals per la paritat\" \/>\n\t\t<meta property=\"og:type\" content=\"article\" \/>\n\t\t<meta property=\"og:title\" content=\"Encuentro con la consellera Chac\u00f3n | 50a50\" \/>\n\t\t<meta property=\"og:description\" content=\"El pr\u00f3ximo martes 28 de abril, de 18 a 19 horas, la asociaci\u00f3n 50a50 celebrar\u00e1 un encuentro virtual con la consellera de Empresa i Coneixement de la Generalitat de Catalunya, \u00c1ngels Chac\u00f3n, para intercambiar ideas y propuestas para hacer frente a la crisis econ\u00f3mica derivada de la Covid-19.\" \/>\n\t\t<meta property=\"og:url\" content=\"https:\/\/www.50a50.org\/es\/encuentro-con-la-consellera-chacon\/\" \/>\n\t\t<meta property=\"article:published_time\" content=\"2020-04-24T17:45:00+00:00\" \/>\n\t\t<meta property=\"article:modified_time\" content=\"2020-04-24T17:45:01+00:00\" \/>\n\t\t<meta name=\"twitter:card\" content=\"summary\" \/>\n\t\t<meta name=\"twitter:title\" content=\"Encuentro con la consellera Chac\u00f3n | 50a50\" \/>\n\t\t<meta name=\"twitter:description\" content=\"El pr\u00f3ximo martes 28 de abril, de 18 a 19 horas, la asociaci\u00f3n 50a50 celebrar\u00e1 un encuentro virtual con la consellera de Empresa i Coneixement de la Generalitat de Catalunya, \u00c1ngels Chac\u00f3n, para intercambiar ideas y propuestas para hacer frente a la crisis econ\u00f3mica derivada de la Covid-19.\" \/>\n\t\t<script type=\"application\/ld+json\" class=\"aioseo-schema\">\n\t\t\t{\"@context\":\"https:\\\/\\\/schema.org\",\"@graph\":[{\"@type\":\"Article\",\"@id\":\"https:\\\/\\\/www.50a50.org\\\/es\\\/encuentro-con-la-consellera-chacon\\\/#article\",\"name\":\"Encuentro con la consellera Chac\\u00f3n | 50a50\",\"headline\":\"Encuentro con la consellera Chac\\u00f3n\",\"author\":{\"@id\":\"https:\\\/\\\/www.50a50.org\\\/es\\\/author\\\/backoffice\\\/#author\"},\"publisher\":{\"@id\":\"https:\\\/\\\/www.50a50.org\\\/es\\\/#organization\"},\"image\":{\"@type\":\"ImageObject\",\"url\":\"https:\\\/\\\/www.50a50.org\\\/wp-content\\\/uploads\\\/2020\\\/04\\\/50a50-Trobada-consellera-Chac\\u00f3n.jpg\",\"width\":1417,\"height\":945},\"datePublished\":\"2020-04-24T17:45:00+00:00\",\"dateModified\":\"2020-04-24T17:45:01+00:00\",\"inLanguage\":\"es-ES\",\"mainEntityOfPage\":{\"@id\":\"https:\\\/\\\/www.50a50.org\\\/es\\\/encuentro-con-la-consellera-chacon\\\/#webpage\"},\"isPartOf\":{\"@id\":\"https:\\\/\\\/www.50a50.org\\\/es\\\/encuentro-con-la-consellera-chacon\\\/#webpage\"},\"articleSection\":\"Actividades, Networking, socias 50a50\"},{\"@type\":\"BreadcrumbList\",\"@id\":\"https:\\\/\\\/www.50a50.org\\\/es\\\/encuentro-con-la-consellera-chacon\\\/#breadcrumblist\",\"itemListElement\":[{\"@type\":\"ListItem\",\"@id\":\"https:\\\/\\\/www.50a50.org\\\/es\\\/#listItem\",\"position\":1,\"name\":\"Home\",\"item\":\"https:\\\/\\\/www.50a50.org\\\/es\\\/\",\"nextItem\":{\"@type\":\"ListItem\",\"@id\":\"https:\\\/\\\/www.50a50.org\\\/es\\\/category\\\/activitats-es\\\/#listItem\",\"name\":\"Actividades\"}},{\"@type\":\"ListItem\",\"@id\":\"https:\\\/\\\/www.50a50.org\\\/es\\\/category\\\/activitats-es\\\/#listItem\",\"position\":2,\"name\":\"Actividades\",\"item\":\"https:\\\/\\\/www.50a50.org\\\/es\\\/category\\\/activitats-es\\\/\",\"nextItem\":{\"@type\":\"ListItem\",\"@id\":\"https:\\\/\\\/www.50a50.org\\\/es\\\/encuentro-con-la-consellera-chacon\\\/#listItem\",\"name\":\"Encuentro con la consellera Chac\\u00f3n\"},\"previousItem\":{\"@type\":\"ListItem\",\"@id\":\"https:\\\/\\\/www.50a50.org\\\/es\\\/#listItem\",\"name\":\"Home\"}},{\"@type\":\"ListItem\",\"@id\":\"https:\\\/\\\/www.50a50.org\\\/es\\\/encuentro-con-la-consellera-chacon\\\/#listItem\",\"position\":3,\"name\":\"Encuentro con la consellera Chac\\u00f3n\",\"previousItem\":{\"@type\":\"ListItem\",\"@id\":\"https:\\\/\\\/www.50a50.org\\\/es\\\/category\\\/activitats-es\\\/#listItem\",\"name\":\"Actividades\"}}]},{\"@type\":\"Organization\",\"@id\":\"https:\\\/\\\/www.50a50.org\\\/es\\\/#organization\",\"name\":\"50a50\",\"description\":\"Dones directives i professionals per la paritat\",\"url\":\"https:\\\/\\\/www.50a50.org\\\/es\\\/\"},{\"@type\":\"Person\",\"@id\":\"https:\\\/\\\/www.50a50.org\\\/es\\\/author\\\/backoffice\\\/#author\",\"url\":\"https:\\\/\\\/www.50a50.org\\\/es\\\/author\\\/backoffice\\\/\",\"name\":\"50a50\"},{\"@type\":\"WebPage\",\"@id\":\"https:\\\/\\\/www.50a50.org\\\/es\\\/encuentro-con-la-consellera-chacon\\\/#webpage\",\"url\":\"https:\\\/\\\/www.50a50.org\\\/es\\\/encuentro-con-la-consellera-chacon\\\/\",\"name\":\"Encuentro con la consellera Chac\\u00f3n | 50a50\",\"description\":\"El pr\\u00f3ximo martes 28 de abril, de 18 a 19 horas, la asociaci\\u00f3n 50a50 celebrar\\u00e1 un encuentro virtual con la consellera de Empresa i Coneixement de la Generalitat de Catalunya, \\u00c1ngels Chac\\u00f3n, para intercambiar ideas y propuestas para hacer frente a la crisis econ\\u00f3mica derivada de la Covid-19.\",\"inLanguage\":\"es-ES\",\"isPartOf\":{\"@id\":\"https:\\\/\\\/www.50a50.org\\\/es\\\/#website\"},\"breadcrumb\":{\"@id\":\"https:\\\/\\\/www.50a50.org\\\/es\\\/encuentro-con-la-consellera-chacon\\\/#breadcrumblist\"},\"author\":{\"@id\":\"https:\\\/\\\/www.50a50.org\\\/es\\\/author\\\/backoffice\\\/#author\"},\"creator\":{\"@id\":\"https:\\\/\\\/www.50a50.org\\\/es\\\/author\\\/backoffice\\\/#author\"},\"image\":{\"@type\":\"ImageObject\",\"url\":\"https:\\\/\\\/www.50a50.org\\\/wp-content\\\/uploads\\\/2020\\\/04\\\/50a50-Trobada-consellera-Chac\\u00f3n.jpg\",\"@id\":\"https:\\\/\\\/www.50a50.org\\\/es\\\/encuentro-con-la-consellera-chacon\\\/#mainImage\",\"width\":1417,\"height\":945},\"primaryImageOfPage\":{\"@id\":\"https:\\\/\\\/www.50a50.org\\\/es\\\/encuentro-con-la-consellera-chacon\\\/#mainImage\"},\"datePublished\":\"2020-04-24T17:45:00+00:00\",\"dateModified\":\"2020-04-24T17:45:01+00:00\"},{\"@type\":\"WebSite\",\"@id\":\"https:\\\/\\\/www.50a50.org\\\/es\\\/#website\",\"url\":\"https:\\\/\\\/www.50a50.org\\\/es\\\/\",\"name\":\"50a50\",\"description\":\"Dones directives i professionals per la paritat\",\"inLanguage\":\"es-ES\",\"publisher\":{\"@id\":\"https:\\\/\\\/www.50a50.org\\\/es\\\/#organization\"}}]}\n\t\t<\/script>\n\t\t<!-- All in One SEO -->\n\n","aioseo_head_json":{"title":"Encuentro con la consellera Chac\u00f3n | 50a50","description":"El pr\u00f3ximo martes 28 de abril, de 18 a 19 horas, la asociaci\u00f3n 50a50 celebrar\u00e1 un encuentro virtual con la consellera de Empresa i Coneixement de la Generalitat de Catalunya, \u00c1ngels Chac\u00f3n, para intercambiar ideas y propuestas para hacer frente a la crisis econ\u00f3mica derivada de la Covid-19.","canonical_url":"https:\/\/www.50a50.org\/es\/encuentro-con-la-consellera-chacon\/","robots":"max-image-preview:large","keywords":"","webmasterTools":{"miscellaneous":""},"schema":{"@context":"https:\/\/schema.org","@graph":[{"@type":"Article","@id":"https:\/\/www.50a50.org\/es\/encuentro-con-la-consellera-chacon\/#article","name":"Encuentro con la consellera Chac\u00f3n | 50a50","headline":"Encuentro con la consellera Chac\u00f3n","author":{"@id":"https:\/\/www.50a50.org\/es\/author\/backoffice\/#author"},"publisher":{"@id":"https:\/\/www.50a50.org\/es\/#organization"},"image":{"@type":"ImageObject","url":"https:\/\/www.50a50.org\/wp-content\/uploads\/2020\/04\/50a50-Trobada-consellera-Chac\u00f3n.jpg","width":1417,"height":945},"datePublished":"2020-04-24T17:45:00+00:00","dateModified":"2020-04-24T17:45:01+00:00","inLanguage":"es-ES","mainEntityOfPage":{"@id":"https:\/\/www.50a50.org\/es\/encuentro-con-la-consellera-chacon\/#webpage"},"isPartOf":{"@id":"https:\/\/www.50a50.org\/es\/encuentro-con-la-consellera-chacon\/#webpage"},"articleSection":"Actividades, Networking, socias 50a50"},{"@type":"BreadcrumbList","@id":"https:\/\/www.50a50.org\/es\/encuentro-con-la-consellera-chacon\/#breadcrumblist","itemListElement":[{"@type":"ListItem","@id":"https:\/\/www.50a50.org\/es\/#listItem","position":1,"name":"Home","item":"https:\/\/www.50a50.org\/es\/","nextItem":{"@type":"ListItem","@id":"https:\/\/www.50a50.org\/es\/category\/activitats-es\/#listItem","name":"Actividades"}},{"@type":"ListItem","@id":"https:\/\/www.50a50.org\/es\/category\/activitats-es\/#listItem","position":2,"name":"Actividades","item":"https:\/\/www.50a50.org\/es\/category\/activitats-es\/","nextItem":{"@type":"ListItem","@id":"https:\/\/www.50a50.org\/es\/encuentro-con-la-consellera-chacon\/#listItem","name":"Encuentro con la consellera Chac\u00f3n"},"previousItem":{"@type":"ListItem","@id":"https:\/\/www.50a50.org\/es\/#listItem","name":"Home"}},{"@type":"ListItem","@id":"https:\/\/www.50a50.org\/es\/encuentro-con-la-consellera-chacon\/#listItem","position":3,"name":"Encuentro con la consellera Chac\u00f3n","previousItem":{"@type":"ListItem","@id":"https:\/\/www.50a50.org\/es\/category\/activitats-es\/#listItem","name":"Actividades"}}]},{"@type":"Organization","@id":"https:\/\/www.50a50.org\/es\/#organization","name":"50a50","description":"Dones directives i professionals per la paritat","url":"https:\/\/www.50a50.org\/es\/"},{"@type":"Person","@id":"https:\/\/www.50a50.org\/es\/author\/backoffice\/#author","url":"https:\/\/www.50a50.org\/es\/author\/backoffice\/","name":"50a50"},{"@type":"WebPage","@id":"https:\/\/www.50a50.org\/es\/encuentro-con-la-consellera-chacon\/#webpage","url":"https:\/\/www.50a50.org\/es\/encuentro-con-la-consellera-chacon\/","name":"Encuentro con la consellera Chac\u00f3n | 50a50","description":"El pr\u00f3ximo martes 28 de abril, de 18 a 19 horas, la asociaci\u00f3n 50a50 celebrar\u00e1 un encuentro virtual con la consellera de Empresa i Coneixement de la Generalitat de Catalunya, \u00c1ngels Chac\u00f3n, para intercambiar ideas y propuestas para hacer frente a la crisis econ\u00f3mica derivada de la Covid-19.","inLanguage":"es-ES","isPartOf":{"@id":"https:\/\/www.50a50.org\/es\/#website"},"breadcrumb":{"@id":"https:\/\/www.50a50.org\/es\/encuentro-con-la-consellera-chacon\/#breadcrumblist"},"author":{"@id":"https:\/\/www.50a50.org\/es\/author\/backoffice\/#author"},"creator":{"@id":"https:\/\/www.50a50.org\/es\/author\/backoffice\/#author"},"image":{"@type":"ImageObject","url":"https:\/\/www.50a50.org\/wp-content\/uploads\/2020\/04\/50a50-Trobada-consellera-Chac\u00f3n.jpg","@id":"https:\/\/www.50a50.org\/es\/encuentro-con-la-consellera-chacon\/#mainImage","width":1417,"height":945},"primaryImageOfPage":{"@id":"https:\/\/www.50a50.org\/es\/encuentro-con-la-consellera-chacon\/#mainImage"},"datePublished":"2020-04-24T17:45:00+00:00","dateModified":"2020-04-24T17:45:01+00:00"},{"@type":"WebSite","@id":"https:\/\/www.50a50.org\/es\/#website","url":"https:\/\/www.50a50.org\/es\/","name":"50a50","description":"Dones directives i professionals per la paritat","inLanguage":"es-ES","publisher":{"@id":"https:\/\/www.50a50.org\/es\/#organization"}}]},"og:locale":"es_ES","og:site_name":"50a50 | Dones directives i professionals per la paritat","og:type":"article","og:title":"Encuentro con la consellera Chac\u00f3n | 50a50","og:description":"El pr\u00f3ximo martes 28 de abril, de 18 a 19 horas, la asociaci\u00f3n 50a50 celebrar\u00e1 un encuentro virtual con la consellera de Empresa i Coneixement de la Generalitat de Catalunya, \u00c1ngels Chac\u00f3n, para intercambiar ideas y propuestas para hacer frente a la crisis econ\u00f3mica derivada de la Covid-19.","og:url":"https:\/\/www.50a50.org\/es\/encuentro-con-la-consellera-chacon\/","article:published_time":"2020-04-24T17:45:00+00:00","article:modified_time":"2020-04-24T17:45:01+00:00","twitter:card":"summary","twitter:title":"Encuentro con la consellera Chac\u00f3n | 50a50","twitter:description":"El pr\u00f3ximo martes 28 de abril, de 18 a 19 horas, la asociaci\u00f3n 50a50 celebrar\u00e1 un encuentro virtual con la consellera de Empresa i Coneixement de la Generalitat de Catalunya, \u00c1ngels Chac\u00f3n, para intercambiar ideas y propuestas para hacer frente a la crisis econ\u00f3mica derivada de la Covid-19."},"aioseo_meta_data":{"post_id":"5910","title":null,"description":"El pr\u00f3ximo martes 28 de abril, de 18 a 19 horas, la asociaci\u00f3n 50a50 celebrar\u00e1 un encuentro virtual con la consellera de Empresa i Coneixement de la Generalitat de Catalunya, \u00c1ngels Chac\u00f3n, para intercambiar ideas y propuestas para hacer frente a la crisis econ\u00f3mica derivada de la Covid-19.","keywords":null,"keyphrases":null,"primary_term":null,"canonical_url":null,"og_title":null,"og_description":null,"og_object_type":"default","og_image_type":"default","og_image_url":null,"og_image_width":null,"og_image_height":null,"og_image_custom_url":null,"og_image_custom_fields":null,"og_video":null,"og_custom_url":null,"og_article_section":null,"og_article_tags":null,"twitter_use_og":false,"twitter_card":"default","twitter_image_type":"default","twitter_image_url":null,"twitter_image_custom_url":null,"twitter_image_custom_fields":null,"twitter_title":null,"twitter_description":null,"schema":{"blockGraphs":[],"customGraphs":[],"default":{"data":{"Article":[],"Course":[],"Dataset":[],"FAQPage":[],"Movie":[],"Person":[],"Product":[],"ProductReview":[],"Car":[],"Recipe":[],"Service":[],"SoftwareApplication":[],"WebPage":[]},"graphName":"","isEnabled":true},"graphs":[]},"schema_type":null,"schema_type_options":null,"pillar_content":false,"robots_default":true,"robots_noindex":false,"robots_noarchive":false,"robots_nosnippet":false,"robots_nofollow":false,"robots_noimageindex":false,"robots_noodp":false,"robots_notranslate":false,"robots_max_snippet":null,"robots_max_videopreview":null,"robots_max_imagepreview":"large","priority":null,"frequency":null,"local_seo":null,"breadcrumb_settings":null,"limit_modified_date":false,"ai":null,"created":"2020-12-28 08:02:57","updated":"2025-06-10 17:42:38","seo_analyzer_scan_date":null,"focus_keyword":null,"additional_keywords":null,"truseo_locale":null},"aioseo_breadcrumb":"<div class=\"aioseo-breadcrumbs\"><span class=\"aioseo-breadcrumb\">\n\t\t\t<a href=\"https:\/\/www.50a50.org\/es\/\" title=\"Home\">Home<\/a>\n\t\t<\/span><span class=\"aioseo-breadcrumb-separator\">&raquo;<\/span><span class=\"aioseo-breadcrumb\">\n\t\t\t<a href=\"https:\/\/www.50a50.org\/es\/category\/activitats-es\/\" title=\"Actividades\">Actividades<\/a>\n\t\t<\/span><span class=\"aioseo-breadcrumb-separator\">&raquo;<\/span><span class=\"aioseo-breadcrumb\">\n\t\t\tEncuentro con la consellera Chac\u00f3n\n\t\t<\/span><\/div>","aioseo_breadcrumb_json":[{"label":"Home","link":"https:\/\/www.50a50.org\/es\/"},{"label":"Actividades","link":"https:\/\/www.50a50.org\/es\/category\/activitats-es\/"},{"label":"Encuentro con la consellera Chac\u00f3n","link":"https:\/\/www.50a50.org\/es\/encuentro-con-la-consellera-chacon\/"}],"_links":{"self":[{"href":"https:\/\/www.50a50.org\/es\/wp-json\/wp\/v2\/posts\/5910","targetHints":{"allow":["GET"]}}],"collection":[{"href":"https:\/\/www.50a50.org\/es\/wp-json\/wp\/v2\/posts"}],"about":[{"href":"https:\/\/www.50a50.org\/es\/wp-json\/wp\/v2\/types\/post"}],"author":[{"embeddable":true,"href":"https:\/\/www.50a50.org\/es\/wp-json\/wp\/v2\/users\/1"}],"replies":[{"embeddable":true,"href":"https:\/\/www.50a50.org\/es\/wp-json\/wp\/v2\/comments?post=5910"}],"version-history":[{"count":0,"href":"https:\/\/www.50a50.org\/es\/wp-json\/wp\/v2\/posts\/5910\/revisions"}],"wp:featuredmedia":[{"embeddable":true,"href":"https:\/\/www.50a50.org\/es\/wp-json\/wp\/v2\/media\/5908"}],"wp:attachment":[{"href":"https:\/\/www.50a50.org\/es\/wp-json\/wp\/v2\/media?parent=5910"}],"wp:term":[{"taxonomy":"category","embeddable":true,"href":"https:\/\/www.50a50.org\/es\/wp-json\/wp\/v2\/categories?post=5910"},{"taxonomy":"post_tag","embeddable":true,"href":"https:\/\/www.50a50.org\/es\/wp-json\/wp\/v2\/tags?post=5910"}],"curies":[{"name":"wp","href":"https:\/\/api.w.org\/{rel}","templated":true}]}}