{"id":5893,"date":"2020-04-21T15:34:29","date_gmt":"2020-04-21T15:34:29","guid":{"rendered":"https:\/\/www.50a50.org\/?p=5893"},"modified":"2020-04-21T15:37:16","modified_gmt":"2020-04-21T15:37:16","slug":"medidas-con-perspectiva-de-genero","status":"publish","type":"post","link":"https:\/\/www.50a50.org\/es\/medidas-con-perspectiva-de-genero\/","title":{"rendered":"Medidas con perspectiva de g\u00e9nero"},"content":{"rendered":"<p><div class=\"fusion-fullwidth fullwidth-box fusion-builder-row-1 nonhundred-percent-fullwidth non-hundred-percent-height-scrolling\" style=\"--awb-border-radius-top-left:0px;--awb-border-radius-top-right:0px;--awb-border-radius-bottom-right:0px;--awb-border-radius-bottom-left:0px;--awb-flex-wrap:wrap;\" ><div class=\"fusion-builder-row fusion-row\"><div class=\"fusion-layout-column fusion_builder_column fusion-builder-column-0 fusion_builder_column_1_1 1_1 fusion-one-full fusion-column-first fusion-column-last\" style=\"--awb-bg-size:cover;\"><div class=\"fusion-column-wrapper fusion-column-has-shadow fusion-flex-column-wrapper-legacy\"><div class=\"fusion-image-element fusion-image-align-center in-legacy-container\" style=\"text-align:center;--awb-max-width:2000px;--awb-caption-title-font-family:var(--h2_typography-font-family);--awb-caption-title-font-weight:var(--h2_typography-font-weight);--awb-caption-title-font-style:var(--h2_typography-font-style);--awb-caption-title-size:var(--h2_typography-font-size);--awb-caption-title-transform:var(--h2_typography-text-transform);--awb-caption-title-line-height:var(--h2_typography-line-height);--awb-caption-title-letter-spacing:var(--h2_typography-letter-spacing);\"><div class=\"imageframe-align-center\"><span class=\" fusion-imageframe imageframe-none imageframe-1 hover-type-none\"><img decoding=\"async\" width=\"1920\" height=\"1080\" title=\"Declaraci\u00f3 feminista portada\" src=\"https:\/\/www.50a50.org\/wp-content\/uploads\/2020\/04\/Declaraci\u00f3-feminista-portada.jpg\" alt class=\"img-responsive wp-image-5887\" srcset=\"https:\/\/www.50a50.org\/wp-content\/uploads\/2020\/04\/Declaraci\u00f3-feminista-portada-200x113.jpg 200w, https:\/\/www.50a50.org\/wp-content\/uploads\/2020\/04\/Declaraci\u00f3-feminista-portada-400x225.jpg 400w, https:\/\/www.50a50.org\/wp-content\/uploads\/2020\/04\/Declaraci\u00f3-feminista-portada-600x338.jpg 600w, https:\/\/www.50a50.org\/wp-content\/uploads\/2020\/04\/Declaraci\u00f3-feminista-portada-800x450.jpg 800w, https:\/\/www.50a50.org\/wp-content\/uploads\/2020\/04\/Declaraci\u00f3-feminista-portada-1200x675.jpg 1200w, https:\/\/www.50a50.org\/wp-content\/uploads\/2020\/04\/Declaraci\u00f3-feminista-portada.jpg 1920w\" sizes=\"(max-width: 1024px) 100vw, 1200px\" \/><\/span><\/div><\/div><div class=\"fusion-sep-clear\"><\/div><div class=\"fusion-separator fusion-full-width-sep\" style=\"margin-left: auto;margin-right: auto;margin-top:15px;margin-bottom:15px;width:100%;\"><div class=\"fusion-separator-border sep-single\" style=\"--awb-height:20px;--awb-amount:20px;border-color:#e0dede;border-top-width:0px;\"><\/div><\/div><div class=\"fusion-sep-clear\"><\/div><div class=\"fusion-sep-clear\"><\/div><div class=\"fusion-separator fusion-full-width-sep\" style=\"margin-left: auto;margin-right: auto;margin-top:15px;margin-bottom:15px;width:100%;\"><div class=\"fusion-separator-border sep-single\" style=\"--awb-height:20px;--awb-amount:20px;border-color:#e0dede;border-top-width:0px;\"><\/div><\/div><div class=\"fusion-sep-clear\"><\/div><div class=\"fusion-clearfix\"><\/div><\/div><\/div><\/div><\/div><div class=\"fusion-fullwidth fullwidth-box fusion-builder-row-2 nonhundred-percent-fullwidth non-hundred-percent-height-scrolling\" style=\"--awb-border-radius-top-left:0px;--awb-border-radius-top-right:0px;--awb-border-radius-bottom-right:0px;--awb-border-radius-bottom-left:0px;--awb-flex-wrap:wrap;\" ><div class=\"fusion-builder-row fusion-row\"><div class=\"fusion-layout-column fusion_builder_column fusion-builder-column-1 fusion_builder_column_1_5 1_5 fusion-one-fifth fusion-column-first\" style=\"--awb-bg-size:cover;width:20%;width:calc(20% - ( ( 4% + 4% ) * 0.2 ) );margin-right: 4%;\"><div class=\"fusion-column-wrapper fusion-column-has-shadow fusion-flex-column-wrapper-legacy\"><div class=\"fusion-clearfix\"><\/div><\/div><\/div><div class=\"fusion-layout-column fusion_builder_column fusion-builder-column-2 fusion_builder_column_3_5 3_5 fusion-three-fifth\" style=\"--awb-bg-size:cover;width:60%;width:calc(60% - ( ( 4% + 4% ) * 0.6 ) );margin-right: 4%;\"><div class=\"fusion-column-wrapper fusion-column-has-shadow fusion-flex-column-wrapper-legacy\"><div class=\"fusion-title title fusion-title-1 fusion-sep-none fusion-title-text fusion-title-size-one\"><h1 class=\"fusion-title-heading title-heading-left\" style=\"margin:0;\"><h2>Medidas con perspectiva de g\u00e9nero<\/h2><\/h1><\/div><div class=\"fusion-sep-clear\"><\/div><div class=\"fusion-separator fusion-full-width-sep\" style=\"margin-left: auto;margin-right: auto;margin-top:15px;margin-bottom:15px;width:100%;\"><div class=\"fusion-separator-border sep-single\" style=\"--awb-height:20px;--awb-amount:20px;border-color:#e0dede;border-top-width:0px;\"><\/div><\/div><div class=\"fusion-sep-clear\"><\/div><div class=\"fusion-sep-clear\"><\/div><div class=\"fusion-separator fusion-full-width-sep\" style=\"margin-left: auto;margin-right: auto;margin-top:15px;margin-bottom:15px;width:100%;\"><div class=\"fusion-separator-border sep-single\" style=\"--awb-height:20px;--awb-amount:20px;border-color:#e0dede;border-top-width:0px;\"><\/div><\/div><div class=\"fusion-sep-clear\"><\/div><div class=\"fusion-text fusion-text-1\"><p>A iniciativa de la asociaci\u00f3n 50a50, el <strong>Foro Hipatia<\/strong> inicia una <strong>campa\u00f1a para pedir medidas con perspectiva de g\u00e9nero que ayuden a paliar la grave crisis econ\u00f3mica y social derivada de la Covid-19<\/strong>. Estas propuestas est\u00e1n recogidas en la siguiente declaraci\u00f3n feminista, que se hace p\u00fablica hoy.<\/p>\n<p>El documento \u00ab<strong>Declaraci\u00f3n feminista ante la crisis provocada por la Covid-19<\/strong>\u00bb denuncia la falta de compromiso pol\u00edtico que ha habido hasta ahora en aplicar la Ley de Igualdad 17\/2015 de 21 de julio e invita a aprovechar la oportunidad actual para llevar a cabo un cambio de paradigma que nos ayude a paliar la crisis, a trav\u00e9s del coliderazgo y la corresponsabilidad, y poniendo la creaci\u00f3n de vida y el cuidado de las personas en el centro de la sociedad.<\/p>\n<p>As\u00ed, las 20 asociaciones unidas en la plataforma del Foro Hipatia proponen una serie de medidas con perspectiva de g\u00e9nero para paliar la crisis y piden la creaci\u00f3n de un comit\u00e9 feminista de seguimiento del impacto de la Covid-19 sobre las mujeres, para evitar que vuelvan a ser las m\u00e1s da\u00f1adas. La declaraci\u00f3n completa se puede consultar <a href=\"https:\/\/www.50a50.org\/wp-content\/uploads\/2020\/04\/Declaraci\u00f3-feminista-Covid-19.pdf\">aqu\u00ed<\/a>.<\/p>\n<p>El Foro Hipatia pide la <strong>adhesi\u00f3n a la declaraci\u00f3n feminista de otras asociaciones y entidades<\/strong>, as\u00ed como de personas f\u00edsicas, a fin de que la demanda tenga m\u00e1s fuerza: pedimos a las administraciones hechos y no palabras.<\/p>\n<\/div><div class=\"fusion-sep-clear\"><\/div><div class=\"fusion-separator fusion-full-width-sep\" style=\"margin-left: auto;margin-right: auto;margin-top:15px;margin-bottom:15px;width:100%;\"><div class=\"fusion-separator-border sep-single\" style=\"--awb-height:20px;--awb-amount:20px;border-color:#e0dede;border-top-width:0px;\"><\/div><\/div><div class=\"fusion-sep-clear\"><\/div><div class=\"fusion-aligncenter\"><a class=\"fusion-button button-flat button-xlarge button-custom fusion-button-default button-1 fusion-button-default-span fusion-button-default-type\" style=\"--button_accent_color:#ffffff;--button_accent_hover_color:#000000;--button_border_hover_color:#000000;--button_gradient_top_color:#000000;--button_gradient_bottom_color:#000000;--button_gradient_top_color_hover:rgba(0,0,0,0.16);--button_gradient_bottom_color_hover:rgba(0,0,0,0.16);\" target=\"_self\" href=\"https:\/\/www.50a50.org\/wp-content\/uploads\/2020\/04\/Declaraci\u00f3-feminista-Covid-19.pdf\"><span class=\"fusion-button-text awb-button__text awb-button__text--default\">Consulta la declaraci\u00f3n feminista<\/span><\/a><\/div><div class=\"fusion-sep-clear\"><\/div><div class=\"fusion-separator fusion-full-width-sep\" style=\"margin-left: auto;margin-right: auto;margin-top:15px;margin-bottom:15px;width:100%;\"><div class=\"fusion-separator-border sep-single\" style=\"--awb-height:20px;--awb-amount:20px;border-color:#e0dede;border-top-width:0px;\"><\/div><\/div><div class=\"fusion-sep-clear\"><\/div><div class=\"fusion-aligncenter\"><a class=\"fusion-button button-flat button-xlarge button-custom fusion-button-default button-2 fusion-button-default-span fusion-button-default-type\" style=\"--button_accent_color:#ffffff;--button_accent_hover_color:#000000;--button_border_hover_color:#000000;--button_gradient_top_color:#000000;--button_gradient_bottom_color:#000000;--button_gradient_top_color_hover:rgba(0,0,0,0.16);--button_gradient_bottom_color_hover:rgba(0,0,0,0.16);\" target=\"_self\" href=\"https:\/\/docs.google.com\/forms\/d\/e\/1FAIpQLSfE7Hs7jVt7jXsArkScqqRQqXVd1qwJTuj7NnsnmaNicVs-fQ\/viewform\"><span class=\"fusion-button-text awb-button__text awb-button__text--default\">Suscribe la declaraci\u00f3n feminista<\/span><\/a><\/div><div class=\"fusion-sep-clear\"><\/div><div class=\"fusion-separator fusion-full-width-sep\" style=\"margin-left: auto;margin-right: auto;margin-top:15px;margin-bottom:15px;width:100%;\"><div class=\"fusion-separator-border sep-single\" style=\"--awb-height:20px;--awb-amount:20px;border-color:#e0dede;border-top-width:0px;\"><\/div><\/div><div class=\"fusion-sep-clear\"><\/div><div class=\"fusion-clearfix\"><\/div><\/div><\/div><div class=\"fusion-layout-column fusion_builder_column fusion-builder-column-3 fusion_builder_column_1_5 1_5 fusion-one-fifth fusion-column-last\" style=\"--awb-bg-size:cover;width:20%;width:calc(20% - ( ( 4% + 4% ) * 0.2 ) );\"><div class=\"fusion-column-wrapper fusion-column-has-shadow fusion-flex-column-wrapper-legacy\"><div class=\"fusion-clearfix\"><\/div><\/div><\/div><\/div><\/div><\/p>\n","protected":false},"excerpt":{"rendered":"<p>A iniciativa de la asociaci\u00f3n 50a50, el Foro Hipatia inicia una campa\u00f1a para pedir medidas con perspectiva de g\u00e9nero que ayuden a paliar la grave crisis econ\u00f3mica y social derivada de la Covid-19. Estas propuestas est\u00e1n recogidas en la siguiente declaraci\u00f3n feminista, que se hace p\u00fablica hoy.<\/p>\n","protected":false},"author":1,"featured_media":5887,"comment_status":"closed","ping_status":"closed","sticky":false,"template":"","format":"standard","meta":{"footnotes":""},"categories":[57],"tags":[319,353],"class_list":["post-5893","post","type-post","status-publish","format-standard","has-post-thumbnail","hentry","category-50a50-es","tag-feminismo","tag-foro-hipatia"],"aioseo_notices":[],"aioseo_head":"\n\t\t<!-- All in One SEO 5.0.0.1 - aioseo.com -->\n\t<meta name=\"description\" content=\"A iniciativa de la asociaci\u00f3n 50a50, el Foro Hipatia inicia una campa\u00f1a para pedir medidas con perspectiva de g\u00e9nero que ayuden a paliar la grave crisis econ\u00f3mica y social derivada de la Covid-19. Estas propuestas est\u00e1n recogidas en la siguiente declaraci\u00f3n feminista, que se hace p\u00fablica hoy.\" \/>\n\t<meta name=\"robots\" content=\"max-image-preview:large\" \/>\n\t<meta name=\"author\" content=\"50a50\"\/>\n\t<link rel=\"canonical\" href=\"https:\/\/www.50a50.org\/es\/medidas-con-perspectiva-de-genero\/\" \/>\n\t<meta name=\"generator\" content=\"All in One SEO (AIOSEO) 5.0.0.1\" \/>\n\t\t<meta property=\"og:locale\" content=\"es_ES\" \/>\n\t\t<meta property=\"og:site_name\" content=\"50a50 | Dones directives i professionals per la paritat\" \/>\n\t\t<meta property=\"og:type\" content=\"article\" \/>\n\t\t<meta property=\"og:title\" content=\"Medidas con perspectiva de g\u00e9nero | 50a50\" \/>\n\t\t<meta property=\"og:description\" content=\"A iniciativa de la asociaci\u00f3n 50a50, el Foro Hipatia inicia una campa\u00f1a para pedir medidas con perspectiva de g\u00e9nero que ayuden a paliar la grave crisis econ\u00f3mica y social derivada de la Covid-19. Estas propuestas est\u00e1n recogidas en la siguiente declaraci\u00f3n feminista, que se hace p\u00fablica hoy.\" \/>\n\t\t<meta property=\"og:url\" content=\"https:\/\/www.50a50.org\/es\/medidas-con-perspectiva-de-genero\/\" \/>\n\t\t<meta property=\"article:published_time\" content=\"2020-04-21T15:34:29+00:00\" \/>\n\t\t<meta property=\"article:modified_time\" content=\"2020-04-21T15:37:16+00:00\" \/>\n\t\t<meta name=\"twitter:card\" content=\"summary\" \/>\n\t\t<meta name=\"twitter:title\" content=\"Medidas con perspectiva de g\u00e9nero | 50a50\" \/>\n\t\t<meta name=\"twitter:description\" content=\"A iniciativa de la asociaci\u00f3n 50a50, el Foro Hipatia inicia una campa\u00f1a para pedir medidas con perspectiva de g\u00e9nero que ayuden a paliar la grave crisis econ\u00f3mica y social derivada de la Covid-19. Estas propuestas est\u00e1n recogidas en la siguiente declaraci\u00f3n feminista, que se hace p\u00fablica hoy.\" \/>\n\t\t<script type=\"application\/ld+json\" class=\"aioseo-schema\">\n\t\t\t{\"@context\":\"https:\\\/\\\/schema.org\",\"@graph\":[{\"@type\":\"Article\",\"@id\":\"https:\\\/\\\/www.50a50.org\\\/es\\\/medidas-con-perspectiva-de-genero\\\/#article\",\"name\":\"Medidas con perspectiva de g\\u00e9nero | 50a50\",\"headline\":\"Medidas con perspectiva de g\\u00e9nero\",\"author\":{\"@id\":\"https:\\\/\\\/www.50a50.org\\\/es\\\/author\\\/backoffice\\\/#author\"},\"publisher\":{\"@id\":\"https:\\\/\\\/www.50a50.org\\\/es\\\/#organization\"},\"image\":{\"@type\":\"ImageObject\",\"url\":\"https:\\\/\\\/www.50a50.org\\\/wp-content\\\/uploads\\\/2020\\\/04\\\/Declaraci\\u00f3-feminista-portada.jpg\",\"width\":1920,\"height\":1080},\"datePublished\":\"2020-04-21T15:34:29+00:00\",\"dateModified\":\"2020-04-21T15:37:16+00:00\",\"inLanguage\":\"es-ES\",\"mainEntityOfPage\":{\"@id\":\"https:\\\/\\\/www.50a50.org\\\/es\\\/medidas-con-perspectiva-de-genero\\\/#webpage\"},\"isPartOf\":{\"@id\":\"https:\\\/\\\/www.50a50.org\\\/es\\\/medidas-con-perspectiva-de-genero\\\/#webpage\"},\"articleSection\":\"50a50, feminismo, Foro Hipatia\"},{\"@type\":\"BreadcrumbList\",\"@id\":\"https:\\\/\\\/www.50a50.org\\\/es\\\/medidas-con-perspectiva-de-genero\\\/#breadcrumblist\",\"itemListElement\":[{\"@type\":\"ListItem\",\"@id\":\"https:\\\/\\\/www.50a50.org\\\/es\\\/#listItem\",\"position\":1,\"name\":\"Home\",\"item\":\"https:\\\/\\\/www.50a50.org\\\/es\\\/\",\"nextItem\":{\"@type\":\"ListItem\",\"@id\":\"https:\\\/\\\/www.50a50.org\\\/es\\\/category\\\/50a50-es\\\/#listItem\",\"name\":\"50a50\"}},{\"@type\":\"ListItem\",\"@id\":\"https:\\\/\\\/www.50a50.org\\\/es\\\/category\\\/50a50-es\\\/#listItem\",\"position\":2,\"name\":\"50a50\",\"item\":\"https:\\\/\\\/www.50a50.org\\\/es\\\/category\\\/50a50-es\\\/\",\"nextItem\":{\"@type\":\"ListItem\",\"@id\":\"https:\\\/\\\/www.50a50.org\\\/es\\\/medidas-con-perspectiva-de-genero\\\/#listItem\",\"name\":\"Medidas con perspectiva de g\\u00e9nero\"},\"previousItem\":{\"@type\":\"ListItem\",\"@id\":\"https:\\\/\\\/www.50a50.org\\\/es\\\/#listItem\",\"name\":\"Home\"}},{\"@type\":\"ListItem\",\"@id\":\"https:\\\/\\\/www.50a50.org\\\/es\\\/medidas-con-perspectiva-de-genero\\\/#listItem\",\"position\":3,\"name\":\"Medidas con perspectiva de g\\u00e9nero\",\"previousItem\":{\"@type\":\"ListItem\",\"@id\":\"https:\\\/\\\/www.50a50.org\\\/es\\\/category\\\/50a50-es\\\/#listItem\",\"name\":\"50a50\"}}]},{\"@type\":\"Organization\",\"@id\":\"https:\\\/\\\/www.50a50.org\\\/es\\\/#organization\",\"name\":\"50a50\",\"description\":\"Dones directives i professionals per la paritat\",\"url\":\"https:\\\/\\\/www.50a50.org\\\/es\\\/\"},{\"@type\":\"Person\",\"@id\":\"https:\\\/\\\/www.50a50.org\\\/es\\\/author\\\/backoffice\\\/#author\",\"url\":\"https:\\\/\\\/www.50a50.org\\\/es\\\/author\\\/backoffice\\\/\",\"name\":\"50a50\"},{\"@type\":\"WebPage\",\"@id\":\"https:\\\/\\\/www.50a50.org\\\/es\\\/medidas-con-perspectiva-de-genero\\\/#webpage\",\"url\":\"https:\\\/\\\/www.50a50.org\\\/es\\\/medidas-con-perspectiva-de-genero\\\/\",\"name\":\"Medidas con perspectiva de g\\u00e9nero | 50a50\",\"description\":\"A iniciativa de la asociaci\\u00f3n 50a50, el Foro Hipatia inicia una campa\\u00f1a para pedir medidas con perspectiva de g\\u00e9nero que ayuden a paliar la grave crisis econ\\u00f3mica y social derivada de la Covid-19. Estas propuestas est\\u00e1n recogidas en la siguiente declaraci\\u00f3n feminista, que se hace p\\u00fablica hoy.\",\"inLanguage\":\"es-ES\",\"isPartOf\":{\"@id\":\"https:\\\/\\\/www.50a50.org\\\/es\\\/#website\"},\"breadcrumb\":{\"@id\":\"https:\\\/\\\/www.50a50.org\\\/es\\\/medidas-con-perspectiva-de-genero\\\/#breadcrumblist\"},\"author\":{\"@id\":\"https:\\\/\\\/www.50a50.org\\\/es\\\/author\\\/backoffice\\\/#author\"},\"creator\":{\"@id\":\"https:\\\/\\\/www.50a50.org\\\/es\\\/author\\\/backoffice\\\/#author\"},\"image\":{\"@type\":\"ImageObject\",\"url\":\"https:\\\/\\\/www.50a50.org\\\/wp-content\\\/uploads\\\/2020\\\/04\\\/Declaraci\\u00f3-feminista-portada.jpg\",\"@id\":\"https:\\\/\\\/www.50a50.org\\\/es\\\/medidas-con-perspectiva-de-genero\\\/#mainImage\",\"width\":1920,\"height\":1080},\"primaryImageOfPage\":{\"@id\":\"https:\\\/\\\/www.50a50.org\\\/es\\\/medidas-con-perspectiva-de-genero\\\/#mainImage\"},\"datePublished\":\"2020-04-21T15:34:29+00:00\",\"dateModified\":\"2020-04-21T15:37:16+00:00\"},{\"@type\":\"WebSite\",\"@id\":\"https:\\\/\\\/www.50a50.org\\\/es\\\/#website\",\"url\":\"https:\\\/\\\/www.50a50.org\\\/es\\\/\",\"name\":\"50a50\",\"description\":\"Dones directives i professionals per la paritat\",\"inLanguage\":\"es-ES\",\"publisher\":{\"@id\":\"https:\\\/\\\/www.50a50.org\\\/es\\\/#organization\"}}]}\n\t\t<\/script>\n\t\t<!-- All in One SEO -->\n\n","aioseo_head_json":{"title":"Medidas con perspectiva de g\u00e9nero | 50a50","description":"A iniciativa de la asociaci\u00f3n 50a50, el Foro Hipatia inicia una campa\u00f1a para pedir medidas con perspectiva de g\u00e9nero que ayuden a paliar la grave crisis econ\u00f3mica y social derivada de la Covid-19. Estas propuestas est\u00e1n recogidas en la siguiente declaraci\u00f3n feminista, que se hace p\u00fablica hoy.","canonical_url":"https:\/\/www.50a50.org\/es\/medidas-con-perspectiva-de-genero\/","robots":"max-image-preview:large","keywords":"","webmasterTools":{"miscellaneous":""},"schema":{"@context":"https:\/\/schema.org","@graph":[{"@type":"Article","@id":"https:\/\/www.50a50.org\/es\/medidas-con-perspectiva-de-genero\/#article","name":"Medidas con perspectiva de g\u00e9nero | 50a50","headline":"Medidas con perspectiva de g\u00e9nero","author":{"@id":"https:\/\/www.50a50.org\/es\/author\/backoffice\/#author"},"publisher":{"@id":"https:\/\/www.50a50.org\/es\/#organization"},"image":{"@type":"ImageObject","url":"https:\/\/www.50a50.org\/wp-content\/uploads\/2020\/04\/Declaraci\u00f3-feminista-portada.jpg","width":1920,"height":1080},"datePublished":"2020-04-21T15:34:29+00:00","dateModified":"2020-04-21T15:37:16+00:00","inLanguage":"es-ES","mainEntityOfPage":{"@id":"https:\/\/www.50a50.org\/es\/medidas-con-perspectiva-de-genero\/#webpage"},"isPartOf":{"@id":"https:\/\/www.50a50.org\/es\/medidas-con-perspectiva-de-genero\/#webpage"},"articleSection":"50a50, feminismo, Foro Hipatia"},{"@type":"BreadcrumbList","@id":"https:\/\/www.50a50.org\/es\/medidas-con-perspectiva-de-genero\/#breadcrumblist","itemListElement":[{"@type":"ListItem","@id":"https:\/\/www.50a50.org\/es\/#listItem","position":1,"name":"Home","item":"https:\/\/www.50a50.org\/es\/","nextItem":{"@type":"ListItem","@id":"https:\/\/www.50a50.org\/es\/category\/50a50-es\/#listItem","name":"50a50"}},{"@type":"ListItem","@id":"https:\/\/www.50a50.org\/es\/category\/50a50-es\/#listItem","position":2,"name":"50a50","item":"https:\/\/www.50a50.org\/es\/category\/50a50-es\/","nextItem":{"@type":"ListItem","@id":"https:\/\/www.50a50.org\/es\/medidas-con-perspectiva-de-genero\/#listItem","name":"Medidas con perspectiva de g\u00e9nero"},"previousItem":{"@type":"ListItem","@id":"https:\/\/www.50a50.org\/es\/#listItem","name":"Home"}},{"@type":"ListItem","@id":"https:\/\/www.50a50.org\/es\/medidas-con-perspectiva-de-genero\/#listItem","position":3,"name":"Medidas con perspectiva de g\u00e9nero","previousItem":{"@type":"ListItem","@id":"https:\/\/www.50a50.org\/es\/category\/50a50-es\/#listItem","name":"50a50"}}]},{"@type":"Organization","@id":"https:\/\/www.50a50.org\/es\/#organization","name":"50a50","description":"Dones directives i professionals per la paritat","url":"https:\/\/www.50a50.org\/es\/"},{"@type":"Person","@id":"https:\/\/www.50a50.org\/es\/author\/backoffice\/#author","url":"https:\/\/www.50a50.org\/es\/author\/backoffice\/","name":"50a50"},{"@type":"WebPage","@id":"https:\/\/www.50a50.org\/es\/medidas-con-perspectiva-de-genero\/#webpage","url":"https:\/\/www.50a50.org\/es\/medidas-con-perspectiva-de-genero\/","name":"Medidas con perspectiva de g\u00e9nero | 50a50","description":"A iniciativa de la asociaci\u00f3n 50a50, el Foro Hipatia inicia una campa\u00f1a para pedir medidas con perspectiva de g\u00e9nero que ayuden a paliar la grave crisis econ\u00f3mica y social derivada de la Covid-19. Estas propuestas est\u00e1n recogidas en la siguiente declaraci\u00f3n feminista, que se hace p\u00fablica hoy.","inLanguage":"es-ES","isPartOf":{"@id":"https:\/\/www.50a50.org\/es\/#website"},"breadcrumb":{"@id":"https:\/\/www.50a50.org\/es\/medidas-con-perspectiva-de-genero\/#breadcrumblist"},"author":{"@id":"https:\/\/www.50a50.org\/es\/author\/backoffice\/#author"},"creator":{"@id":"https:\/\/www.50a50.org\/es\/author\/backoffice\/#author"},"image":{"@type":"ImageObject","url":"https:\/\/www.50a50.org\/wp-content\/uploads\/2020\/04\/Declaraci\u00f3-feminista-portada.jpg","@id":"https:\/\/www.50a50.org\/es\/medidas-con-perspectiva-de-genero\/#mainImage","width":1920,"height":1080},"primaryImageOfPage":{"@id":"https:\/\/www.50a50.org\/es\/medidas-con-perspectiva-de-genero\/#mainImage"},"datePublished":"2020-04-21T15:34:29+00:00","dateModified":"2020-04-21T15:37:16+00:00"},{"@type":"WebSite","@id":"https:\/\/www.50a50.org\/es\/#website","url":"https:\/\/www.50a50.org\/es\/","name":"50a50","description":"Dones directives i professionals per la paritat","inLanguage":"es-ES","publisher":{"@id":"https:\/\/www.50a50.org\/es\/#organization"}}]},"og:locale":"es_ES","og:site_name":"50a50 | Dones directives i professionals per la paritat","og:type":"article","og:title":"Medidas con perspectiva de g\u00e9nero | 50a50","og:description":"A iniciativa de la asociaci\u00f3n 50a50, el Foro Hipatia inicia una campa\u00f1a para pedir medidas con perspectiva de g\u00e9nero que ayuden a paliar la grave crisis econ\u00f3mica y social derivada de la Covid-19. Estas propuestas est\u00e1n recogidas en la siguiente declaraci\u00f3n feminista, que se hace p\u00fablica hoy.","og:url":"https:\/\/www.50a50.org\/es\/medidas-con-perspectiva-de-genero\/","article:published_time":"2020-04-21T15:34:29+00:00","article:modified_time":"2020-04-21T15:37:16+00:00","twitter:card":"summary","twitter:title":"Medidas con perspectiva de g\u00e9nero | 50a50","twitter:description":"A iniciativa de la asociaci\u00f3n 50a50, el Foro Hipatia inicia una campa\u00f1a para pedir medidas con perspectiva de g\u00e9nero que ayuden a paliar la grave crisis econ\u00f3mica y social derivada de la Covid-19. Estas propuestas est\u00e1n recogidas en la siguiente declaraci\u00f3n feminista, que se hace p\u00fablica hoy."},"aioseo_meta_data":{"post_id":"5893","title":null,"description":"A iniciativa de la asociaci\u00f3n 50a50, el Foro Hipatia inicia una campa\u00f1a para pedir medidas con perspectiva de g\u00e9nero que ayuden a paliar la grave crisis econ\u00f3mica y social derivada de la Covid-19. Estas propuestas est\u00e1n recogidas en la siguiente declaraci\u00f3n feminista, que se hace p\u00fablica hoy.","keywords":null,"keyphrases":null,"primary_term":null,"canonical_url":null,"og_title":null,"og_description":null,"og_object_type":"default","og_image_type":"default","og_image_url":null,"og_image_width":null,"og_image_height":null,"og_image_custom_url":null,"og_image_custom_fields":null,"og_video":null,"og_custom_url":null,"og_article_section":null,"og_article_tags":null,"twitter_use_og":false,"twitter_card":"default","twitter_image_type":"default","twitter_image_url":null,"twitter_image_custom_url":null,"twitter_image_custom_fields":null,"twitter_title":null,"twitter_description":null,"schema":{"blockGraphs":[],"customGraphs":[],"default":{"data":{"Article":[],"Course":[],"Dataset":[],"FAQPage":[],"Movie":[],"Person":[],"Product":[],"ProductReview":[],"Car":[],"Recipe":[],"Service":[],"SoftwareApplication":[],"WebPage":[]},"graphName":"","isEnabled":true},"graphs":[]},"schema_type":null,"schema_type_options":null,"pillar_content":false,"robots_default":true,"robots_noindex":false,"robots_noarchive":false,"robots_nosnippet":false,"robots_nofollow":false,"robots_noimageindex":false,"robots_noodp":false,"robots_notranslate":false,"robots_max_snippet":null,"robots_max_videopreview":null,"robots_max_imagepreview":"large","priority":null,"frequency":null,"local_seo":null,"breadcrumb_settings":null,"limit_modified_date":false,"ai":null,"created":"2020-12-28 08:02:58","updated":"2025-06-10 17:42:38","seo_analyzer_scan_date":null,"focus_keyword":null,"additional_keywords":null,"truseo_locale":null},"aioseo_breadcrumb":"<div class=\"aioseo-breadcrumbs\"><span class=\"aioseo-breadcrumb\">\n\t\t\t<a href=\"https:\/\/www.50a50.org\/es\/\" title=\"Home\">Home<\/a>\n\t\t<\/span><span class=\"aioseo-breadcrumb-separator\">&raquo;<\/span><span class=\"aioseo-breadcrumb\">\n\t\t\t<a href=\"https:\/\/www.50a50.org\/es\/category\/50a50-es\/\" title=\"50a50\">50a50<\/a>\n\t\t<\/span><span class=\"aioseo-breadcrumb-separator\">&raquo;<\/span><span class=\"aioseo-breadcrumb\">\n\t\t\tMedidas con perspectiva de g\u00e9nero\n\t\t<\/span><\/div>","aioseo_breadcrumb_json":[{"label":"Home","link":"https:\/\/www.50a50.org\/es\/"},{"label":"50a50","link":"https:\/\/www.50a50.org\/es\/category\/50a50-es\/"},{"label":"Medidas con perspectiva de g\u00e9nero","link":"https:\/\/www.50a50.org\/es\/medidas-con-perspectiva-de-genero\/"}],"_links":{"self":[{"href":"https:\/\/www.50a50.org\/es\/wp-json\/wp\/v2\/posts\/5893","targetHints":{"allow":["GET"]}}],"collection":[{"href":"https:\/\/www.50a50.org\/es\/wp-json\/wp\/v2\/posts"}],"about":[{"href":"https:\/\/www.50a50.org\/es\/wp-json\/wp\/v2\/types\/post"}],"author":[{"embeddable":true,"href":"https:\/\/www.50a50.org\/es\/wp-json\/wp\/v2\/users\/1"}],"replies":[{"embeddable":true,"href":"https:\/\/www.50a50.org\/es\/wp-json\/wp\/v2\/comments?post=5893"}],"version-history":[{"count":0,"href":"https:\/\/www.50a50.org\/es\/wp-json\/wp\/v2\/posts\/5893\/revisions"}],"wp:featuredmedia":[{"embeddable":true,"href":"https:\/\/www.50a50.org\/es\/wp-json\/wp\/v2\/media\/5887"}],"wp:attachment":[{"href":"https:\/\/www.50a50.org\/es\/wp-json\/wp\/v2\/media?parent=5893"}],"wp:term":[{"taxonomy":"category","embeddable":true,"href":"https:\/\/www.50a50.org\/es\/wp-json\/wp\/v2\/categories?post=5893"},{"taxonomy":"post_tag","embeddable":true,"href":"https:\/\/www.50a50.org\/es\/wp-json\/wp\/v2\/tags?post=5893"}],"curies":[{"name":"wp","href":"https:\/\/api.w.org\/{rel}","templated":true}]}}