{"id":5277,"date":"2020-01-06T22:03:40","date_gmt":"2020-01-06T22:03:40","guid":{"rendered":"https:\/\/www.50a50.org\/?p=5277"},"modified":"2020-01-06T22:03:41","modified_gmt":"2020-01-06T22:03:41","slug":"anna-mercade-inaugura-el-programa-de-formacion-de-liderazgo-femenino-de-50a50","status":"publish","type":"post","link":"https:\/\/www.50a50.org\/es\/anna-mercade-inaugura-el-programa-de-formacion-de-liderazgo-femenino-de-50a50\/","title":{"rendered":"Anna Mercad\u00e9 inaugura el programa de formaci\u00f3n de liderazgo femenino de 50a50"},"content":{"rendered":"<p><div class=\"fusion-fullwidth fullwidth-box fusion-builder-row-1 nonhundred-percent-fullwidth non-hundred-percent-height-scrolling\" style=\"--awb-border-radius-top-left:0px;--awb-border-radius-top-right:0px;--awb-border-radius-bottom-right:0px;--awb-border-radius-bottom-left:0px;--awb-flex-wrap:wrap;\" ><div class=\"fusion-builder-row fusion-row\"><div class=\"fusion-layout-column fusion_builder_column fusion-builder-column-0 fusion_builder_column_1_1 1_1 fusion-one-full fusion-column-first fusion-column-last\" style=\"--awb-bg-size:cover;\"><div class=\"fusion-column-wrapper fusion-column-has-shadow fusion-flex-column-wrapper-legacy\"><div class=\"fusion-image-element fusion-image-align-center in-legacy-container\" style=\"text-align:center;--awb-max-width:2000px;--awb-caption-title-font-family:var(--h2_typography-font-family);--awb-caption-title-font-weight:var(--h2_typography-font-weight);--awb-caption-title-font-style:var(--h2_typography-font-style);--awb-caption-title-size:var(--h2_typography-font-size);--awb-caption-title-transform:var(--h2_typography-text-transform);--awb-caption-title-line-height:var(--h2_typography-line-height);--awb-caption-title-letter-spacing:var(--h2_typography-letter-spacing);\"><div class=\"imageframe-align-center\"><span class=\" fusion-imageframe imageframe-none imageframe-1 hover-type-none\"><img decoding=\"async\" width=\"1280\" height=\"720\" title=\"Sessi\u00f3 1 programa formaci\u00f3 lideratge femen\u00ed\" src=\"https:\/\/www.50a50.org\/wp-content\/uploads\/2020\/01\/Sessi\u00f3-1-programa-formaci\u00f3-lideratge-femen\u00ed.jpg\" alt class=\"img-responsive wp-image-5275\" srcset=\"https:\/\/www.50a50.org\/wp-content\/uploads\/2020\/01\/Sessi\u00f3-1-programa-formaci\u00f3-lideratge-femen\u00ed-200x113.jpg 200w, https:\/\/www.50a50.org\/wp-content\/uploads\/2020\/01\/Sessi\u00f3-1-programa-formaci\u00f3-lideratge-femen\u00ed-400x225.jpg 400w, https:\/\/www.50a50.org\/wp-content\/uploads\/2020\/01\/Sessi\u00f3-1-programa-formaci\u00f3-lideratge-femen\u00ed-600x338.jpg 600w, https:\/\/www.50a50.org\/wp-content\/uploads\/2020\/01\/Sessi\u00f3-1-programa-formaci\u00f3-lideratge-femen\u00ed-800x450.jpg 800w, https:\/\/www.50a50.org\/wp-content\/uploads\/2020\/01\/Sessi\u00f3-1-programa-formaci\u00f3-lideratge-femen\u00ed-1200x675.jpg 1200w, https:\/\/www.50a50.org\/wp-content\/uploads\/2020\/01\/Sessi\u00f3-1-programa-formaci\u00f3-lideratge-femen\u00ed.jpg 1280w\" sizes=\"(max-width: 1024px) 100vw, 1200px\" \/><\/span><\/div><\/div><div class=\"fusion-sep-clear\"><\/div><div class=\"fusion-separator fusion-full-width-sep\" style=\"margin-left: auto;margin-right: auto;margin-top:15px;margin-bottom:15px;width:100%;\"><div class=\"fusion-separator-border sep-single\" style=\"--awb-height:20px;--awb-amount:20px;border-color:#e0dede;border-top-width:0px;\"><\/div><\/div><div class=\"fusion-sep-clear\"><\/div><div class=\"fusion-sep-clear\"><\/div><div class=\"fusion-separator fusion-full-width-sep\" style=\"margin-left: auto;margin-right: auto;margin-top:15px;margin-bottom:15px;width:100%;\"><div class=\"fusion-separator-border sep-single\" style=\"--awb-height:20px;--awb-amount:20px;border-color:#e0dede;border-top-width:0px;\"><\/div><\/div><div class=\"fusion-sep-clear\"><\/div><div class=\"fusion-clearfix\"><\/div><\/div><\/div><\/div><\/div><div class=\"fusion-fullwidth fullwidth-box fusion-builder-row-2 nonhundred-percent-fullwidth non-hundred-percent-height-scrolling\" style=\"--awb-border-radius-top-left:0px;--awb-border-radius-top-right:0px;--awb-border-radius-bottom-right:0px;--awb-border-radius-bottom-left:0px;--awb-flex-wrap:wrap;\" ><div class=\"fusion-builder-row fusion-row\"><div class=\"fusion-layout-column fusion_builder_column fusion-builder-column-1 fusion_builder_column_1_5 1_5 fusion-one-fifth fusion-column-first\" style=\"--awb-bg-size:cover;width:20%;width:calc(20% - ( ( 4% + 4% ) * 0.2 ) );margin-right: 4%;\"><div class=\"fusion-column-wrapper fusion-column-has-shadow fusion-flex-column-wrapper-legacy\"><div class=\"fusion-clearfix\"><\/div><\/div><\/div><div class=\"fusion-layout-column fusion_builder_column fusion-builder-column-2 fusion_builder_column_3_5 3_5 fusion-three-fifth\" style=\"--awb-bg-size:cover;width:60%;width:calc(60% - ( ( 4% + 4% ) * 0.6 ) );margin-right: 4%;\"><div class=\"fusion-column-wrapper fusion-column-has-shadow fusion-flex-column-wrapper-legacy\"><div class=\"fusion-title title fusion-title-1 fusion-sep-none fusion-title-text fusion-title-size-one\"><h1 class=\"fusion-title-heading title-heading-left\" style=\"margin:0;\"><h2><strong>Anna Mercad\u00e9 inaugura el programa de formaci\u00f3n de liderazgo femenino de 50a50<\/strong><\/h2><\/h1><\/div><div class=\"fusion-sep-clear\"><\/div><div class=\"fusion-separator fusion-full-width-sep\" style=\"margin-left: auto;margin-right: auto;margin-top:15px;margin-bottom:15px;width:100%;\"><div class=\"fusion-separator-border sep-single\" style=\"--awb-height:20px;--awb-amount:20px;border-color:#e0dede;border-top-width:0px;\"><\/div><\/div><div class=\"fusion-sep-clear\"><\/div><div class=\"fusion-sep-clear\"><\/div><div class=\"fusion-separator fusion-full-width-sep\" style=\"margin-left: auto;margin-right: auto;margin-top:15px;margin-bottom:15px;width:100%;\"><div class=\"fusion-separator-border sep-single\" style=\"--awb-height:20px;--awb-amount:20px;border-color:#e0dede;border-top-width:0px;\"><\/div><\/div><div class=\"fusion-sep-clear\"><\/div><div class=\"fusion-text fusion-text-1\"><p>El <strong>lunes 20 de enero<\/strong> tendr\u00e1 lugar la primera sesi\u00f3n del programa de formaci\u00f3n de liderazgo femenino que lleva a cabo 50a50. A cargo de la presidenta de la asociaci\u00f3n, <strong>Anna Mercad\u00e9<\/strong>, el taller tiene por t\u00edtulo \u00ab<strong>Introducci\u00f3n. El liderazgo transformacional<\/strong>\u00ab.<\/p>\n<p>El programa de formaci\u00f3n de liderazgo femenino de 50a50 tiene el objetivo de ofrecer un marco de crecimiento profesional y personal a las socias de 50a50, para poder ejercer el liderazgo femenino en sus organizaciones desde una perspectiva de g\u00e9nero y de forma enriquecedora para todo el grupo, para la entidad y para la sociedad.<\/p>\n<p>En el primer taller del ciclo de siete sesiones, <a href=\"https:\/\/www.linkedin.com\/in\/annamercadeferrando\/\">Anna Mercad\u00e9 i Ferrando<\/a> nos ense\u00f1ar\u00e1 c\u00f3mo ejercer aquel tipo de liderazgo que llevan a cabo personas con una fuerte visi\u00f3n y personalidad, gracias a la que son capaces de cambiar las expectativas, percepciones y motivaciones, as\u00ed como liderar el cambio dentro de una organizaci\u00f3n. El liderazgo transformacional es aquel que hacemos las mujeres para el bien de la sociedad.<\/p>\n<p>Presidenta de 50a50 y directora del Observatori Dona Empresa Economia de la Cambra de Comer\u00e7 de Barcelona, \u200b\u200bAnna Mercad\u00e9 es asesora reconocida por la UE por la creaci\u00f3n de empresas de mujeres y por las habilidades femeninas de direcci\u00f3n, y hace m\u00e1s de 20 a\u00f1os que se dedica a orientar y a formar mujeres en su proyecto profesional y de vida.<\/p>\n<p>La sesi\u00f3n tendr\u00e1 lugar el lunes 20 de enero, de 18.30 a 20.30 horas, en el coworking de la asociaci\u00f3n (Diagonal 460, 2-2), y est\u00e1 reservada a socias, previa inscripci\u00f3n y pago de 10 euros por persona, mediante este <a href=\"https:\/\/www.eventbrite.es\/e\/entradas-sessio-1-programa-de-formacio-de-lideratge-femeni-de-5a50-86786417511\">enlace<\/a>.<\/p>\n<p>La segunda sesi\u00f3n se celebrar\u00e1 el mi\u00e9rcoles 12 de febrero. A cargo de <a href=\"https:\/\/www.linkedin.com\/in\/joanavisacoaching\/\">Joana Visa Esteve<\/a>, tiene por t\u00edtulo \u00abPor qu\u00e9 las mujeres podemos y queremos ser l\u00edderes. Plan de desarrollo personal\u00bb.<\/p>\n<p>Haced clic <a href=\"https:\/\/www.50a50.org\/es\/programa-de-formacion-de-liderazgo-femenino-de-50a50\/\">aqu\u00ed<\/a> para m\u00e1s informaci\u00f3n sobre el programa de formaci\u00f3n de liderazgo femenino de 50a50.<\/p>\n<\/div><div class=\"fusion-clearfix\"><\/div><\/div><\/div><div class=\"fusion-layout-column fusion_builder_column fusion-builder-column-3 fusion_builder_column_1_5 1_5 fusion-one-fifth fusion-column-last\" style=\"--awb-bg-size:cover;width:20%;width:calc(20% - ( ( 4% + 4% ) * 0.2 ) );\"><div class=\"fusion-column-wrapper fusion-column-has-shadow fusion-flex-column-wrapper-legacy\"><div class=\"fusion-clearfix\"><\/div><\/div><\/div><\/div><\/div><\/p>\n","protected":false},"excerpt":{"rendered":"<p>El lunes 20 de enero tendr\u00e1 lugar la primera sesi\u00f3n del programa de formaci\u00f3n de liderazgo femenino que lleva a cabo 50a50. A cargo de la presidenta de la asociaci\u00f3n, Anna Mercad\u00e9, el taller tiene por t\u00edtulo \u00abIntroducci\u00f3n. El liderazgo transformacional\u00bb.<\/p>\n","protected":false},"author":1,"featured_media":5275,"comment_status":"closed","ping_status":"closed","sticky":false,"template":"","format":"standard","meta":{"footnotes":""},"categories":[251],"tags":[326,336,344],"class_list":["post-5277","post","type-post","status-publish","format-standard","has-post-thumbnail","hentry","category-activitats-es","tag-326","tag-336","tag-344"],"aioseo_notices":[],"aioseo_head":"\n\t\t<!-- All in One SEO 5.0.0.1 - aioseo.com -->\n\t<meta name=\"description\" content=\"El lunes 20 de enero tendr\u00e1 lugar la primera sesi\u00f3n del programa de formaci\u00f3n de liderazgo femenino que lleva a cabo 50a50. A cargo de la presidenta de la asociaci\u00f3n, Anna Mercad\u00e9, el taller tiene por t\u00edtulo &quot;Introducci\u00f3n. El liderazgo transformacional&quot;.\" \/>\n\t<meta name=\"robots\" content=\"max-image-preview:large\" \/>\n\t<meta name=\"author\" content=\"50a50\"\/>\n\t<link rel=\"canonical\" href=\"https:\/\/www.50a50.org\/es\/anna-mercade-inaugura-el-programa-de-formacion-de-liderazgo-femenino-de-50a50\/\" \/>\n\t<meta name=\"generator\" content=\"All in One SEO (AIOSEO) 5.0.0.1\" \/>\n\t\t<meta property=\"og:locale\" content=\"es_ES\" \/>\n\t\t<meta property=\"og:site_name\" content=\"50a50 | Dones directives i professionals per la paritat\" \/>\n\t\t<meta property=\"og:type\" content=\"article\" \/>\n\t\t<meta property=\"og:title\" content=\"Anna Mercad\u00e9 inaugura el programa de formaci\u00f3n de liderazgo femenino de 50a50 | 50a50\" \/>\n\t\t<meta property=\"og:description\" content=\"El lunes 20 de enero tendr\u00e1 lugar la primera sesi\u00f3n del programa de formaci\u00f3n de liderazgo femenino que lleva a cabo 50a50. A cargo de la presidenta de la asociaci\u00f3n, Anna Mercad\u00e9, el taller tiene por t\u00edtulo &quot;Introducci\u00f3n. El liderazgo transformacional&quot;.\" \/>\n\t\t<meta property=\"og:url\" content=\"https:\/\/www.50a50.org\/es\/anna-mercade-inaugura-el-programa-de-formacion-de-liderazgo-femenino-de-50a50\/\" \/>\n\t\t<meta property=\"article:published_time\" content=\"2020-01-06T22:03:40+00:00\" \/>\n\t\t<meta property=\"article:modified_time\" content=\"2020-01-06T22:03:41+00:00\" \/>\n\t\t<meta name=\"twitter:card\" content=\"summary\" \/>\n\t\t<meta name=\"twitter:title\" content=\"Anna Mercad\u00e9 inaugura el programa de formaci\u00f3n de liderazgo femenino de 50a50 | 50a50\" \/>\n\t\t<meta name=\"twitter:description\" content=\"El lunes 20 de enero tendr\u00e1 lugar la primera sesi\u00f3n del programa de formaci\u00f3n de liderazgo femenino que lleva a cabo 50a50. A cargo de la presidenta de la asociaci\u00f3n, Anna Mercad\u00e9, el taller tiene por t\u00edtulo &quot;Introducci\u00f3n. El liderazgo transformacional&quot;.\" \/>\n\t\t<script type=\"application\/ld+json\" class=\"aioseo-schema\">\n\t\t\t{\"@context\":\"https:\\\/\\\/schema.org\",\"@graph\":[{\"@type\":\"Article\",\"@id\":\"https:\\\/\\\/www.50a50.org\\\/es\\\/anna-mercade-inaugura-el-programa-de-formacion-de-liderazgo-femenino-de-50a50\\\/#article\",\"name\":\"Anna Mercad\\u00e9 inaugura el programa de formaci\\u00f3n de liderazgo femenino de 50a50 | 50a50\",\"headline\":\"Anna Mercad\\u00e9 inaugura el programa de formaci\\u00f3n de liderazgo femenino de 50a50\",\"author\":{\"@id\":\"https:\\\/\\\/www.50a50.org\\\/es\\\/author\\\/backoffice\\\/#author\"},\"publisher\":{\"@id\":\"https:\\\/\\\/www.50a50.org\\\/es\\\/#organization\"},\"image\":{\"@type\":\"ImageObject\",\"url\":\"https:\\\/\\\/www.50a50.org\\\/wp-content\\\/uploads\\\/2020\\\/01\\\/Sessi\\u00f3-1-programa-formaci\\u00f3-lideratge-femen\\u00ed.jpg\",\"width\":1280,\"height\":720},\"datePublished\":\"2020-01-06T22:03:40+00:00\",\"dateModified\":\"2020-01-06T22:03:41+00:00\",\"inLanguage\":\"es-ES\",\"mainEntityOfPage\":{\"@id\":\"https:\\\/\\\/www.50a50.org\\\/es\\\/anna-mercade-inaugura-el-programa-de-formacion-de-liderazgo-femenino-de-50a50\\\/#webpage\"},\"isPartOf\":{\"@id\":\"https:\\\/\\\/www.50a50.org\\\/es\\\/anna-mercade-inaugura-el-programa-de-formacion-de-liderazgo-femenino-de-50a50\\\/#webpage\"},\"articleSection\":\"Actividades, 297, 308, 343\"},{\"@type\":\"BreadcrumbList\",\"@id\":\"https:\\\/\\\/www.50a50.org\\\/es\\\/anna-mercade-inaugura-el-programa-de-formacion-de-liderazgo-femenino-de-50a50\\\/#breadcrumblist\",\"itemListElement\":[{\"@type\":\"ListItem\",\"@id\":\"https:\\\/\\\/www.50a50.org\\\/es\\\/#listItem\",\"position\":1,\"name\":\"Home\",\"item\":\"https:\\\/\\\/www.50a50.org\\\/es\\\/\",\"nextItem\":{\"@type\":\"ListItem\",\"@id\":\"https:\\\/\\\/www.50a50.org\\\/es\\\/category\\\/activitats-es\\\/#listItem\",\"name\":\"Actividades\"}},{\"@type\":\"ListItem\",\"@id\":\"https:\\\/\\\/www.50a50.org\\\/es\\\/category\\\/activitats-es\\\/#listItem\",\"position\":2,\"name\":\"Actividades\",\"item\":\"https:\\\/\\\/www.50a50.org\\\/es\\\/category\\\/activitats-es\\\/\",\"nextItem\":{\"@type\":\"ListItem\",\"@id\":\"https:\\\/\\\/www.50a50.org\\\/es\\\/anna-mercade-inaugura-el-programa-de-formacion-de-liderazgo-femenino-de-50a50\\\/#listItem\",\"name\":\"Anna Mercad\\u00e9 inaugura el programa de formaci\\u00f3n de liderazgo femenino de 50a50\"},\"previousItem\":{\"@type\":\"ListItem\",\"@id\":\"https:\\\/\\\/www.50a50.org\\\/es\\\/#listItem\",\"name\":\"Home\"}},{\"@type\":\"ListItem\",\"@id\":\"https:\\\/\\\/www.50a50.org\\\/es\\\/anna-mercade-inaugura-el-programa-de-formacion-de-liderazgo-femenino-de-50a50\\\/#listItem\",\"position\":3,\"name\":\"Anna Mercad\\u00e9 inaugura el programa de formaci\\u00f3n de liderazgo femenino de 50a50\",\"previousItem\":{\"@type\":\"ListItem\",\"@id\":\"https:\\\/\\\/www.50a50.org\\\/es\\\/category\\\/activitats-es\\\/#listItem\",\"name\":\"Actividades\"}}]},{\"@type\":\"Organization\",\"@id\":\"https:\\\/\\\/www.50a50.org\\\/es\\\/#organization\",\"name\":\"50a50\",\"description\":\"Dones directives i professionals per la paritat\",\"url\":\"https:\\\/\\\/www.50a50.org\\\/es\\\/\"},{\"@type\":\"Person\",\"@id\":\"https:\\\/\\\/www.50a50.org\\\/es\\\/author\\\/backoffice\\\/#author\",\"url\":\"https:\\\/\\\/www.50a50.org\\\/es\\\/author\\\/backoffice\\\/\",\"name\":\"50a50\"},{\"@type\":\"WebPage\",\"@id\":\"https:\\\/\\\/www.50a50.org\\\/es\\\/anna-mercade-inaugura-el-programa-de-formacion-de-liderazgo-femenino-de-50a50\\\/#webpage\",\"url\":\"https:\\\/\\\/www.50a50.org\\\/es\\\/anna-mercade-inaugura-el-programa-de-formacion-de-liderazgo-femenino-de-50a50\\\/\",\"name\":\"Anna Mercad\\u00e9 inaugura el programa de formaci\\u00f3n de liderazgo femenino de 50a50 | 50a50\",\"description\":\"El lunes 20 de enero tendr\\u00e1 lugar la primera sesi\\u00f3n del programa de formaci\\u00f3n de liderazgo femenino que lleva a cabo 50a50. A cargo de la presidenta de la asociaci\\u00f3n, Anna Mercad\\u00e9, el taller tiene por t\\u00edtulo \\\"Introducci\\u00f3n. El liderazgo transformacional\\\".\",\"inLanguage\":\"es-ES\",\"isPartOf\":{\"@id\":\"https:\\\/\\\/www.50a50.org\\\/es\\\/#website\"},\"breadcrumb\":{\"@id\":\"https:\\\/\\\/www.50a50.org\\\/es\\\/anna-mercade-inaugura-el-programa-de-formacion-de-liderazgo-femenino-de-50a50\\\/#breadcrumblist\"},\"author\":{\"@id\":\"https:\\\/\\\/www.50a50.org\\\/es\\\/author\\\/backoffice\\\/#author\"},\"creator\":{\"@id\":\"https:\\\/\\\/www.50a50.org\\\/es\\\/author\\\/backoffice\\\/#author\"},\"image\":{\"@type\":\"ImageObject\",\"url\":\"https:\\\/\\\/www.50a50.org\\\/wp-content\\\/uploads\\\/2020\\\/01\\\/Sessi\\u00f3-1-programa-formaci\\u00f3-lideratge-femen\\u00ed.jpg\",\"@id\":\"https:\\\/\\\/www.50a50.org\\\/es\\\/anna-mercade-inaugura-el-programa-de-formacion-de-liderazgo-femenino-de-50a50\\\/#mainImage\",\"width\":1280,\"height\":720},\"primaryImageOfPage\":{\"@id\":\"https:\\\/\\\/www.50a50.org\\\/es\\\/anna-mercade-inaugura-el-programa-de-formacion-de-liderazgo-femenino-de-50a50\\\/#mainImage\"},\"datePublished\":\"2020-01-06T22:03:40+00:00\",\"dateModified\":\"2020-01-06T22:03:41+00:00\"},{\"@type\":\"WebSite\",\"@id\":\"https:\\\/\\\/www.50a50.org\\\/es\\\/#website\",\"url\":\"https:\\\/\\\/www.50a50.org\\\/es\\\/\",\"name\":\"50a50\",\"description\":\"Dones directives i professionals per la paritat\",\"inLanguage\":\"es-ES\",\"publisher\":{\"@id\":\"https:\\\/\\\/www.50a50.org\\\/es\\\/#organization\"}}]}\n\t\t<\/script>\n\t\t<!-- All in One SEO -->\n\n","aioseo_head_json":{"title":"Anna Mercad\u00e9 inaugura el programa de formaci\u00f3n de liderazgo femenino de 50a50 | 50a50","description":"El lunes 20 de enero tendr\u00e1 lugar la primera sesi\u00f3n del programa de formaci\u00f3n de liderazgo femenino que lleva a cabo 50a50. A cargo de la presidenta de la asociaci\u00f3n, Anna Mercad\u00e9, el taller tiene por t\u00edtulo \"Introducci\u00f3n. El liderazgo transformacional\".","canonical_url":"https:\/\/www.50a50.org\/es\/anna-mercade-inaugura-el-programa-de-formacion-de-liderazgo-femenino-de-50a50\/","robots":"max-image-preview:large","keywords":"","webmasterTools":{"miscellaneous":""},"schema":{"@context":"https:\/\/schema.org","@graph":[{"@type":"Article","@id":"https:\/\/www.50a50.org\/es\/anna-mercade-inaugura-el-programa-de-formacion-de-liderazgo-femenino-de-50a50\/#article","name":"Anna Mercad\u00e9 inaugura el programa de formaci\u00f3n de liderazgo femenino de 50a50 | 50a50","headline":"Anna Mercad\u00e9 inaugura el programa de formaci\u00f3n de liderazgo femenino de 50a50","author":{"@id":"https:\/\/www.50a50.org\/es\/author\/backoffice\/#author"},"publisher":{"@id":"https:\/\/www.50a50.org\/es\/#organization"},"image":{"@type":"ImageObject","url":"https:\/\/www.50a50.org\/wp-content\/uploads\/2020\/01\/Sessi\u00f3-1-programa-formaci\u00f3-lideratge-femen\u00ed.jpg","width":1280,"height":720},"datePublished":"2020-01-06T22:03:40+00:00","dateModified":"2020-01-06T22:03:41+00:00","inLanguage":"es-ES","mainEntityOfPage":{"@id":"https:\/\/www.50a50.org\/es\/anna-mercade-inaugura-el-programa-de-formacion-de-liderazgo-femenino-de-50a50\/#webpage"},"isPartOf":{"@id":"https:\/\/www.50a50.org\/es\/anna-mercade-inaugura-el-programa-de-formacion-de-liderazgo-femenino-de-50a50\/#webpage"},"articleSection":"Actividades, 297, 308, 343"},{"@type":"BreadcrumbList","@id":"https:\/\/www.50a50.org\/es\/anna-mercade-inaugura-el-programa-de-formacion-de-liderazgo-femenino-de-50a50\/#breadcrumblist","itemListElement":[{"@type":"ListItem","@id":"https:\/\/www.50a50.org\/es\/#listItem","position":1,"name":"Home","item":"https:\/\/www.50a50.org\/es\/","nextItem":{"@type":"ListItem","@id":"https:\/\/www.50a50.org\/es\/category\/activitats-es\/#listItem","name":"Actividades"}},{"@type":"ListItem","@id":"https:\/\/www.50a50.org\/es\/category\/activitats-es\/#listItem","position":2,"name":"Actividades","item":"https:\/\/www.50a50.org\/es\/category\/activitats-es\/","nextItem":{"@type":"ListItem","@id":"https:\/\/www.50a50.org\/es\/anna-mercade-inaugura-el-programa-de-formacion-de-liderazgo-femenino-de-50a50\/#listItem","name":"Anna Mercad\u00e9 inaugura el programa de formaci\u00f3n de liderazgo femenino de 50a50"},"previousItem":{"@type":"ListItem","@id":"https:\/\/www.50a50.org\/es\/#listItem","name":"Home"}},{"@type":"ListItem","@id":"https:\/\/www.50a50.org\/es\/anna-mercade-inaugura-el-programa-de-formacion-de-liderazgo-femenino-de-50a50\/#listItem","position":3,"name":"Anna Mercad\u00e9 inaugura el programa de formaci\u00f3n de liderazgo femenino de 50a50","previousItem":{"@type":"ListItem","@id":"https:\/\/www.50a50.org\/es\/category\/activitats-es\/#listItem","name":"Actividades"}}]},{"@type":"Organization","@id":"https:\/\/www.50a50.org\/es\/#organization","name":"50a50","description":"Dones directives i professionals per la paritat","url":"https:\/\/www.50a50.org\/es\/"},{"@type":"Person","@id":"https:\/\/www.50a50.org\/es\/author\/backoffice\/#author","url":"https:\/\/www.50a50.org\/es\/author\/backoffice\/","name":"50a50"},{"@type":"WebPage","@id":"https:\/\/www.50a50.org\/es\/anna-mercade-inaugura-el-programa-de-formacion-de-liderazgo-femenino-de-50a50\/#webpage","url":"https:\/\/www.50a50.org\/es\/anna-mercade-inaugura-el-programa-de-formacion-de-liderazgo-femenino-de-50a50\/","name":"Anna Mercad\u00e9 inaugura el programa de formaci\u00f3n de liderazgo femenino de 50a50 | 50a50","description":"El lunes 20 de enero tendr\u00e1 lugar la primera sesi\u00f3n del programa de formaci\u00f3n de liderazgo femenino que lleva a cabo 50a50. A cargo de la presidenta de la asociaci\u00f3n, Anna Mercad\u00e9, el taller tiene por t\u00edtulo \"Introducci\u00f3n. El liderazgo transformacional\".","inLanguage":"es-ES","isPartOf":{"@id":"https:\/\/www.50a50.org\/es\/#website"},"breadcrumb":{"@id":"https:\/\/www.50a50.org\/es\/anna-mercade-inaugura-el-programa-de-formacion-de-liderazgo-femenino-de-50a50\/#breadcrumblist"},"author":{"@id":"https:\/\/www.50a50.org\/es\/author\/backoffice\/#author"},"creator":{"@id":"https:\/\/www.50a50.org\/es\/author\/backoffice\/#author"},"image":{"@type":"ImageObject","url":"https:\/\/www.50a50.org\/wp-content\/uploads\/2020\/01\/Sessi\u00f3-1-programa-formaci\u00f3-lideratge-femen\u00ed.jpg","@id":"https:\/\/www.50a50.org\/es\/anna-mercade-inaugura-el-programa-de-formacion-de-liderazgo-femenino-de-50a50\/#mainImage","width":1280,"height":720},"primaryImageOfPage":{"@id":"https:\/\/www.50a50.org\/es\/anna-mercade-inaugura-el-programa-de-formacion-de-liderazgo-femenino-de-50a50\/#mainImage"},"datePublished":"2020-01-06T22:03:40+00:00","dateModified":"2020-01-06T22:03:41+00:00"},{"@type":"WebSite","@id":"https:\/\/www.50a50.org\/es\/#website","url":"https:\/\/www.50a50.org\/es\/","name":"50a50","description":"Dones directives i professionals per la paritat","inLanguage":"es-ES","publisher":{"@id":"https:\/\/www.50a50.org\/es\/#organization"}}]},"og:locale":"es_ES","og:site_name":"50a50 | Dones directives i professionals per la paritat","og:type":"article","og:title":"Anna Mercad\u00e9 inaugura el programa de formaci\u00f3n de liderazgo femenino de 50a50 | 50a50","og:description":"El lunes 20 de enero tendr\u00e1 lugar la primera sesi\u00f3n del programa de formaci\u00f3n de liderazgo femenino que lleva a cabo 50a50. A cargo de la presidenta de la asociaci\u00f3n, Anna Mercad\u00e9, el taller tiene por t\u00edtulo &quot;Introducci\u00f3n. El liderazgo transformacional&quot;.","og:url":"https:\/\/www.50a50.org\/es\/anna-mercade-inaugura-el-programa-de-formacion-de-liderazgo-femenino-de-50a50\/","article:published_time":"2020-01-06T22:03:40+00:00","article:modified_time":"2020-01-06T22:03:41+00:00","twitter:card":"summary","twitter:title":"Anna Mercad\u00e9 inaugura el programa de formaci\u00f3n de liderazgo femenino de 50a50 | 50a50","twitter:description":"El lunes 20 de enero tendr\u00e1 lugar la primera sesi\u00f3n del programa de formaci\u00f3n de liderazgo femenino que lleva a cabo 50a50. A cargo de la presidenta de la asociaci\u00f3n, Anna Mercad\u00e9, el taller tiene por t\u00edtulo &quot;Introducci\u00f3n. El liderazgo transformacional&quot;."},"aioseo_meta_data":{"post_id":"5277","title":"Anna Mercad\u00e9 inaugura el programa de formaci\u00f3n de liderazgo femenino de 50a50 | #site_title","description":"El lunes 20 de enero tendr\u00e1 lugar la primera sesi\u00f3n del programa de formaci\u00f3n de liderazgo femenino que lleva a cabo 50a50. A cargo de la presidenta de la asociaci\u00f3n, Anna Mercad\u00e9, el taller tiene por t\u00edtulo &quot;Introducci\u00f3n. El liderazgo transformacional&quot;.","keywords":null,"keyphrases":null,"primary_term":null,"canonical_url":null,"og_title":null,"og_description":null,"og_object_type":"default","og_image_type":"default","og_image_url":null,"og_image_width":null,"og_image_height":null,"og_image_custom_url":null,"og_image_custom_fields":null,"og_video":null,"og_custom_url":null,"og_article_section":null,"og_article_tags":null,"twitter_use_og":false,"twitter_card":"default","twitter_image_type":"default","twitter_image_url":null,"twitter_image_custom_url":null,"twitter_image_custom_fields":null,"twitter_title":null,"twitter_description":null,"schema":{"blockGraphs":[],"customGraphs":[],"default":{"data":{"Article":[],"Course":[],"Dataset":[],"FAQPage":[],"Movie":[],"Person":[],"Product":[],"ProductReview":[],"Car":[],"Recipe":[],"Service":[],"SoftwareApplication":[],"WebPage":[]},"graphName":"","isEnabled":true},"graphs":[]},"schema_type":null,"schema_type_options":null,"pillar_content":false,"robots_default":true,"robots_noindex":false,"robots_noarchive":false,"robots_nosnippet":false,"robots_nofollow":false,"robots_noimageindex":false,"robots_noodp":false,"robots_notranslate":false,"robots_max_snippet":null,"robots_max_videopreview":null,"robots_max_imagepreview":"large","priority":null,"frequency":null,"local_seo":null,"breadcrumb_settings":null,"limit_modified_date":false,"ai":null,"created":"2020-12-28 08:05:29","updated":"2025-06-10 16:49:56","seo_analyzer_scan_date":null,"focus_keyword":null,"additional_keywords":null,"truseo_locale":null},"aioseo_breadcrumb":"<div class=\"aioseo-breadcrumbs\"><span class=\"aioseo-breadcrumb\">\n\t\t\t<a href=\"https:\/\/www.50a50.org\/es\/\" title=\"Home\">Home<\/a>\n\t\t<\/span><span class=\"aioseo-breadcrumb-separator\">&raquo;<\/span><span class=\"aioseo-breadcrumb\">\n\t\t\t<a href=\"https:\/\/www.50a50.org\/es\/category\/activitats-es\/\" title=\"Actividades\">Actividades<\/a>\n\t\t<\/span><span class=\"aioseo-breadcrumb-separator\">&raquo;<\/span><span class=\"aioseo-breadcrumb\">\n\t\t\tAnna Mercad\u00e9 inaugura el programa de formaci\u00f3n de liderazgo femenino de 50a50\n\t\t<\/span><\/div>","aioseo_breadcrumb_json":[{"label":"Home","link":"https:\/\/www.50a50.org\/es\/"},{"label":"Actividades","link":"https:\/\/www.50a50.org\/es\/category\/activitats-es\/"},{"label":"Anna Mercad\u00e9 inaugura el programa de formaci\u00f3n de liderazgo femenino de 50a50","link":"https:\/\/www.50a50.org\/es\/anna-mercade-inaugura-el-programa-de-formacion-de-liderazgo-femenino-de-50a50\/"}],"_links":{"self":[{"href":"https:\/\/www.50a50.org\/es\/wp-json\/wp\/v2\/posts\/5277","targetHints":{"allow":["GET"]}}],"collection":[{"href":"https:\/\/www.50a50.org\/es\/wp-json\/wp\/v2\/posts"}],"about":[{"href":"https:\/\/www.50a50.org\/es\/wp-json\/wp\/v2\/types\/post"}],"author":[{"embeddable":true,"href":"https:\/\/www.50a50.org\/es\/wp-json\/wp\/v2\/users\/1"}],"replies":[{"embeddable":true,"href":"https:\/\/www.50a50.org\/es\/wp-json\/wp\/v2\/comments?post=5277"}],"version-history":[{"count":0,"href":"https:\/\/www.50a50.org\/es\/wp-json\/wp\/v2\/posts\/5277\/revisions"}],"wp:featuredmedia":[{"embeddable":true,"href":"https:\/\/www.50a50.org\/es\/wp-json\/wp\/v2\/media\/5275"}],"wp:attachment":[{"href":"https:\/\/www.50a50.org\/es\/wp-json\/wp\/v2\/media?parent=5277"}],"wp:term":[{"taxonomy":"category","embeddable":true,"href":"https:\/\/www.50a50.org\/es\/wp-json\/wp\/v2\/categories?post=5277"},{"taxonomy":"post_tag","embeddable":true,"href":"https:\/\/www.50a50.org\/es\/wp-json\/wp\/v2\/tags?post=5277"}],"curies":[{"name":"wp","href":"https:\/\/api.w.org\/{rel}","templated":true}]}}