{"id":5243,"date":"2019-12-20T00:09:55","date_gmt":"2019-12-20T00:09:55","guid":{"rendered":"https:\/\/www.50a50.org\/?p=5243"},"modified":"2019-12-20T00:09:55","modified_gmt":"2019-12-20T00:09:55","slug":"programa-de-formacion-de-liderazgo-femenino-de-50a50","status":"publish","type":"post","link":"https:\/\/www.50a50.org\/es\/programa-de-formacion-de-liderazgo-femenino-de-50a50\/","title":{"rendered":"Programa de formaci\u00f3n de liderazgo femenino de 50a50"},"content":{"rendered":"<p><div class=\"fusion-fullwidth fullwidth-box fusion-builder-row-1 nonhundred-percent-fullwidth non-hundred-percent-height-scrolling\" style=\"--awb-border-radius-top-left:0px;--awb-border-radius-top-right:0px;--awb-border-radius-bottom-right:0px;--awb-border-radius-bottom-left:0px;--awb-flex-wrap:wrap;\" ><div class=\"fusion-builder-row fusion-row\"><div class=\"fusion-layout-column fusion_builder_column fusion-builder-column-0 fusion_builder_column_1_1 1_1 fusion-one-full fusion-column-first fusion-column-last\" style=\"--awb-bg-size:cover;\"><div class=\"fusion-column-wrapper fusion-column-has-shadow fusion-flex-column-wrapper-legacy\"><div class=\"fusion-image-element fusion-image-align-center in-legacy-container\" style=\"text-align:center;--awb-max-width:2000px;--awb-caption-title-font-family:var(--h2_typography-font-family);--awb-caption-title-font-weight:var(--h2_typography-font-weight);--awb-caption-title-font-style:var(--h2_typography-font-style);--awb-caption-title-size:var(--h2_typography-font-size);--awb-caption-title-transform:var(--h2_typography-text-transform);--awb-caption-title-line-height:var(--h2_typography-line-height);--awb-caption-title-letter-spacing:var(--h2_typography-letter-spacing);\"><div class=\"imageframe-align-center\"><span class=\" fusion-imageframe imageframe-none imageframe-1 hover-type-none\"><img decoding=\"async\" width=\"800\" height=\"676\" title=\"PROGRAMA DE FORMACI\u00d3 DE LIDERATGE FEMEN\u00cd horizontal\" src=\"https:\/\/www.50a50.org\/wp-content\/uploads\/2019\/12\/PROGRAMA-DE-FORMACI\u00d3-DE-LIDERATGE-FEMEN\u00cd-horizontal.png\" alt class=\"img-responsive wp-image-5236\" srcset=\"https:\/\/www.50a50.org\/wp-content\/uploads\/2019\/12\/PROGRAMA-DE-FORMACI\u00d3-DE-LIDERATGE-FEMEN\u00cd-horizontal-200x169.png 200w, https:\/\/www.50a50.org\/wp-content\/uploads\/2019\/12\/PROGRAMA-DE-FORMACI\u00d3-DE-LIDERATGE-FEMEN\u00cd-horizontal-400x338.png 400w, https:\/\/www.50a50.org\/wp-content\/uploads\/2019\/12\/PROGRAMA-DE-FORMACI\u00d3-DE-LIDERATGE-FEMEN\u00cd-horizontal-600x507.png 600w, https:\/\/www.50a50.org\/wp-content\/uploads\/2019\/12\/PROGRAMA-DE-FORMACI\u00d3-DE-LIDERATGE-FEMEN\u00cd-horizontal.png 800w\" sizes=\"(max-width: 1024px) 100vw, 800px\" \/><\/span><\/div><\/div><div class=\"fusion-sep-clear\"><\/div><div class=\"fusion-separator fusion-full-width-sep\" style=\"margin-left: auto;margin-right: auto;margin-top:15px;margin-bottom:15px;width:100%;\"><div class=\"fusion-separator-border sep-single\" style=\"--awb-height:20px;--awb-amount:20px;border-color:#e0dede;border-top-width:0px;\"><\/div><\/div><div class=\"fusion-sep-clear\"><\/div><div class=\"fusion-sep-clear\"><\/div><div class=\"fusion-separator fusion-full-width-sep\" style=\"margin-left: auto;margin-right: auto;margin-top:15px;margin-bottom:15px;width:100%;\"><div class=\"fusion-separator-border sep-single\" style=\"--awb-height:20px;--awb-amount:20px;border-color:#e0dede;border-top-width:0px;\"><\/div><\/div><div class=\"fusion-sep-clear\"><\/div><div class=\"fusion-clearfix\"><\/div><\/div><\/div><\/div><\/div><div class=\"fusion-fullwidth fullwidth-box fusion-builder-row-2 nonhundred-percent-fullwidth non-hundred-percent-height-scrolling\" style=\"--awb-border-radius-top-left:0px;--awb-border-radius-top-right:0px;--awb-border-radius-bottom-right:0px;--awb-border-radius-bottom-left:0px;--awb-flex-wrap:wrap;\" ><div class=\"fusion-builder-row fusion-row\"><div class=\"fusion-layout-column fusion_builder_column fusion-builder-column-1 fusion_builder_column_1_5 1_5 fusion-one-fifth fusion-column-first\" style=\"--awb-bg-size:cover;width:20%;width:calc(20% - ( ( 4% + 4% ) * 0.2 ) );margin-right: 4%;\"><div class=\"fusion-column-wrapper fusion-column-has-shadow fusion-flex-column-wrapper-legacy\"><div class=\"fusion-clearfix\"><\/div><\/div><\/div><div class=\"fusion-layout-column fusion_builder_column fusion-builder-column-2 fusion_builder_column_3_5 3_5 fusion-three-fifth\" style=\"--awb-bg-size:cover;width:60%;width:calc(60% - ( ( 4% + 4% ) * 0.6 ) );margin-right: 4%;\"><div class=\"fusion-column-wrapper fusion-column-has-shadow fusion-flex-column-wrapper-legacy\"><div class=\"fusion-title title fusion-title-1 fusion-sep-none fusion-title-text fusion-title-size-one\"><h1 class=\"fusion-title-heading title-heading-left\" style=\"margin:0;\"><h2><strong>Programa de formaci\u00f3n de liderazgo femenino de 50a50<\/strong><\/h2><\/h1><\/div><div class=\"fusion-sep-clear\"><\/div><div class=\"fusion-separator fusion-full-width-sep\" style=\"margin-left: auto;margin-right: auto;margin-top:15px;margin-bottom:15px;width:100%;\"><div class=\"fusion-separator-border sep-single\" style=\"--awb-height:20px;--awb-amount:20px;border-color:#e0dede;border-top-width:0px;\"><\/div><\/div><div class=\"fusion-sep-clear\"><\/div><div class=\"fusion-sep-clear\"><\/div><div class=\"fusion-separator fusion-full-width-sep\" style=\"margin-left: auto;margin-right: auto;margin-top:15px;margin-bottom:15px;width:100%;\"><div class=\"fusion-separator-border sep-single\" style=\"--awb-height:20px;--awb-amount:20px;border-color:#e0dede;border-top-width:0px;\"><\/div><\/div><div class=\"fusion-sep-clear\"><\/div><div class=\"fusion-text fusion-text-1\"><p>La asociaci\u00f3n 50a50 pone en marcha un programa de formaci\u00f3n de liderazgo femenino, que tiene el objetivo de ofrecer un marco de crecimiento profesional y personal a las socias de 50a50 para poder ejercer el liderazgo femenino en sus organizaciones desde una perspectiva de g\u00e9nero y de forma enriquecedora para todo el grupo, para la entidad y para la sociedad.<\/p>\n<p>Cada sesi\u00f3n estar\u00e1 impartida por una profesional especialista en el \u00e1rea y socia de 50a50, que desde una vertiente m\u00e1s te\u00f3rica o m\u00e1s pr\u00e1ctica ofrecer\u00e1 las herramientas que las directivas, profesionales y emprendedoras de hoy en d\u00eda tienen que aplicar para liderar las organizaciones desde la perspectiva de g\u00e9nero e inspiradas por la responsabilidad, la diversidad, el respeto, la \u00e9tica, la honestidad, la transparencia y la sostenibilidad como valores.<\/p>\n<p>El programa consta de siete sesiones, que se desarrollar\u00e1n de enero a julio de 2020, a raz\u00f3n de una sesi\u00f3n por mes, seg\u00fan este calendario:<\/p>\n<p>Sesi\u00f3n 1. Lunes 20 de enero<br \/>\n<strong>\u00abIntroducci\u00f3n. El liderazgo transformacional \u00ab, a cargo de <a href=\"https:\/\/www.linkedin.com\/in\/annamercadeferrando\/\">Anna Mercad\u00e9 i Ferrando<\/a><\/strong><\/p>\n<p>Sesi\u00f3n 2. Mi\u00e9rcoles 12 de febrero<br \/>\n<strong>\u00abPor qu\u00e9 las mujeres podemos y queremos ser l\u00edderes. Plan de desarrollo personal\u00bb, a cargo de <a href=\"https:\/\/www.linkedin.com\/in\/joanavisacoaching\/\">Joana Visa Esteve<\/a><\/strong><\/p>\n<p>Sesi\u00f3n 3. Lunes 23 de marzo<br \/>\n<strong>\u00abPresencia ejecutiva y liderazgo femenino\u00bb, a cargo de <a href=\"https:\/\/www.linkedin.com\/in\/catalinapons\/\">Catalina Pons Freixas<\/a><\/strong><\/p>\n<p>Sesi\u00f3n 4. Mi\u00e9rcoles 22 de abril<br \/>\n<strong>\u00abDesarrollo del talento y estimulaci\u00f3n de equipos\u00bb, a cargo de <a href=\"https:\/\/www.linkedin.com\/in\/lolasancheztuduri\/\">Lola S\u00e1nchez Tudur\u00ed<\/a><\/strong><\/p>\n<p>Sesi\u00f3n 5. Lunes 18 de mayo<br \/>\n<strong>\u00abHerramientas del neuroliderazgo para el empoderamiento de la mujer l\u00edder\u00bb, a cargo de <a href=\"https:\/\/www.linkedin.com\/in\/ginaaran\/\">Gina Aran Selvaggio<\/a><\/strong><\/p>\n<p>Sesi\u00f3n 6. Jueves 11 de junio<br \/>\n<strong>\u00abReinvenci\u00f3n profesional y reconciliaci\u00f3n personal\u00bb, a cargo de <a href=\"https:\/\/es.linkedin.com\/in\/montsepujada\">Montse Pujada Pellegero<\/a> y <a href=\"https:\/\/www.linkedin.com\/in\/andrea-zambrano-coach\/\">Andrea Zambrano Calzado<\/a><\/strong><\/p>\n<p>Sesi\u00f3n 7. Lunes 6 de julio<br \/>\n<strong>\u00abL\u00edderes sin estr\u00e9s: mindfulness\u00bb, a cargo de N\u00faria Mercad\u00e9 i Ferrando<\/strong><\/p>\n<p>Todas las sesiones tendr\u00e1n lugar de 18.30 a 20.30 horas, en el coworking de 50a50 (Diagonal 460, 2-2).<\/p>\n<p>El programa es exclusivo para socias de 50a50, que pueden participar en todo el ciclo o bien elegir las sesiones de forma individual, seg\u00fan sus necesidades o agenda.<\/p>\n<p>Cada sesi\u00f3n tiene un coste simb\u00f3lico de 10 euros por socia, destinado al alquiler de la sala. Las inscripciones se procesan por sesi\u00f3n mediante Event Brite, en los plazos comunicados a las socias por correo electr\u00f3nico.<\/p>\n<p>El programa se ha presentado a las socias durante la copa de networking de Navidad, con gran inter\u00e9s por parte de todas.<\/p>\n<p>Pod\u00e9is consultar la informaci\u00f3n detallada del programa haciendo clic <a href=\"https:\/\/www.50a50.org\/wp-content\/uploads\/2019\/12\/Presentacio\u0301-50a50-programa-formaci\u00f3-lideratge-femen\u00ed-per-web.pdf\">aqu\u00ed<\/a>.<\/p>\n<\/div><div class=\"fusion-clearfix\"><\/div><\/div><\/div><div class=\"fusion-layout-column fusion_builder_column fusion-builder-column-3 fusion_builder_column_1_5 1_5 fusion-one-fifth fusion-column-last\" style=\"--awb-bg-size:cover;width:20%;width:calc(20% - ( ( 4% + 4% ) * 0.2 ) );\"><div class=\"fusion-column-wrapper fusion-column-has-shadow fusion-flex-column-wrapper-legacy\"><div class=\"fusion-clearfix\"><\/div><\/div><\/div><\/div><\/div><\/p>\n","protected":false},"excerpt":{"rendered":"<p>La asociaci\u00f3n 50a50 pone en marcha un programa de formaci\u00f3n de liderazgo femenino, que tiene el objetivo de ofrecer un marco de crecimiento profesional y personal a las socias de 50a50 para poder ejercer el liderazgo femenino en sus organizaciones desde una perspectiva de g\u00e9nero y de forma enriquecedora para todo el grupo, para la entidad y para la sociedad.<\/p>\n","protected":false},"author":1,"featured_media":5236,"comment_status":"closed","ping_status":"closed","sticky":false,"template":"","format":"standard","meta":{"footnotes":""},"categories":[57],"tags":[326,336,344],"class_list":["post-5243","post","type-post","status-publish","format-standard","has-post-thumbnail","hentry","category-50a50-es","tag-326","tag-336","tag-344"],"aioseo_notices":[],"aioseo_head":"\n\t\t<!-- All in One SEO 5.0.0.1 - aioseo.com -->\n\t<meta name=\"description\" content=\"La asociaci\u00f3n 50a50 pone en marcha un programa de formaci\u00f3n de liderazgo femenino, que tiene el objetivo de ofrecer un marco de crecimiento profesional y personal a las socias de 50a50 para poder ejercer el liderazgo femenino en sus organizaciones desde una perspectiva de g\u00e9nero y de forma enriquecedora para todo el grupo, para la entidad y para la sociedad.\" \/>\n\t<meta name=\"robots\" content=\"max-image-preview:large\" \/>\n\t<meta name=\"author\" content=\"50a50\"\/>\n\t<link rel=\"canonical\" href=\"https:\/\/www.50a50.org\/es\/programa-de-formacion-de-liderazgo-femenino-de-50a50\/\" \/>\n\t<meta name=\"generator\" content=\"All in One SEO (AIOSEO) 5.0.0.1\" \/>\n\t\t<meta property=\"og:locale\" content=\"es_ES\" \/>\n\t\t<meta property=\"og:site_name\" content=\"50a50 | Dones directives i professionals per la paritat\" \/>\n\t\t<meta property=\"og:type\" content=\"article\" \/>\n\t\t<meta property=\"og:title\" content=\"Programa de formaci\u00f3n de liderazgo femenino de 50a50 | 50a50\" \/>\n\t\t<meta property=\"og:description\" content=\"La asociaci\u00f3n 50a50 pone en marcha un programa de formaci\u00f3n de liderazgo femenino, que tiene el objetivo de ofrecer un marco de crecimiento profesional y personal a las socias de 50a50 para poder ejercer el liderazgo femenino en sus organizaciones desde una perspectiva de g\u00e9nero y de forma enriquecedora para todo el grupo, para la entidad y para la sociedad.\" \/>\n\t\t<meta property=\"og:url\" content=\"https:\/\/www.50a50.org\/es\/programa-de-formacion-de-liderazgo-femenino-de-50a50\/\" \/>\n\t\t<meta property=\"article:published_time\" content=\"2019-12-20T00:09:55+00:00\" \/>\n\t\t<meta property=\"article:modified_time\" content=\"2019-12-20T00:09:55+00:00\" \/>\n\t\t<meta name=\"twitter:card\" content=\"summary\" \/>\n\t\t<meta name=\"twitter:title\" content=\"Programa de formaci\u00f3n de liderazgo femenino de 50a50 | 50a50\" \/>\n\t\t<meta name=\"twitter:description\" content=\"La asociaci\u00f3n 50a50 pone en marcha un programa de formaci\u00f3n de liderazgo femenino, que tiene el objetivo de ofrecer un marco de crecimiento profesional y personal a las socias de 50a50 para poder ejercer el liderazgo femenino en sus organizaciones desde una perspectiva de g\u00e9nero y de forma enriquecedora para todo el grupo, para la entidad y para la sociedad.\" \/>\n\t\t<script type=\"application\/ld+json\" class=\"aioseo-schema\">\n\t\t\t{\"@context\":\"https:\\\/\\\/schema.org\",\"@graph\":[{\"@type\":\"Article\",\"@id\":\"https:\\\/\\\/www.50a50.org\\\/es\\\/programa-de-formacion-de-liderazgo-femenino-de-50a50\\\/#article\",\"name\":\"Programa de formaci\\u00f3n de liderazgo femenino de 50a50 | 50a50\",\"headline\":\"Programa de formaci\\u00f3n de liderazgo femenino de 50a50\",\"author\":{\"@id\":\"https:\\\/\\\/www.50a50.org\\\/es\\\/author\\\/backoffice\\\/#author\"},\"publisher\":{\"@id\":\"https:\\\/\\\/www.50a50.org\\\/es\\\/#organization\"},\"image\":{\"@type\":\"ImageObject\",\"url\":\"https:\\\/\\\/www.50a50.org\\\/wp-content\\\/uploads\\\/2019\\\/12\\\/PROGRAMA-DE-FORMACI\\u00d3-DE-LIDERATGE-FEMEN\\u00cd-horizontal.png\",\"width\":800,\"height\":676},\"datePublished\":\"2019-12-20T00:09:55+00:00\",\"dateModified\":\"2019-12-20T00:09:55+00:00\",\"inLanguage\":\"es-ES\",\"mainEntityOfPage\":{\"@id\":\"https:\\\/\\\/www.50a50.org\\\/es\\\/programa-de-formacion-de-liderazgo-femenino-de-50a50\\\/#webpage\"},\"isPartOf\":{\"@id\":\"https:\\\/\\\/www.50a50.org\\\/es\\\/programa-de-formacion-de-liderazgo-femenino-de-50a50\\\/#webpage\"},\"articleSection\":\"50a50, 297, 308, 343\"},{\"@type\":\"BreadcrumbList\",\"@id\":\"https:\\\/\\\/www.50a50.org\\\/es\\\/programa-de-formacion-de-liderazgo-femenino-de-50a50\\\/#breadcrumblist\",\"itemListElement\":[{\"@type\":\"ListItem\",\"@id\":\"https:\\\/\\\/www.50a50.org\\\/es\\\/#listItem\",\"position\":1,\"name\":\"Home\",\"item\":\"https:\\\/\\\/www.50a50.org\\\/es\\\/\",\"nextItem\":{\"@type\":\"ListItem\",\"@id\":\"https:\\\/\\\/www.50a50.org\\\/es\\\/category\\\/50a50-es\\\/#listItem\",\"name\":\"50a50\"}},{\"@type\":\"ListItem\",\"@id\":\"https:\\\/\\\/www.50a50.org\\\/es\\\/category\\\/50a50-es\\\/#listItem\",\"position\":2,\"name\":\"50a50\",\"item\":\"https:\\\/\\\/www.50a50.org\\\/es\\\/category\\\/50a50-es\\\/\",\"nextItem\":{\"@type\":\"ListItem\",\"@id\":\"https:\\\/\\\/www.50a50.org\\\/es\\\/programa-de-formacion-de-liderazgo-femenino-de-50a50\\\/#listItem\",\"name\":\"Programa de formaci\\u00f3n de liderazgo femenino de 50a50\"},\"previousItem\":{\"@type\":\"ListItem\",\"@id\":\"https:\\\/\\\/www.50a50.org\\\/es\\\/#listItem\",\"name\":\"Home\"}},{\"@type\":\"ListItem\",\"@id\":\"https:\\\/\\\/www.50a50.org\\\/es\\\/programa-de-formacion-de-liderazgo-femenino-de-50a50\\\/#listItem\",\"position\":3,\"name\":\"Programa de formaci\\u00f3n de liderazgo femenino de 50a50\",\"previousItem\":{\"@type\":\"ListItem\",\"@id\":\"https:\\\/\\\/www.50a50.org\\\/es\\\/category\\\/50a50-es\\\/#listItem\",\"name\":\"50a50\"}}]},{\"@type\":\"Organization\",\"@id\":\"https:\\\/\\\/www.50a50.org\\\/es\\\/#organization\",\"name\":\"50a50\",\"description\":\"Dones directives i professionals per la paritat\",\"url\":\"https:\\\/\\\/www.50a50.org\\\/es\\\/\"},{\"@type\":\"Person\",\"@id\":\"https:\\\/\\\/www.50a50.org\\\/es\\\/author\\\/backoffice\\\/#author\",\"url\":\"https:\\\/\\\/www.50a50.org\\\/es\\\/author\\\/backoffice\\\/\",\"name\":\"50a50\"},{\"@type\":\"WebPage\",\"@id\":\"https:\\\/\\\/www.50a50.org\\\/es\\\/programa-de-formacion-de-liderazgo-femenino-de-50a50\\\/#webpage\",\"url\":\"https:\\\/\\\/www.50a50.org\\\/es\\\/programa-de-formacion-de-liderazgo-femenino-de-50a50\\\/\",\"name\":\"Programa de formaci\\u00f3n de liderazgo femenino de 50a50 | 50a50\",\"description\":\"La asociaci\\u00f3n 50a50 pone en marcha un programa de formaci\\u00f3n de liderazgo femenino, que tiene el objetivo de ofrecer un marco de crecimiento profesional y personal a las socias de 50a50 para poder ejercer el liderazgo femenino en sus organizaciones desde una perspectiva de g\\u00e9nero y de forma enriquecedora para todo el grupo, para la entidad y para la sociedad.\",\"inLanguage\":\"es-ES\",\"isPartOf\":{\"@id\":\"https:\\\/\\\/www.50a50.org\\\/es\\\/#website\"},\"breadcrumb\":{\"@id\":\"https:\\\/\\\/www.50a50.org\\\/es\\\/programa-de-formacion-de-liderazgo-femenino-de-50a50\\\/#breadcrumblist\"},\"author\":{\"@id\":\"https:\\\/\\\/www.50a50.org\\\/es\\\/author\\\/backoffice\\\/#author\"},\"creator\":{\"@id\":\"https:\\\/\\\/www.50a50.org\\\/es\\\/author\\\/backoffice\\\/#author\"},\"image\":{\"@type\":\"ImageObject\",\"url\":\"https:\\\/\\\/www.50a50.org\\\/wp-content\\\/uploads\\\/2019\\\/12\\\/PROGRAMA-DE-FORMACI\\u00d3-DE-LIDERATGE-FEMEN\\u00cd-horizontal.png\",\"@id\":\"https:\\\/\\\/www.50a50.org\\\/es\\\/programa-de-formacion-de-liderazgo-femenino-de-50a50\\\/#mainImage\",\"width\":800,\"height\":676},\"primaryImageOfPage\":{\"@id\":\"https:\\\/\\\/www.50a50.org\\\/es\\\/programa-de-formacion-de-liderazgo-femenino-de-50a50\\\/#mainImage\"},\"datePublished\":\"2019-12-20T00:09:55+00:00\",\"dateModified\":\"2019-12-20T00:09:55+00:00\"},{\"@type\":\"WebSite\",\"@id\":\"https:\\\/\\\/www.50a50.org\\\/es\\\/#website\",\"url\":\"https:\\\/\\\/www.50a50.org\\\/es\\\/\",\"name\":\"50a50\",\"description\":\"Dones directives i professionals per la paritat\",\"inLanguage\":\"es-ES\",\"publisher\":{\"@id\":\"https:\\\/\\\/www.50a50.org\\\/es\\\/#organization\"}}]}\n\t\t<\/script>\n\t\t<!-- All in One SEO -->\n\n","aioseo_head_json":{"title":"Programa de formaci\u00f3n de liderazgo femenino de 50a50 | 50a50","description":"La asociaci\u00f3n 50a50 pone en marcha un programa de formaci\u00f3n de liderazgo femenino, que tiene el objetivo de ofrecer un marco de crecimiento profesional y personal a las socias de 50a50 para poder ejercer el liderazgo femenino en sus organizaciones desde una perspectiva de g\u00e9nero y de forma enriquecedora para todo el grupo, para la entidad y para la sociedad.","canonical_url":"https:\/\/www.50a50.org\/es\/programa-de-formacion-de-liderazgo-femenino-de-50a50\/","robots":"max-image-preview:large","keywords":"","webmasterTools":{"miscellaneous":""},"schema":{"@context":"https:\/\/schema.org","@graph":[{"@type":"Article","@id":"https:\/\/www.50a50.org\/es\/programa-de-formacion-de-liderazgo-femenino-de-50a50\/#article","name":"Programa de formaci\u00f3n de liderazgo femenino de 50a50 | 50a50","headline":"Programa de formaci\u00f3n de liderazgo femenino de 50a50","author":{"@id":"https:\/\/www.50a50.org\/es\/author\/backoffice\/#author"},"publisher":{"@id":"https:\/\/www.50a50.org\/es\/#organization"},"image":{"@type":"ImageObject","url":"https:\/\/www.50a50.org\/wp-content\/uploads\/2019\/12\/PROGRAMA-DE-FORMACI\u00d3-DE-LIDERATGE-FEMEN\u00cd-horizontal.png","width":800,"height":676},"datePublished":"2019-12-20T00:09:55+00:00","dateModified":"2019-12-20T00:09:55+00:00","inLanguage":"es-ES","mainEntityOfPage":{"@id":"https:\/\/www.50a50.org\/es\/programa-de-formacion-de-liderazgo-femenino-de-50a50\/#webpage"},"isPartOf":{"@id":"https:\/\/www.50a50.org\/es\/programa-de-formacion-de-liderazgo-femenino-de-50a50\/#webpage"},"articleSection":"50a50, 297, 308, 343"},{"@type":"BreadcrumbList","@id":"https:\/\/www.50a50.org\/es\/programa-de-formacion-de-liderazgo-femenino-de-50a50\/#breadcrumblist","itemListElement":[{"@type":"ListItem","@id":"https:\/\/www.50a50.org\/es\/#listItem","position":1,"name":"Home","item":"https:\/\/www.50a50.org\/es\/","nextItem":{"@type":"ListItem","@id":"https:\/\/www.50a50.org\/es\/category\/50a50-es\/#listItem","name":"50a50"}},{"@type":"ListItem","@id":"https:\/\/www.50a50.org\/es\/category\/50a50-es\/#listItem","position":2,"name":"50a50","item":"https:\/\/www.50a50.org\/es\/category\/50a50-es\/","nextItem":{"@type":"ListItem","@id":"https:\/\/www.50a50.org\/es\/programa-de-formacion-de-liderazgo-femenino-de-50a50\/#listItem","name":"Programa de formaci\u00f3n de liderazgo femenino de 50a50"},"previousItem":{"@type":"ListItem","@id":"https:\/\/www.50a50.org\/es\/#listItem","name":"Home"}},{"@type":"ListItem","@id":"https:\/\/www.50a50.org\/es\/programa-de-formacion-de-liderazgo-femenino-de-50a50\/#listItem","position":3,"name":"Programa de formaci\u00f3n de liderazgo femenino de 50a50","previousItem":{"@type":"ListItem","@id":"https:\/\/www.50a50.org\/es\/category\/50a50-es\/#listItem","name":"50a50"}}]},{"@type":"Organization","@id":"https:\/\/www.50a50.org\/es\/#organization","name":"50a50","description":"Dones directives i professionals per la paritat","url":"https:\/\/www.50a50.org\/es\/"},{"@type":"Person","@id":"https:\/\/www.50a50.org\/es\/author\/backoffice\/#author","url":"https:\/\/www.50a50.org\/es\/author\/backoffice\/","name":"50a50"},{"@type":"WebPage","@id":"https:\/\/www.50a50.org\/es\/programa-de-formacion-de-liderazgo-femenino-de-50a50\/#webpage","url":"https:\/\/www.50a50.org\/es\/programa-de-formacion-de-liderazgo-femenino-de-50a50\/","name":"Programa de formaci\u00f3n de liderazgo femenino de 50a50 | 50a50","description":"La asociaci\u00f3n 50a50 pone en marcha un programa de formaci\u00f3n de liderazgo femenino, que tiene el objetivo de ofrecer un marco de crecimiento profesional y personal a las socias de 50a50 para poder ejercer el liderazgo femenino en sus organizaciones desde una perspectiva de g\u00e9nero y de forma enriquecedora para todo el grupo, para la entidad y para la sociedad.","inLanguage":"es-ES","isPartOf":{"@id":"https:\/\/www.50a50.org\/es\/#website"},"breadcrumb":{"@id":"https:\/\/www.50a50.org\/es\/programa-de-formacion-de-liderazgo-femenino-de-50a50\/#breadcrumblist"},"author":{"@id":"https:\/\/www.50a50.org\/es\/author\/backoffice\/#author"},"creator":{"@id":"https:\/\/www.50a50.org\/es\/author\/backoffice\/#author"},"image":{"@type":"ImageObject","url":"https:\/\/www.50a50.org\/wp-content\/uploads\/2019\/12\/PROGRAMA-DE-FORMACI\u00d3-DE-LIDERATGE-FEMEN\u00cd-horizontal.png","@id":"https:\/\/www.50a50.org\/es\/programa-de-formacion-de-liderazgo-femenino-de-50a50\/#mainImage","width":800,"height":676},"primaryImageOfPage":{"@id":"https:\/\/www.50a50.org\/es\/programa-de-formacion-de-liderazgo-femenino-de-50a50\/#mainImage"},"datePublished":"2019-12-20T00:09:55+00:00","dateModified":"2019-12-20T00:09:55+00:00"},{"@type":"WebSite","@id":"https:\/\/www.50a50.org\/es\/#website","url":"https:\/\/www.50a50.org\/es\/","name":"50a50","description":"Dones directives i professionals per la paritat","inLanguage":"es-ES","publisher":{"@id":"https:\/\/www.50a50.org\/es\/#organization"}}]},"og:locale":"es_ES","og:site_name":"50a50 | Dones directives i professionals per la paritat","og:type":"article","og:title":"Programa de formaci\u00f3n de liderazgo femenino de 50a50 | 50a50","og:description":"La asociaci\u00f3n 50a50 pone en marcha un programa de formaci\u00f3n de liderazgo femenino, que tiene el objetivo de ofrecer un marco de crecimiento profesional y personal a las socias de 50a50 para poder ejercer el liderazgo femenino en sus organizaciones desde una perspectiva de g\u00e9nero y de forma enriquecedora para todo el grupo, para la entidad y para la sociedad.","og:url":"https:\/\/www.50a50.org\/es\/programa-de-formacion-de-liderazgo-femenino-de-50a50\/","article:published_time":"2019-12-20T00:09:55+00:00","article:modified_time":"2019-12-20T00:09:55+00:00","twitter:card":"summary","twitter:title":"Programa de formaci\u00f3n de liderazgo femenino de 50a50 | 50a50","twitter:description":"La asociaci\u00f3n 50a50 pone en marcha un programa de formaci\u00f3n de liderazgo femenino, que tiene el objetivo de ofrecer un marco de crecimiento profesional y personal a las socias de 50a50 para poder ejercer el liderazgo femenino en sus organizaciones desde una perspectiva de g\u00e9nero y de forma enriquecedora para todo el grupo, para la entidad y para la sociedad."},"aioseo_meta_data":{"post_id":"5243","title":"Programa de formaci\u00f3n de liderazgo femenino de 50a50 | #site_title","description":"La asociaci\u00f3n 50a50 pone en marcha un programa de formaci\u00f3n de liderazgo femenino, que tiene el objetivo de ofrecer un marco de crecimiento profesional y personal a las socias de 50a50 para poder ejercer el liderazgo femenino en sus organizaciones desde una perspectiva de g\u00e9nero y de forma enriquecedora para todo el grupo, para la entidad y para la sociedad.","keywords":null,"keyphrases":null,"primary_term":null,"canonical_url":null,"og_title":null,"og_description":null,"og_object_type":"default","og_image_type":"default","og_image_url":null,"og_image_width":null,"og_image_height":null,"og_image_custom_url":null,"og_image_custom_fields":null,"og_video":null,"og_custom_url":null,"og_article_section":null,"og_article_tags":null,"twitter_use_og":false,"twitter_card":"default","twitter_image_type":"default","twitter_image_url":null,"twitter_image_custom_url":null,"twitter_image_custom_fields":null,"twitter_title":null,"twitter_description":null,"schema":{"blockGraphs":[],"customGraphs":[],"default":{"data":{"Article":[],"Course":[],"Dataset":[],"FAQPage":[],"Movie":[],"Person":[],"Product":[],"ProductReview":[],"Car":[],"Recipe":[],"Service":[],"SoftwareApplication":[],"WebPage":[]},"graphName":"","isEnabled":true},"graphs":[]},"schema_type":null,"schema_type_options":null,"pillar_content":false,"robots_default":true,"robots_noindex":false,"robots_noarchive":false,"robots_nosnippet":false,"robots_nofollow":false,"robots_noimageindex":false,"robots_noodp":false,"robots_notranslate":false,"robots_max_snippet":null,"robots_max_videopreview":null,"robots_max_imagepreview":"large","priority":null,"frequency":null,"local_seo":null,"breadcrumb_settings":null,"limit_modified_date":false,"ai":null,"created":"2020-12-28 08:05:29","updated":"2025-06-10 16:49:02","seo_analyzer_scan_date":null,"focus_keyword":null,"additional_keywords":null,"truseo_locale":null},"aioseo_breadcrumb":"<div class=\"aioseo-breadcrumbs\"><span class=\"aioseo-breadcrumb\">\n\t\t\t<a href=\"https:\/\/www.50a50.org\/es\/\" title=\"Home\">Home<\/a>\n\t\t<\/span><span class=\"aioseo-breadcrumb-separator\">&raquo;<\/span><span class=\"aioseo-breadcrumb\">\n\t\t\t<a href=\"https:\/\/www.50a50.org\/es\/category\/50a50-es\/\" title=\"50a50\">50a50<\/a>\n\t\t<\/span><span class=\"aioseo-breadcrumb-separator\">&raquo;<\/span><span class=\"aioseo-breadcrumb\">\n\t\t\tPrograma de formaci\u00f3n de liderazgo femenino de 50a50\n\t\t<\/span><\/div>","aioseo_breadcrumb_json":[{"label":"Home","link":"https:\/\/www.50a50.org\/es\/"},{"label":"50a50","link":"https:\/\/www.50a50.org\/es\/category\/50a50-es\/"},{"label":"Programa de formaci\u00f3n de liderazgo femenino de 50a50","link":"https:\/\/www.50a50.org\/es\/programa-de-formacion-de-liderazgo-femenino-de-50a50\/"}],"_links":{"self":[{"href":"https:\/\/www.50a50.org\/es\/wp-json\/wp\/v2\/posts\/5243","targetHints":{"allow":["GET"]}}],"collection":[{"href":"https:\/\/www.50a50.org\/es\/wp-json\/wp\/v2\/posts"}],"about":[{"href":"https:\/\/www.50a50.org\/es\/wp-json\/wp\/v2\/types\/post"}],"author":[{"embeddable":true,"href":"https:\/\/www.50a50.org\/es\/wp-json\/wp\/v2\/users\/1"}],"replies":[{"embeddable":true,"href":"https:\/\/www.50a50.org\/es\/wp-json\/wp\/v2\/comments?post=5243"}],"version-history":[{"count":0,"href":"https:\/\/www.50a50.org\/es\/wp-json\/wp\/v2\/posts\/5243\/revisions"}],"wp:featuredmedia":[{"embeddable":true,"href":"https:\/\/www.50a50.org\/es\/wp-json\/wp\/v2\/media\/5236"}],"wp:attachment":[{"href":"https:\/\/www.50a50.org\/es\/wp-json\/wp\/v2\/media?parent=5243"}],"wp:term":[{"taxonomy":"category","embeddable":true,"href":"https:\/\/www.50a50.org\/es\/wp-json\/wp\/v2\/categories?post=5243"},{"taxonomy":"post_tag","embeddable":true,"href":"https:\/\/www.50a50.org\/es\/wp-json\/wp\/v2\/tags?post=5243"}],"curies":[{"name":"wp","href":"https:\/\/api.w.org\/{rel}","templated":true}]}}