{"id":3434,"date":"2018-11-16T12:48:08","date_gmt":"2018-11-16T12:48:08","guid":{"rendered":"https:\/\/www.50a50.org\/?p=3434"},"modified":"2018-11-16T12:48:08","modified_gmt":"2018-11-16T12:48:08","slug":"29-11-18-penultima-sesion-del-ciclo-liderando-sectores-economicos-con-talento-femenino","status":"publish","type":"post","link":"https:\/\/www.50a50.org\/es\/29-11-18-penultima-sesion-del-ciclo-liderando-sectores-economicos-con-talento-femenino\/","title":{"rendered":"29\/11\/18.- Pen\u00faltima sesi\u00f3n del ciclo \u00abLiderando sectores econ\u00f3micos con talento femenino\u00bb"},"content":{"rendered":"<p><img decoding=\"async\" class=\"alignnone size-full wp-image-3432\" src=\"https:\/\/www.50a50.org\/wp-content\/uploads\/2018\/11\/sessi\u00f3-bcn-activa-29-nov-economia-digital.jpg\" alt=\"\" width=\"1212\" height=\"781\" srcset=\"https:\/\/www.50a50.org\/wp-content\/uploads\/2018\/11\/sessi\u00f3-bcn-activa-29-nov-economia-digital-200x129.jpg 200w, https:\/\/www.50a50.org\/wp-content\/uploads\/2018\/11\/sessi\u00f3-bcn-activa-29-nov-economia-digital-300x193.jpg 300w, https:\/\/www.50a50.org\/wp-content\/uploads\/2018\/11\/sessi\u00f3-bcn-activa-29-nov-economia-digital-400x258.jpg 400w, https:\/\/www.50a50.org\/wp-content\/uploads\/2018\/11\/sessi\u00f3-bcn-activa-29-nov-economia-digital-460x295.jpg 460w, https:\/\/www.50a50.org\/wp-content\/uploads\/2018\/11\/sessi\u00f3-bcn-activa-29-nov-economia-digital-500x322.jpg 500w, https:\/\/www.50a50.org\/wp-content\/uploads\/2018\/11\/sessi\u00f3-bcn-activa-29-nov-economia-digital-600x387.jpg 600w, https:\/\/www.50a50.org\/wp-content\/uploads\/2018\/11\/sessi\u00f3-bcn-activa-29-nov-economia-digital-768x495.jpg 768w, https:\/\/www.50a50.org\/wp-content\/uploads\/2018\/11\/sessi\u00f3-bcn-activa-29-nov-economia-digital-800x516.jpg 800w, https:\/\/www.50a50.org\/wp-content\/uploads\/2018\/11\/sessi\u00f3-bcn-activa-29-nov-economia-digital-1200x773.jpg 1200w, https:\/\/www.50a50.org\/wp-content\/uploads\/2018\/11\/sessi\u00f3-bcn-activa-29-nov-economia-digital.jpg 1212w\" sizes=\"(max-width: 1212px) 100vw, 1212px\" \/><\/p>\n<p>&nbsp;<\/p>\n<h2>29\/11\/18.- Pen\u00faltima sesi\u00f3n del ciclo \u00abLiderando sectores econ\u00f3micos con talento femenino\u00bb<\/h2>\n<p>&nbsp;<\/p>\n<p>El jueves 29 de noviembre se celebra la quinta y pen\u00faltima sesi\u00f3n del ciclo \u00ab<strong>Liderando sectores econ\u00f3micos con talento femenino<\/strong>\u00ab, organizado por 50a50 y Barcelona Activa. La mesa redonda se centrar\u00e1 en la <strong>econom\u00eda digital<\/strong>.<\/p>\n<p>Moderada por la presidenta de 50a50, <strong>Anna Mercad\u00e9<\/strong>, e introducida por la consultora de implantaci\u00f3n de pol\u00edticas de igualdad <strong>Mar Gaya<\/strong>, la sesi\u00f3n contar\u00e1 como ponentes con tres mujeres referentes y l\u00edderes de sus sectores. Participar\u00e1n <strong><a href=\"https:\/\/www.linkedin.com\/in\/helenatorras\/\">Helena Torras<\/a><\/strong>, cofundadora y CEO de B-wom; <strong><a href=\"https:\/\/www.linkedin.com\/in\/pilarconesa\/\">Pilar Conesa<\/a><\/strong>, Congress Curator del Smart City Expo World Congress, y <strong><a href=\"https:\/\/www.linkedin.com\/in\/lourdes-mu%C3%B1oz-santamaria-46b69417\/\">Lourdes Mu\u00f1oz<\/a><\/strong>, presidenta de Iniciativa Barcelona Open Data.<\/p>\n<p>Este ciclo lo organizan conjuntamente <strong>Barcelona Activa y la asociaci\u00f3n 50a50<\/strong> con el objetivo de avanzar hacia la participaci\u00f3n plena y efectiva de las mujeres en todos los niveles, con el objetivo de garantizar la igualdad de oportunidades, especialmente en el mundo laboral, y el liderazgo compartido de empresas, instituciones y entidades. La visibilizaci\u00f3n del talento femenino, como referentes para futuras l\u00edderes, es el objetivo principal.<\/p>\n<p>La sesi\u00f3n se celebrar\u00e1 el d\u00eda 29 de noviembre, de 15 a 17 horas, en el Centro para la Iniciativa Emprendedora &#8211; Gl\u00f2ries (c\/ Llacuna 162-164 Barcelona 08018).<\/p>\n<p>La participaci\u00f3n es gratuita, pero es necesario reservar plaza inscribi\u00e9ndose previamente a trav\u00e9s de este <a href=\"https:\/\/emprenedoria.barcelonactiva.cat\/emprenedoria\/cat\/edit.do?codiIdioma=1&amp;id=866244&amp;id_activitat_mestre=866243&amp;dia=5&amp;mes=7&amp;any=2018\">enlace<\/a>.<\/p>\n<p>&nbsp;<\/p>\n<p>&nbsp;<\/p>\n","protected":false},"excerpt":{"rendered":"<p>El jueves 29 de noviembre se celebra la quinta y pen\u00faltima sesi\u00f3n del ciclo \u00abLiderando sectores econ\u00f3micos con talento femenino\u00bb, organizado por 50a50 y Barcelona Activa. La mesa redonda se centrar\u00e1 en la econom\u00eda digital.<\/p>\n","protected":false},"author":1,"featured_media":3432,"comment_status":"closed","ping_status":"closed","sticky":false,"template":"","format":"standard","meta":{"footnotes":""},"categories":[251],"tags":[252,253,260,254],"class_list":["post-3434","post","type-post","status-publish","format-standard","has-post-thumbnail","hentry","category-activitats-es","tag-barcelona-activa-es","tag-conferencies-es","tag-igualtat-de-genere-es","tag-talent-femeni-es"],"aioseo_notices":[],"aioseo_head":"\n\t\t<!-- All in One SEO 5.0.0.1 - aioseo.com -->\n\t<meta name=\"description\" content=\"El jueves 29 de noviembre se celebra la quinta y pen\u00faltima sesi\u00f3n del ciclo &quot;Liderando sectores econ\u00f3micos con talento femenino&quot;, organizado por 50a50 y Barcelona Activa. La mesa redonda se centrar\u00e1 en la econom\u00eda digital.\" \/>\n\t<meta name=\"robots\" content=\"max-image-preview:large\" \/>\n\t<meta name=\"author\" content=\"50a50\"\/>\n\t<link rel=\"canonical\" href=\"https:\/\/www.50a50.org\/es\/29-11-18-penultima-sesion-del-ciclo-liderando-sectores-economicos-con-talento-femenino\/\" \/>\n\t<meta name=\"generator\" content=\"All in One SEO (AIOSEO) 5.0.0.1\" \/>\n\t\t<meta property=\"og:locale\" content=\"es_ES\" \/>\n\t\t<meta property=\"og:site_name\" content=\"50a50 | Dones directives i professionals per la paritat\" \/>\n\t\t<meta property=\"og:type\" content=\"article\" \/>\n\t\t<meta property=\"og:title\" content=\"29\/11\/18.- Pen\u00faltima sesi\u00f3n del ciclo &quot;Liderando sectores econ\u00f3micos con talento femenino&quot; | 50a50\" \/>\n\t\t<meta property=\"og:description\" content=\"El jueves 29 de noviembre se celebra la quinta y pen\u00faltima sesi\u00f3n del ciclo &quot;Liderando sectores econ\u00f3micos con talento femenino&quot;, organizado por 50a50 y Barcelona Activa. La mesa redonda se centrar\u00e1 en la econom\u00eda digital.\" \/>\n\t\t<meta property=\"og:url\" content=\"https:\/\/www.50a50.org\/es\/29-11-18-penultima-sesion-del-ciclo-liderando-sectores-economicos-con-talento-femenino\/\" \/>\n\t\t<meta property=\"article:published_time\" content=\"2018-11-16T12:48:08+00:00\" \/>\n\t\t<meta property=\"article:modified_time\" content=\"2018-11-16T12:48:08+00:00\" \/>\n\t\t<meta name=\"twitter:card\" content=\"summary\" \/>\n\t\t<meta name=\"twitter:title\" content=\"29\/11\/18.- Pen\u00faltima sesi\u00f3n del ciclo &quot;Liderando sectores econ\u00f3micos con talento femenino&quot; | 50a50\" \/>\n\t\t<meta name=\"twitter:description\" content=\"El jueves 29 de noviembre se celebra la quinta y pen\u00faltima sesi\u00f3n del ciclo &quot;Liderando sectores econ\u00f3micos con talento femenino&quot;, organizado por 50a50 y Barcelona Activa. La mesa redonda se centrar\u00e1 en la econom\u00eda digital.\" \/>\n\t\t<script type=\"application\/ld+json\" class=\"aioseo-schema\">\n\t\t\t{\"@context\":\"https:\\\/\\\/schema.org\",\"@graph\":[{\"@type\":\"Article\",\"@id\":\"https:\\\/\\\/www.50a50.org\\\/es\\\/29-11-18-penultima-sesion-del-ciclo-liderando-sectores-economicos-con-talento-femenino\\\/#article\",\"name\":\"29\\\/11\\\/18.- Pen\\u00faltima sesi\\u00f3n del ciclo \\\"Liderando sectores econ\\u00f3micos con talento femenino\\\" | 50a50\",\"headline\":\"29\\\/11\\\/18.- Pen\\u00faltima sesi\\u00f3n del ciclo \\u00abLiderando sectores econ\\u00f3micos con talento femenino\\u00bb\",\"author\":{\"@id\":\"https:\\\/\\\/www.50a50.org\\\/es\\\/author\\\/backoffice\\\/#author\"},\"publisher\":{\"@id\":\"https:\\\/\\\/www.50a50.org\\\/es\\\/#organization\"},\"image\":{\"@type\":\"ImageObject\",\"url\":\"https:\\\/\\\/www.50a50.org\\\/wp-content\\\/uploads\\\/2018\\\/11\\\/sessi\\u00f3-bcn-activa-29-nov-economia-digital.jpg\",\"width\":1212,\"height\":781},\"datePublished\":\"2018-11-16T12:48:08+00:00\",\"dateModified\":\"2018-11-16T12:48:08+00:00\",\"inLanguage\":\"es-ES\",\"mainEntityOfPage\":{\"@id\":\"https:\\\/\\\/www.50a50.org\\\/es\\\/29-11-18-penultima-sesion-del-ciclo-liderando-sectores-economicos-con-talento-femenino\\\/#webpage\"},\"isPartOf\":{\"@id\":\"https:\\\/\\\/www.50a50.org\\\/es\\\/29-11-18-penultima-sesion-del-ciclo-liderando-sectores-economicos-con-talento-femenino\\\/#webpage\"},\"articleSection\":\"Actividades, Barcelona Activa, Confer\\u00e8ncies, Igualtat de g\\u00e8nere, Talent femen\\u00ed\"},{\"@type\":\"BreadcrumbList\",\"@id\":\"https:\\\/\\\/www.50a50.org\\\/es\\\/29-11-18-penultima-sesion-del-ciclo-liderando-sectores-economicos-con-talento-femenino\\\/#breadcrumblist\",\"itemListElement\":[{\"@type\":\"ListItem\",\"@id\":\"https:\\\/\\\/www.50a50.org\\\/es\\\/#listItem\",\"position\":1,\"name\":\"Home\",\"item\":\"https:\\\/\\\/www.50a50.org\\\/es\\\/\",\"nextItem\":{\"@type\":\"ListItem\",\"@id\":\"https:\\\/\\\/www.50a50.org\\\/es\\\/category\\\/activitats-es\\\/#listItem\",\"name\":\"Actividades\"}},{\"@type\":\"ListItem\",\"@id\":\"https:\\\/\\\/www.50a50.org\\\/es\\\/category\\\/activitats-es\\\/#listItem\",\"position\":2,\"name\":\"Actividades\",\"item\":\"https:\\\/\\\/www.50a50.org\\\/es\\\/category\\\/activitats-es\\\/\",\"nextItem\":{\"@type\":\"ListItem\",\"@id\":\"https:\\\/\\\/www.50a50.org\\\/es\\\/29-11-18-penultima-sesion-del-ciclo-liderando-sectores-economicos-con-talento-femenino\\\/#listItem\",\"name\":\"29\\\/11\\\/18.- Pen\\u00faltima sesi\\u00f3n del ciclo \\u00abLiderando sectores econ\\u00f3micos con talento femenino\\u00bb\"},\"previousItem\":{\"@type\":\"ListItem\",\"@id\":\"https:\\\/\\\/www.50a50.org\\\/es\\\/#listItem\",\"name\":\"Home\"}},{\"@type\":\"ListItem\",\"@id\":\"https:\\\/\\\/www.50a50.org\\\/es\\\/29-11-18-penultima-sesion-del-ciclo-liderando-sectores-economicos-con-talento-femenino\\\/#listItem\",\"position\":3,\"name\":\"29\\\/11\\\/18.- Pen\\u00faltima sesi\\u00f3n del ciclo \\u00abLiderando sectores econ\\u00f3micos con talento femenino\\u00bb\",\"previousItem\":{\"@type\":\"ListItem\",\"@id\":\"https:\\\/\\\/www.50a50.org\\\/es\\\/category\\\/activitats-es\\\/#listItem\",\"name\":\"Actividades\"}}]},{\"@type\":\"Organization\",\"@id\":\"https:\\\/\\\/www.50a50.org\\\/es\\\/#organization\",\"name\":\"50a50\",\"description\":\"Dones directives i professionals per la paritat\",\"url\":\"https:\\\/\\\/www.50a50.org\\\/es\\\/\"},{\"@type\":\"Person\",\"@id\":\"https:\\\/\\\/www.50a50.org\\\/es\\\/author\\\/backoffice\\\/#author\",\"url\":\"https:\\\/\\\/www.50a50.org\\\/es\\\/author\\\/backoffice\\\/\",\"name\":\"50a50\"},{\"@type\":\"WebPage\",\"@id\":\"https:\\\/\\\/www.50a50.org\\\/es\\\/29-11-18-penultima-sesion-del-ciclo-liderando-sectores-economicos-con-talento-femenino\\\/#webpage\",\"url\":\"https:\\\/\\\/www.50a50.org\\\/es\\\/29-11-18-penultima-sesion-del-ciclo-liderando-sectores-economicos-con-talento-femenino\\\/\",\"name\":\"29\\\/11\\\/18.- Pen\\u00faltima sesi\\u00f3n del ciclo \\\"Liderando sectores econ\\u00f3micos con talento femenino\\\" | 50a50\",\"description\":\"El jueves 29 de noviembre se celebra la quinta y pen\\u00faltima sesi\\u00f3n del ciclo \\\"Liderando sectores econ\\u00f3micos con talento femenino\\\", organizado por 50a50 y Barcelona Activa. La mesa redonda se centrar\\u00e1 en la econom\\u00eda digital.\",\"inLanguage\":\"es-ES\",\"isPartOf\":{\"@id\":\"https:\\\/\\\/www.50a50.org\\\/es\\\/#website\"},\"breadcrumb\":{\"@id\":\"https:\\\/\\\/www.50a50.org\\\/es\\\/29-11-18-penultima-sesion-del-ciclo-liderando-sectores-economicos-con-talento-femenino\\\/#breadcrumblist\"},\"author\":{\"@id\":\"https:\\\/\\\/www.50a50.org\\\/es\\\/author\\\/backoffice\\\/#author\"},\"creator\":{\"@id\":\"https:\\\/\\\/www.50a50.org\\\/es\\\/author\\\/backoffice\\\/#author\"},\"image\":{\"@type\":\"ImageObject\",\"url\":\"https:\\\/\\\/www.50a50.org\\\/wp-content\\\/uploads\\\/2018\\\/11\\\/sessi\\u00f3-bcn-activa-29-nov-economia-digital.jpg\",\"@id\":\"https:\\\/\\\/www.50a50.org\\\/es\\\/29-11-18-penultima-sesion-del-ciclo-liderando-sectores-economicos-con-talento-femenino\\\/#mainImage\",\"width\":1212,\"height\":781},\"primaryImageOfPage\":{\"@id\":\"https:\\\/\\\/www.50a50.org\\\/es\\\/29-11-18-penultima-sesion-del-ciclo-liderando-sectores-economicos-con-talento-femenino\\\/#mainImage\"},\"datePublished\":\"2018-11-16T12:48:08+00:00\",\"dateModified\":\"2018-11-16T12:48:08+00:00\"},{\"@type\":\"WebSite\",\"@id\":\"https:\\\/\\\/www.50a50.org\\\/es\\\/#website\",\"url\":\"https:\\\/\\\/www.50a50.org\\\/es\\\/\",\"name\":\"50a50\",\"description\":\"Dones directives i professionals per la paritat\",\"inLanguage\":\"es-ES\",\"publisher\":{\"@id\":\"https:\\\/\\\/www.50a50.org\\\/es\\\/#organization\"}}]}\n\t\t<\/script>\n\t\t<!-- All in One SEO -->\n\n","aioseo_head_json":{"title":"29\/11\/18.- Pen\u00faltima sesi\u00f3n del ciclo \"Liderando sectores econ\u00f3micos con talento femenino\" | 50a50","description":"El jueves 29 de noviembre se celebra la quinta y pen\u00faltima sesi\u00f3n del ciclo \"Liderando sectores econ\u00f3micos con talento femenino\", organizado por 50a50 y Barcelona Activa. La mesa redonda se centrar\u00e1 en la econom\u00eda digital.","canonical_url":"https:\/\/www.50a50.org\/es\/29-11-18-penultima-sesion-del-ciclo-liderando-sectores-economicos-con-talento-femenino\/","robots":"max-image-preview:large","keywords":"","webmasterTools":{"miscellaneous":""},"schema":{"@context":"https:\/\/schema.org","@graph":[{"@type":"Article","@id":"https:\/\/www.50a50.org\/es\/29-11-18-penultima-sesion-del-ciclo-liderando-sectores-economicos-con-talento-femenino\/#article","name":"29\/11\/18.- Pen\u00faltima sesi\u00f3n del ciclo \"Liderando sectores econ\u00f3micos con talento femenino\" | 50a50","headline":"29\/11\/18.- Pen\u00faltima sesi\u00f3n del ciclo \u00abLiderando sectores econ\u00f3micos con talento femenino\u00bb","author":{"@id":"https:\/\/www.50a50.org\/es\/author\/backoffice\/#author"},"publisher":{"@id":"https:\/\/www.50a50.org\/es\/#organization"},"image":{"@type":"ImageObject","url":"https:\/\/www.50a50.org\/wp-content\/uploads\/2018\/11\/sessi\u00f3-bcn-activa-29-nov-economia-digital.jpg","width":1212,"height":781},"datePublished":"2018-11-16T12:48:08+00:00","dateModified":"2018-11-16T12:48:08+00:00","inLanguage":"es-ES","mainEntityOfPage":{"@id":"https:\/\/www.50a50.org\/es\/29-11-18-penultima-sesion-del-ciclo-liderando-sectores-economicos-con-talento-femenino\/#webpage"},"isPartOf":{"@id":"https:\/\/www.50a50.org\/es\/29-11-18-penultima-sesion-del-ciclo-liderando-sectores-economicos-con-talento-femenino\/#webpage"},"articleSection":"Actividades, Barcelona Activa, Confer\u00e8ncies, Igualtat de g\u00e8nere, Talent femen\u00ed"},{"@type":"BreadcrumbList","@id":"https:\/\/www.50a50.org\/es\/29-11-18-penultima-sesion-del-ciclo-liderando-sectores-economicos-con-talento-femenino\/#breadcrumblist","itemListElement":[{"@type":"ListItem","@id":"https:\/\/www.50a50.org\/es\/#listItem","position":1,"name":"Home","item":"https:\/\/www.50a50.org\/es\/","nextItem":{"@type":"ListItem","@id":"https:\/\/www.50a50.org\/es\/category\/activitats-es\/#listItem","name":"Actividades"}},{"@type":"ListItem","@id":"https:\/\/www.50a50.org\/es\/category\/activitats-es\/#listItem","position":2,"name":"Actividades","item":"https:\/\/www.50a50.org\/es\/category\/activitats-es\/","nextItem":{"@type":"ListItem","@id":"https:\/\/www.50a50.org\/es\/29-11-18-penultima-sesion-del-ciclo-liderando-sectores-economicos-con-talento-femenino\/#listItem","name":"29\/11\/18.- Pen\u00faltima sesi\u00f3n del ciclo \u00abLiderando sectores econ\u00f3micos con talento femenino\u00bb"},"previousItem":{"@type":"ListItem","@id":"https:\/\/www.50a50.org\/es\/#listItem","name":"Home"}},{"@type":"ListItem","@id":"https:\/\/www.50a50.org\/es\/29-11-18-penultima-sesion-del-ciclo-liderando-sectores-economicos-con-talento-femenino\/#listItem","position":3,"name":"29\/11\/18.- Pen\u00faltima sesi\u00f3n del ciclo \u00abLiderando sectores econ\u00f3micos con talento femenino\u00bb","previousItem":{"@type":"ListItem","@id":"https:\/\/www.50a50.org\/es\/category\/activitats-es\/#listItem","name":"Actividades"}}]},{"@type":"Organization","@id":"https:\/\/www.50a50.org\/es\/#organization","name":"50a50","description":"Dones directives i professionals per la paritat","url":"https:\/\/www.50a50.org\/es\/"},{"@type":"Person","@id":"https:\/\/www.50a50.org\/es\/author\/backoffice\/#author","url":"https:\/\/www.50a50.org\/es\/author\/backoffice\/","name":"50a50"},{"@type":"WebPage","@id":"https:\/\/www.50a50.org\/es\/29-11-18-penultima-sesion-del-ciclo-liderando-sectores-economicos-con-talento-femenino\/#webpage","url":"https:\/\/www.50a50.org\/es\/29-11-18-penultima-sesion-del-ciclo-liderando-sectores-economicos-con-talento-femenino\/","name":"29\/11\/18.- Pen\u00faltima sesi\u00f3n del ciclo \"Liderando sectores econ\u00f3micos con talento femenino\" | 50a50","description":"El jueves 29 de noviembre se celebra la quinta y pen\u00faltima sesi\u00f3n del ciclo \"Liderando sectores econ\u00f3micos con talento femenino\", organizado por 50a50 y Barcelona Activa. La mesa redonda se centrar\u00e1 en la econom\u00eda digital.","inLanguage":"es-ES","isPartOf":{"@id":"https:\/\/www.50a50.org\/es\/#website"},"breadcrumb":{"@id":"https:\/\/www.50a50.org\/es\/29-11-18-penultima-sesion-del-ciclo-liderando-sectores-economicos-con-talento-femenino\/#breadcrumblist"},"author":{"@id":"https:\/\/www.50a50.org\/es\/author\/backoffice\/#author"},"creator":{"@id":"https:\/\/www.50a50.org\/es\/author\/backoffice\/#author"},"image":{"@type":"ImageObject","url":"https:\/\/www.50a50.org\/wp-content\/uploads\/2018\/11\/sessi\u00f3-bcn-activa-29-nov-economia-digital.jpg","@id":"https:\/\/www.50a50.org\/es\/29-11-18-penultima-sesion-del-ciclo-liderando-sectores-economicos-con-talento-femenino\/#mainImage","width":1212,"height":781},"primaryImageOfPage":{"@id":"https:\/\/www.50a50.org\/es\/29-11-18-penultima-sesion-del-ciclo-liderando-sectores-economicos-con-talento-femenino\/#mainImage"},"datePublished":"2018-11-16T12:48:08+00:00","dateModified":"2018-11-16T12:48:08+00:00"},{"@type":"WebSite","@id":"https:\/\/www.50a50.org\/es\/#website","url":"https:\/\/www.50a50.org\/es\/","name":"50a50","description":"Dones directives i professionals per la paritat","inLanguage":"es-ES","publisher":{"@id":"https:\/\/www.50a50.org\/es\/#organization"}}]},"og:locale":"es_ES","og:site_name":"50a50 | Dones directives i professionals per la paritat","og:type":"article","og:title":"29\/11\/18.- Pen\u00faltima sesi\u00f3n del ciclo &quot;Liderando sectores econ\u00f3micos con talento femenino&quot; | 50a50","og:description":"El jueves 29 de noviembre se celebra la quinta y pen\u00faltima sesi\u00f3n del ciclo &quot;Liderando sectores econ\u00f3micos con talento femenino&quot;, organizado por 50a50 y Barcelona Activa. La mesa redonda se centrar\u00e1 en la econom\u00eda digital.","og:url":"https:\/\/www.50a50.org\/es\/29-11-18-penultima-sesion-del-ciclo-liderando-sectores-economicos-con-talento-femenino\/","article:published_time":"2018-11-16T12:48:08+00:00","article:modified_time":"2018-11-16T12:48:08+00:00","twitter:card":"summary","twitter:title":"29\/11\/18.- Pen\u00faltima sesi\u00f3n del ciclo &quot;Liderando sectores econ\u00f3micos con talento femenino&quot; | 50a50","twitter:description":"El jueves 29 de noviembre se celebra la quinta y pen\u00faltima sesi\u00f3n del ciclo &quot;Liderando sectores econ\u00f3micos con talento femenino&quot;, organizado por 50a50 y Barcelona Activa. La mesa redonda se centrar\u00e1 en la econom\u00eda digital."},"aioseo_meta_data":{"post_id":"3434","title":"29\/11\/18.- Pen\u00faltima sesi\u00f3n del ciclo &quot;Liderando sectores econ\u00f3micos con talento femenino&quot; | #site_title","description":"El jueves 29 de noviembre se celebra la quinta y pen\u00faltima sesi\u00f3n del ciclo &quot;Liderando sectores econ\u00f3micos con talento femenino&quot;, organizado por 50a50 y Barcelona Activa. La mesa redonda se centrar\u00e1 en la econom\u00eda digital.","keywords":null,"keyphrases":null,"primary_term":null,"canonical_url":null,"og_title":null,"og_description":null,"og_object_type":"default","og_image_type":"default","og_image_url":null,"og_image_width":null,"og_image_height":null,"og_image_custom_url":null,"og_image_custom_fields":null,"og_video":null,"og_custom_url":null,"og_article_section":null,"og_article_tags":null,"twitter_use_og":false,"twitter_card":"default","twitter_image_type":"default","twitter_image_url":null,"twitter_image_custom_url":null,"twitter_image_custom_fields":null,"twitter_title":null,"twitter_description":null,"schema":{"blockGraphs":[],"customGraphs":[],"default":{"data":{"Article":[],"Course":[],"Dataset":[],"FAQPage":[],"Movie":[],"Person":[],"Product":[],"ProductReview":[],"Car":[],"Recipe":[],"Service":[],"SoftwareApplication":[],"WebPage":[]},"graphName":"","isEnabled":true},"graphs":[]},"schema_type":null,"schema_type_options":null,"pillar_content":false,"robots_default":true,"robots_noindex":false,"robots_noarchive":false,"robots_nosnippet":false,"robots_nofollow":false,"robots_noimageindex":false,"robots_noodp":false,"robots_notranslate":false,"robots_max_snippet":null,"robots_max_videopreview":null,"robots_max_imagepreview":"large","priority":null,"frequency":null,"local_seo":null,"breadcrumb_settings":null,"limit_modified_date":false,"ai":null,"created":"2020-12-28 08:02:23","updated":"2025-06-10 13:34:38","seo_analyzer_scan_date":null,"focus_keyword":null,"additional_keywords":null,"truseo_locale":null},"aioseo_breadcrumb":"<div class=\"aioseo-breadcrumbs\"><span class=\"aioseo-breadcrumb\">\n\t\t\t<a href=\"https:\/\/www.50a50.org\/es\/\" title=\"Home\">Home<\/a>\n\t\t<\/span><span class=\"aioseo-breadcrumb-separator\">&raquo;<\/span><span class=\"aioseo-breadcrumb\">\n\t\t\t<a href=\"https:\/\/www.50a50.org\/es\/category\/activitats-es\/\" title=\"Actividades\">Actividades<\/a>\n\t\t<\/span><span class=\"aioseo-breadcrumb-separator\">&raquo;<\/span><span class=\"aioseo-breadcrumb\">\n\t\t\t29\/11\/18.- Pen\u00faltima sesi\u00f3n del ciclo \u00abLiderando sectores econ\u00f3micos con talento femenino\u00bb\n\t\t<\/span><\/div>","aioseo_breadcrumb_json":[{"label":"Home","link":"https:\/\/www.50a50.org\/es\/"},{"label":"Actividades","link":"https:\/\/www.50a50.org\/es\/category\/activitats-es\/"},{"label":"29\/11\/18.- Pen\u00faltima sesi\u00f3n del ciclo \u00abLiderando sectores econ\u00f3micos con talento femenino\u00bb","link":"https:\/\/www.50a50.org\/es\/29-11-18-penultima-sesion-del-ciclo-liderando-sectores-economicos-con-talento-femenino\/"}],"_links":{"self":[{"href":"https:\/\/www.50a50.org\/es\/wp-json\/wp\/v2\/posts\/3434","targetHints":{"allow":["GET"]}}],"collection":[{"href":"https:\/\/www.50a50.org\/es\/wp-json\/wp\/v2\/posts"}],"about":[{"href":"https:\/\/www.50a50.org\/es\/wp-json\/wp\/v2\/types\/post"}],"author":[{"embeddable":true,"href":"https:\/\/www.50a50.org\/es\/wp-json\/wp\/v2\/users\/1"}],"replies":[{"embeddable":true,"href":"https:\/\/www.50a50.org\/es\/wp-json\/wp\/v2\/comments?post=3434"}],"version-history":[{"count":0,"href":"https:\/\/www.50a50.org\/es\/wp-json\/wp\/v2\/posts\/3434\/revisions"}],"wp:featuredmedia":[{"embeddable":true,"href":"https:\/\/www.50a50.org\/es\/wp-json\/wp\/v2\/media\/3432"}],"wp:attachment":[{"href":"https:\/\/www.50a50.org\/es\/wp-json\/wp\/v2\/media?parent=3434"}],"wp:term":[{"taxonomy":"category","embeddable":true,"href":"https:\/\/www.50a50.org\/es\/wp-json\/wp\/v2\/categories?post=3434"},{"taxonomy":"post_tag","embeddable":true,"href":"https:\/\/www.50a50.org\/es\/wp-json\/wp\/v2\/tags?post=3434"}],"curies":[{"name":"wp","href":"https:\/\/api.w.org\/{rel}","templated":true}]}}