{"id":3155,"date":"2018-10-05T14:38:39","date_gmt":"2018-10-05T14:38:39","guid":{"rendered":"https:\/\/www.50a50.org\/?p=3155"},"modified":"2018-10-05T22:27:01","modified_gmt":"2018-10-05T22:27:01","slug":"11-10-18-tercera-sesion-del-ciclo-liderando-sectores-economicos-con-talento-femenino","status":"publish","type":"post","link":"https:\/\/www.50a50.org\/es\/11-10-18-tercera-sesion-del-ciclo-liderando-sectores-economicos-con-talento-femenino\/","title":{"rendered":"11\/10\/18.- Tercera sesi\u00f3n del ciclo \u00abLiderando sectores econ\u00f3micos con talento femenino\u00bb"},"content":{"rendered":"<p>&nbsp;<\/p>\n<p><img decoding=\"async\" class=\"alignnone size-full wp-image-3149\" src=\"https:\/\/www.50a50.org\/wp-content\/uploads\/2018\/10\/sessi\u00f3-bcn-activa-11-oct-comer\u00e7-i-turisme.jpg\" alt=\"\" width=\"1212\" height=\"781\" srcset=\"https:\/\/www.50a50.org\/wp-content\/uploads\/2018\/10\/sessi\u00f3-bcn-activa-11-oct-comer\u00e7-i-turisme-200x129.jpg 200w, https:\/\/www.50a50.org\/wp-content\/uploads\/2018\/10\/sessi\u00f3-bcn-activa-11-oct-comer\u00e7-i-turisme-300x193.jpg 300w, https:\/\/www.50a50.org\/wp-content\/uploads\/2018\/10\/sessi\u00f3-bcn-activa-11-oct-comer\u00e7-i-turisme-400x258.jpg 400w, https:\/\/www.50a50.org\/wp-content\/uploads\/2018\/10\/sessi\u00f3-bcn-activa-11-oct-comer\u00e7-i-turisme-460x295.jpg 460w, https:\/\/www.50a50.org\/wp-content\/uploads\/2018\/10\/sessi\u00f3-bcn-activa-11-oct-comer\u00e7-i-turisme-500x322.jpg 500w, https:\/\/www.50a50.org\/wp-content\/uploads\/2018\/10\/sessi\u00f3-bcn-activa-11-oct-comer\u00e7-i-turisme-600x387.jpg 600w, https:\/\/www.50a50.org\/wp-content\/uploads\/2018\/10\/sessi\u00f3-bcn-activa-11-oct-comer\u00e7-i-turisme-768x495.jpg 768w, https:\/\/www.50a50.org\/wp-content\/uploads\/2018\/10\/sessi\u00f3-bcn-activa-11-oct-comer\u00e7-i-turisme.jpg 800w, https:\/\/www.50a50.org\/wp-content\/uploads\/2018\/10\/sessi\u00f3-bcn-activa-11-oct-comer\u00e7-i-turisme-1200x773.jpg 1200w\" sizes=\"(max-width: 1212px) 100vw, 1212px\" \/><\/p>\n<p>&nbsp;<\/p>\n<h2>11\/10\/18.- Tercera sesi\u00f3n del ciclo \u00abLiderando sectores econ\u00f3micos con talento femenino\u00bb<\/h2>\n<p>&nbsp;<\/p>\n<p>El jueves 11 de octubre se celebra la tercera sesi\u00f3n del ciclo \u00ab<strong>Liderando sectores econ\u00f3micos con talento femenino<\/strong>\u00ab, centrada en el sector del<strong> comercio y el turismo<\/strong>.<\/p>\n<p>La mesa redonda la moderar\u00e1 la presidenta de 50a50, <strong>Anna Mercad\u00e9<\/strong>, y la introducir\u00e1 la\u00a0 consultora de implantaci\u00f3n de pol\u00edticas de igualdad <strong>Mar Gaya<\/strong>. Como ponentes, participar\u00e1n <strong><a href=\"https:\/\/www.linkedin.com\/in\/danielafreund\/\">Daniela Freund<\/a><\/strong>, investigadora de la C\u00e1tedra de Turismo Responsable y Hospitalidad de la Facultad de Turismo y Direcci\u00f3n Hotelera Sant Ignasi HTSI; <strong><a href=\"https:\/\/www.linkedin.com\/in\/nuria-paricio-paricio-12172817\/\">N\u00faria Paricio<\/a><\/strong>, directora general de Barcelona Oberta, e<strong> <a href=\"https:\/\/www.linkedin.com\/in\/inmaculada-ranera-0531a413\/\">Inmaculada Ranera<\/a><\/strong>, directora general de Christie &amp; Co Espa\u00f1a y Portugal.<\/p>\n<p>El ciclo \u201cLiderando sectores econ\u00f3micos con talento femenino\u201d lo organizan conjuntamente Barcelona Activa y la Asociaci\u00f3n 50a50 con el objetivo de avanzar hacia la <strong>participaci\u00f3n plena y efectiva de las mujeres<\/strong> a todos los niveles, a fin de garantizar la igualdad de oportunidades, especialmente en el mundo laboral, y el liderazgo compartido de empresas, instituciones y entidades.<\/p>\n<p>La sesi\u00f3n se celebrar\u00e1 el d\u00eda 11 de octubre, de 15 a 16.45 horas, en el Centro para la Iniciativa Emprendedora &#8211; Gl\u00f2ries (c\/ Llacuna 162-164, Barcelona 08018).<\/p>\n<p>La participaci\u00f3n es gratuita, pero es necesario reservar plaza inscribi\u00e9ndose previamente a trav\u00e9s de este <a href=\"https:\/\/emprenedoria.barcelonactiva.cat\/emprenedoria\/cat\/edit.do?codiIdioma=1&amp;id=866244&amp;id_activitat_mestre=866243&amp;dia=5&amp;mes=7&amp;any=2018\">enlace<\/a>.<\/p>\n<p>&nbsp;<\/p>\n","protected":false},"excerpt":{"rendered":"<p>El jueves 11 de octubre se celebra la tercera sesi\u00f3n del ciclo \u00abLiderando sectores econ\u00f3micos con talento femenino\u00bb, centrada en el sector del comercio y el turismo.<\/p>\n","protected":false},"author":1,"featured_media":3151,"comment_status":"closed","ping_status":"closed","sticky":false,"template":"","format":"standard","meta":{"footnotes":""},"categories":[251],"tags":[252,253,254],"class_list":["post-3155","post","type-post","status-publish","format-standard","has-post-thumbnail","hentry","category-activitats-es","tag-barcelona-activa-es","tag-conferencies-es","tag-talent-femeni-es"],"aioseo_notices":[],"_links":{"self":[{"href":"https:\/\/www.50a50.org\/es\/wp-json\/wp\/v2\/posts\/3155","targetHints":{"allow":["GET"]}}],"collection":[{"href":"https:\/\/www.50a50.org\/es\/wp-json\/wp\/v2\/posts"}],"about":[{"href":"https:\/\/www.50a50.org\/es\/wp-json\/wp\/v2\/types\/post"}],"author":[{"embeddable":true,"href":"https:\/\/www.50a50.org\/es\/wp-json\/wp\/v2\/users\/1"}],"replies":[{"embeddable":true,"href":"https:\/\/www.50a50.org\/es\/wp-json\/wp\/v2\/comments?post=3155"}],"version-history":[{"count":0,"href":"https:\/\/www.50a50.org\/es\/wp-json\/wp\/v2\/posts\/3155\/revisions"}],"wp:featuredmedia":[{"embeddable":true,"href":"https:\/\/www.50a50.org\/es\/wp-json\/wp\/v2\/media\/3151"}],"wp:attachment":[{"href":"https:\/\/www.50a50.org\/es\/wp-json\/wp\/v2\/media?parent=3155"}],"wp:term":[{"taxonomy":"category","embeddable":true,"href":"https:\/\/www.50a50.org\/es\/wp-json\/wp\/v2\/categories?post=3155"},{"taxonomy":"post_tag","embeddable":true,"href":"https:\/\/www.50a50.org\/es\/wp-json\/wp\/v2\/tags?post=3155"}],"curies":[{"name":"wp","href":"https:\/\/api.w.org\/{rel}","templated":true}]}}