{"id":3106,"date":"2018-10-02T22:27:41","date_gmt":"2018-10-02T22:27:41","guid":{"rendered":"https:\/\/www.50a50.org\/?p=3106"},"modified":"2018-10-02T22:27:41","modified_gmt":"2018-10-02T22:27:41","slug":"9-10-18-9a-jornada-de-formacion-del-aula-de-transparencia-de-la-amb","status":"publish","type":"post","link":"https:\/\/www.50a50.org\/es\/9-10-18-9a-jornada-de-formacion-del-aula-de-transparencia-de-la-amb\/","title":{"rendered":"9\/10 \/18.- 9\u00aa jornada de formaci\u00f3n del Aula de Transparencia de la AMB"},"content":{"rendered":"<h2><img decoding=\"async\" class=\"size-full wp-image-3097 aligncenter\" src=\"https:\/\/www.50a50.org\/wp-content\/uploads\/2018\/10\/181009_9aJornada_Diptic_AulaTransparencia-xxss.jpg\" alt=\"\" width=\"565\" height=\"445\" srcset=\"https:\/\/www.50a50.org\/wp-content\/uploads\/2018\/10\/181009_9aJornada_Diptic_AulaTransparencia-xxss-200x158.jpg 200w, https:\/\/www.50a50.org\/wp-content\/uploads\/2018\/10\/181009_9aJornada_Diptic_AulaTransparencia-xxss-300x236.jpg 300w, https:\/\/www.50a50.org\/wp-content\/uploads\/2018\/10\/181009_9aJornada_Diptic_AulaTransparencia-xxss-400x315.jpg 400w, https:\/\/www.50a50.org\/wp-content\/uploads\/2018\/10\/181009_9aJornada_Diptic_AulaTransparencia-xxss-500x394.jpg 500w, https:\/\/www.50a50.org\/wp-content\/uploads\/2018\/10\/181009_9aJornada_Diptic_AulaTransparencia-xxss.jpg 565w\" sizes=\"(max-width: 565px) 100vw, 565px\" \/><\/h2>\n<h2><\/h2>\n<h2>9\/10 \/18.- 9\u00aa jornada de formaci\u00f3n del Aula de Transparencia de la AMB<\/h2>\n<p>&nbsp;<\/p>\n<h3>\u00abLa equidad de g\u00e9nero, eje del buen gobierno metropolitano\u00bb<br \/>\n09\/10\/18, 9 a 14h<br \/>\nEspai Francesca Bonnemaison (Sala Cuina)<\/h3>\n<p>&nbsp;<\/p>\n<p>El pr\u00f3ximo 9 de octubre se celebra la 9\u00aa Jornada de formaci\u00f3n del Aula de Transparencia del \u00c1rea Metropolitana de Barcelona, \u200b\u200bbajo el t\u00edtulo \u00ab<strong>La equidad de g\u00e9nero, eje del buen gobierno metropolitano<\/strong>\u00ab.<\/p>\n<p>La conferencia, que tendr\u00e1 lugar en la sala Cuina del Espai Francesca Bonnemaison (Calle Sant Pere M\u00e9s Baix, 7 08003 Barcelona), est\u00e1 organizada por la Agencia de Transparencia del \u00c1rea Metropolitana de Barcelona con la colaboraci\u00f3n del Observatori Dona, Empresa i Economia de la Cambra de Comer\u00e7 de Barcelona; la Comisi\u00f3n de Mujeres Abogadas del ICAB; la Asociaci\u00f3n 50a50, y el Institut Catal\u00e0 de les Dones.<\/p>\n<p>La <strong>igualdad de g\u00e9nero<\/strong> y el objetivo de alcanzar un equilibrio del 50% entre hombres y mujeres en las empresas, las administraciones p\u00fablicas y la sociedad civil constituye uno de los objetivos de la<strong> gobernanza mundial<\/strong>, tal como recoge la Agenda 2030 de las Naciones Unidas, con especial \u00e9nfasis en el acceso a puestos directivos. En este sentido, es clave que todas las pol\u00edticas p\u00fablicas de todos los niveles de gobierno incorporen transversalmente la perspectiva de g\u00e9nero, aprovechando la visi\u00f3n de la transparencia y el buen gobierno, y la de la igualdad, ambas dise\u00f1adas y preceptivas a nivel normativo.<\/p>\n<p>La conferencia cuenta como ponentes con varias socias fundadoras de 50a50, y coloca las pol\u00edticas de g\u00e9nero en la agenda del \u00c1rea Metropolitana de Barcelona.<\/p>\n<p><a href=\"http:\/\/transparencia.amb.cat\/web\/finestres-de-transparencia\/aula-de-transparencia\/novena-aula\">M\u00e1s informaci\u00f3n e inscripciones<\/a><\/p>\n","protected":false},"excerpt":{"rendered":"<p>\u00abLa equidad de g\u00e9nero, eje del buen gobierno metropolitano\u00bb, el 09\/10\/18, de 9 a 14h, en el Espai Francesca Bonnemaison (Sala Cuina)<\/p>\n","protected":false},"author":1,"featured_media":3097,"comment_status":"closed","ping_status":"closed","sticky":false,"template":"","format":"standard","meta":{"footnotes":""},"categories":[251],"tags":[253,256,255],"class_list":["post-3106","post","type-post","status-publish","format-standard","has-post-thumbnail","hentry","category-activitats-es","tag-conferencies-es","tag-formacio","tag-igualtat-de-genere"],"aioseo_notices":[],"aioseo_head":"\n\t\t<!-- All in One SEO 5.0.0.1 - aioseo.com -->\n\t<meta name=\"description\" content=\"&quot;La equidad de g\u00e9nero, eje del buen gobierno metropolitano&quot;, el 09\/10\/18, de 9 a 14h, en el Espai Francesca Bonnemaison (Sala Cuina)\" \/>\n\t<meta name=\"robots\" content=\"max-image-preview:large\" \/>\n\t<meta name=\"author\" content=\"50a50\"\/>\n\t<link rel=\"canonical\" href=\"https:\/\/www.50a50.org\/es\/9-10-18-9a-jornada-de-formacion-del-aula-de-transparencia-de-la-amb\/\" \/>\n\t<meta name=\"generator\" content=\"All in One SEO (AIOSEO) 5.0.0.1\" \/>\n\t\t<meta property=\"og:locale\" content=\"es_ES\" \/>\n\t\t<meta property=\"og:site_name\" content=\"50a50 | Dones directives i professionals per la paritat\" \/>\n\t\t<meta property=\"og:type\" content=\"article\" \/>\n\t\t<meta property=\"og:title\" content=\"9\/10 \/18.- 9\u00aa jornada de formaci\u00f3n del Aula de Transparencia de la AMB | 50a50\" \/>\n\t\t<meta property=\"og:description\" content=\"&quot;La equidad de g\u00e9nero, eje del buen gobierno metropolitano&quot;, el 09\/10\/18, de 9 a 14h, en el Espai Francesca Bonnemaison (Sala Cuina)\" \/>\n\t\t<meta property=\"og:url\" content=\"https:\/\/www.50a50.org\/es\/9-10-18-9a-jornada-de-formacion-del-aula-de-transparencia-de-la-amb\/\" \/>\n\t\t<meta property=\"article:published_time\" content=\"2018-10-02T22:27:41+00:00\" \/>\n\t\t<meta property=\"article:modified_time\" content=\"2018-10-02T22:27:41+00:00\" \/>\n\t\t<meta name=\"twitter:card\" content=\"summary\" \/>\n\t\t<meta name=\"twitter:title\" content=\"9\/10 \/18.- 9\u00aa jornada de formaci\u00f3n del Aula de Transparencia de la AMB | 50a50\" \/>\n\t\t<meta name=\"twitter:description\" content=\"&quot;La equidad de g\u00e9nero, eje del buen gobierno metropolitano&quot;, el 09\/10\/18, de 9 a 14h, en el Espai Francesca Bonnemaison (Sala Cuina)\" \/>\n\t\t<script type=\"application\/ld+json\" class=\"aioseo-schema\">\n\t\t\t{\"@context\":\"https:\\\/\\\/schema.org\",\"@graph\":[{\"@type\":\"Article\",\"@id\":\"https:\\\/\\\/www.50a50.org\\\/es\\\/9-10-18-9a-jornada-de-formacion-del-aula-de-transparencia-de-la-amb\\\/#article\",\"name\":\"9\\\/10 \\\/18.- 9\\u00aa jornada de formaci\\u00f3n del Aula de Transparencia de la AMB | 50a50\",\"headline\":\"9\\\/10 \\\/18.- 9\\u00aa jornada de formaci\\u00f3n del Aula de Transparencia de la AMB\",\"author\":{\"@id\":\"https:\\\/\\\/www.50a50.org\\\/es\\\/author\\\/backoffice\\\/#author\"},\"publisher\":{\"@id\":\"https:\\\/\\\/www.50a50.org\\\/es\\\/#organization\"},\"image\":{\"@type\":\"ImageObject\",\"url\":\"https:\\\/\\\/www.50a50.org\\\/wp-content\\\/uploads\\\/2018\\\/10\\\/181009_9aJornada_Diptic_AulaTransparencia-xxss.jpg\",\"width\":565,\"height\":445},\"datePublished\":\"2018-10-02T22:27:41+00:00\",\"dateModified\":\"2018-10-02T22:27:41+00:00\",\"inLanguage\":\"es-ES\",\"mainEntityOfPage\":{\"@id\":\"https:\\\/\\\/www.50a50.org\\\/es\\\/9-10-18-9a-jornada-de-formacion-del-aula-de-transparencia-de-la-amb\\\/#webpage\"},\"isPartOf\":{\"@id\":\"https:\\\/\\\/www.50a50.org\\\/es\\\/9-10-18-9a-jornada-de-formacion-del-aula-de-transparencia-de-la-amb\\\/#webpage\"},\"articleSection\":\"Actividades, Confer\\u00e8ncies, Formaci\\u00f3, Igualtat de g\\u00e8nere\"},{\"@type\":\"BreadcrumbList\",\"@id\":\"https:\\\/\\\/www.50a50.org\\\/es\\\/9-10-18-9a-jornada-de-formacion-del-aula-de-transparencia-de-la-amb\\\/#breadcrumblist\",\"itemListElement\":[{\"@type\":\"ListItem\",\"@id\":\"https:\\\/\\\/www.50a50.org\\\/es\\\/#listItem\",\"position\":1,\"name\":\"Home\",\"item\":\"https:\\\/\\\/www.50a50.org\\\/es\\\/\",\"nextItem\":{\"@type\":\"ListItem\",\"@id\":\"https:\\\/\\\/www.50a50.org\\\/es\\\/category\\\/activitats-es\\\/#listItem\",\"name\":\"Actividades\"}},{\"@type\":\"ListItem\",\"@id\":\"https:\\\/\\\/www.50a50.org\\\/es\\\/category\\\/activitats-es\\\/#listItem\",\"position\":2,\"name\":\"Actividades\",\"item\":\"https:\\\/\\\/www.50a50.org\\\/es\\\/category\\\/activitats-es\\\/\",\"nextItem\":{\"@type\":\"ListItem\",\"@id\":\"https:\\\/\\\/www.50a50.org\\\/es\\\/9-10-18-9a-jornada-de-formacion-del-aula-de-transparencia-de-la-amb\\\/#listItem\",\"name\":\"9\\\/10 \\\/18.- 9\\u00aa jornada de formaci\\u00f3n del Aula de Transparencia de la AMB\"},\"previousItem\":{\"@type\":\"ListItem\",\"@id\":\"https:\\\/\\\/www.50a50.org\\\/es\\\/#listItem\",\"name\":\"Home\"}},{\"@type\":\"ListItem\",\"@id\":\"https:\\\/\\\/www.50a50.org\\\/es\\\/9-10-18-9a-jornada-de-formacion-del-aula-de-transparencia-de-la-amb\\\/#listItem\",\"position\":3,\"name\":\"9\\\/10 \\\/18.- 9\\u00aa jornada de formaci\\u00f3n del Aula de Transparencia de la AMB\",\"previousItem\":{\"@type\":\"ListItem\",\"@id\":\"https:\\\/\\\/www.50a50.org\\\/es\\\/category\\\/activitats-es\\\/#listItem\",\"name\":\"Actividades\"}}]},{\"@type\":\"Organization\",\"@id\":\"https:\\\/\\\/www.50a50.org\\\/es\\\/#organization\",\"name\":\"50a50\",\"description\":\"Dones directives i professionals per la paritat\",\"url\":\"https:\\\/\\\/www.50a50.org\\\/es\\\/\"},{\"@type\":\"Person\",\"@id\":\"https:\\\/\\\/www.50a50.org\\\/es\\\/author\\\/backoffice\\\/#author\",\"url\":\"https:\\\/\\\/www.50a50.org\\\/es\\\/author\\\/backoffice\\\/\",\"name\":\"50a50\"},{\"@type\":\"WebPage\",\"@id\":\"https:\\\/\\\/www.50a50.org\\\/es\\\/9-10-18-9a-jornada-de-formacion-del-aula-de-transparencia-de-la-amb\\\/#webpage\",\"url\":\"https:\\\/\\\/www.50a50.org\\\/es\\\/9-10-18-9a-jornada-de-formacion-del-aula-de-transparencia-de-la-amb\\\/\",\"name\":\"9\\\/10 \\\/18.- 9\\u00aa jornada de formaci\\u00f3n del Aula de Transparencia de la AMB | 50a50\",\"description\":\"\\\"La equidad de g\\u00e9nero, eje del buen gobierno metropolitano\\\", el 09\\\/10\\\/18, de 9 a 14h, en el Espai Francesca Bonnemaison (Sala Cuina)\",\"inLanguage\":\"es-ES\",\"isPartOf\":{\"@id\":\"https:\\\/\\\/www.50a50.org\\\/es\\\/#website\"},\"breadcrumb\":{\"@id\":\"https:\\\/\\\/www.50a50.org\\\/es\\\/9-10-18-9a-jornada-de-formacion-del-aula-de-transparencia-de-la-amb\\\/#breadcrumblist\"},\"author\":{\"@id\":\"https:\\\/\\\/www.50a50.org\\\/es\\\/author\\\/backoffice\\\/#author\"},\"creator\":{\"@id\":\"https:\\\/\\\/www.50a50.org\\\/es\\\/author\\\/backoffice\\\/#author\"},\"image\":{\"@type\":\"ImageObject\",\"url\":\"https:\\\/\\\/www.50a50.org\\\/wp-content\\\/uploads\\\/2018\\\/10\\\/181009_9aJornada_Diptic_AulaTransparencia-xxss.jpg\",\"@id\":\"https:\\\/\\\/www.50a50.org\\\/es\\\/9-10-18-9a-jornada-de-formacion-del-aula-de-transparencia-de-la-amb\\\/#mainImage\",\"width\":565,\"height\":445},\"primaryImageOfPage\":{\"@id\":\"https:\\\/\\\/www.50a50.org\\\/es\\\/9-10-18-9a-jornada-de-formacion-del-aula-de-transparencia-de-la-amb\\\/#mainImage\"},\"datePublished\":\"2018-10-02T22:27:41+00:00\",\"dateModified\":\"2018-10-02T22:27:41+00:00\"},{\"@type\":\"WebSite\",\"@id\":\"https:\\\/\\\/www.50a50.org\\\/es\\\/#website\",\"url\":\"https:\\\/\\\/www.50a50.org\\\/es\\\/\",\"name\":\"50a50\",\"description\":\"Dones directives i professionals per la paritat\",\"inLanguage\":\"es-ES\",\"publisher\":{\"@id\":\"https:\\\/\\\/www.50a50.org\\\/es\\\/#organization\"}}]}\n\t\t<\/script>\n\t\t<!-- All in One SEO -->\n\n","aioseo_head_json":{"title":"9\/10 \/18.- 9\u00aa jornada de formaci\u00f3n del Aula de Transparencia de la AMB | 50a50","description":"\"La equidad de g\u00e9nero, eje del buen gobierno metropolitano\", el 09\/10\/18, de 9 a 14h, en el Espai Francesca Bonnemaison (Sala Cuina)","canonical_url":"https:\/\/www.50a50.org\/es\/9-10-18-9a-jornada-de-formacion-del-aula-de-transparencia-de-la-amb\/","robots":"max-image-preview:large","keywords":"","webmasterTools":{"miscellaneous":""},"schema":{"@context":"https:\/\/schema.org","@graph":[{"@type":"Article","@id":"https:\/\/www.50a50.org\/es\/9-10-18-9a-jornada-de-formacion-del-aula-de-transparencia-de-la-amb\/#article","name":"9\/10 \/18.- 9\u00aa jornada de formaci\u00f3n del Aula de Transparencia de la AMB | 50a50","headline":"9\/10 \/18.- 9\u00aa jornada de formaci\u00f3n del Aula de Transparencia de la AMB","author":{"@id":"https:\/\/www.50a50.org\/es\/author\/backoffice\/#author"},"publisher":{"@id":"https:\/\/www.50a50.org\/es\/#organization"},"image":{"@type":"ImageObject","url":"https:\/\/www.50a50.org\/wp-content\/uploads\/2018\/10\/181009_9aJornada_Diptic_AulaTransparencia-xxss.jpg","width":565,"height":445},"datePublished":"2018-10-02T22:27:41+00:00","dateModified":"2018-10-02T22:27:41+00:00","inLanguage":"es-ES","mainEntityOfPage":{"@id":"https:\/\/www.50a50.org\/es\/9-10-18-9a-jornada-de-formacion-del-aula-de-transparencia-de-la-amb\/#webpage"},"isPartOf":{"@id":"https:\/\/www.50a50.org\/es\/9-10-18-9a-jornada-de-formacion-del-aula-de-transparencia-de-la-amb\/#webpage"},"articleSection":"Actividades, Confer\u00e8ncies, Formaci\u00f3, Igualtat de g\u00e8nere"},{"@type":"BreadcrumbList","@id":"https:\/\/www.50a50.org\/es\/9-10-18-9a-jornada-de-formacion-del-aula-de-transparencia-de-la-amb\/#breadcrumblist","itemListElement":[{"@type":"ListItem","@id":"https:\/\/www.50a50.org\/es\/#listItem","position":1,"name":"Home","item":"https:\/\/www.50a50.org\/es\/","nextItem":{"@type":"ListItem","@id":"https:\/\/www.50a50.org\/es\/category\/activitats-es\/#listItem","name":"Actividades"}},{"@type":"ListItem","@id":"https:\/\/www.50a50.org\/es\/category\/activitats-es\/#listItem","position":2,"name":"Actividades","item":"https:\/\/www.50a50.org\/es\/category\/activitats-es\/","nextItem":{"@type":"ListItem","@id":"https:\/\/www.50a50.org\/es\/9-10-18-9a-jornada-de-formacion-del-aula-de-transparencia-de-la-amb\/#listItem","name":"9\/10 \/18.- 9\u00aa jornada de formaci\u00f3n del Aula de Transparencia de la AMB"},"previousItem":{"@type":"ListItem","@id":"https:\/\/www.50a50.org\/es\/#listItem","name":"Home"}},{"@type":"ListItem","@id":"https:\/\/www.50a50.org\/es\/9-10-18-9a-jornada-de-formacion-del-aula-de-transparencia-de-la-amb\/#listItem","position":3,"name":"9\/10 \/18.- 9\u00aa jornada de formaci\u00f3n del Aula de Transparencia de la AMB","previousItem":{"@type":"ListItem","@id":"https:\/\/www.50a50.org\/es\/category\/activitats-es\/#listItem","name":"Actividades"}}]},{"@type":"Organization","@id":"https:\/\/www.50a50.org\/es\/#organization","name":"50a50","description":"Dones directives i professionals per la paritat","url":"https:\/\/www.50a50.org\/es\/"},{"@type":"Person","@id":"https:\/\/www.50a50.org\/es\/author\/backoffice\/#author","url":"https:\/\/www.50a50.org\/es\/author\/backoffice\/","name":"50a50"},{"@type":"WebPage","@id":"https:\/\/www.50a50.org\/es\/9-10-18-9a-jornada-de-formacion-del-aula-de-transparencia-de-la-amb\/#webpage","url":"https:\/\/www.50a50.org\/es\/9-10-18-9a-jornada-de-formacion-del-aula-de-transparencia-de-la-amb\/","name":"9\/10 \/18.- 9\u00aa jornada de formaci\u00f3n del Aula de Transparencia de la AMB | 50a50","description":"\"La equidad de g\u00e9nero, eje del buen gobierno metropolitano\", el 09\/10\/18, de 9 a 14h, en el Espai Francesca Bonnemaison (Sala Cuina)","inLanguage":"es-ES","isPartOf":{"@id":"https:\/\/www.50a50.org\/es\/#website"},"breadcrumb":{"@id":"https:\/\/www.50a50.org\/es\/9-10-18-9a-jornada-de-formacion-del-aula-de-transparencia-de-la-amb\/#breadcrumblist"},"author":{"@id":"https:\/\/www.50a50.org\/es\/author\/backoffice\/#author"},"creator":{"@id":"https:\/\/www.50a50.org\/es\/author\/backoffice\/#author"},"image":{"@type":"ImageObject","url":"https:\/\/www.50a50.org\/wp-content\/uploads\/2018\/10\/181009_9aJornada_Diptic_AulaTransparencia-xxss.jpg","@id":"https:\/\/www.50a50.org\/es\/9-10-18-9a-jornada-de-formacion-del-aula-de-transparencia-de-la-amb\/#mainImage","width":565,"height":445},"primaryImageOfPage":{"@id":"https:\/\/www.50a50.org\/es\/9-10-18-9a-jornada-de-formacion-del-aula-de-transparencia-de-la-amb\/#mainImage"},"datePublished":"2018-10-02T22:27:41+00:00","dateModified":"2018-10-02T22:27:41+00:00"},{"@type":"WebSite","@id":"https:\/\/www.50a50.org\/es\/#website","url":"https:\/\/www.50a50.org\/es\/","name":"50a50","description":"Dones directives i professionals per la paritat","inLanguage":"es-ES","publisher":{"@id":"https:\/\/www.50a50.org\/es\/#organization"}}]},"og:locale":"es_ES","og:site_name":"50a50 | Dones directives i professionals per la paritat","og:type":"article","og:title":"9\/10 \/18.- 9\u00aa jornada de formaci\u00f3n del Aula de Transparencia de la AMB | 50a50","og:description":"&quot;La equidad de g\u00e9nero, eje del buen gobierno metropolitano&quot;, el 09\/10\/18, de 9 a 14h, en el Espai Francesca Bonnemaison (Sala Cuina)","og:url":"https:\/\/www.50a50.org\/es\/9-10-18-9a-jornada-de-formacion-del-aula-de-transparencia-de-la-amb\/","article:published_time":"2018-10-02T22:27:41+00:00","article:modified_time":"2018-10-02T22:27:41+00:00","twitter:card":"summary","twitter:title":"9\/10 \/18.- 9\u00aa jornada de formaci\u00f3n del Aula de Transparencia de la AMB | 50a50","twitter:description":"&quot;La equidad de g\u00e9nero, eje del buen gobierno metropolitano&quot;, el 09\/10\/18, de 9 a 14h, en el Espai Francesca Bonnemaison (Sala Cuina)"},"aioseo_meta_data":{"post_id":"3106","title":"9\/10 \/18.- 9\u00aa jornada de formaci\u00f3n del Aula de Transparencia de la AMB | #site_title","description":"&quot;La equidad de g\u00e9nero, eje del buen gobierno metropolitano&quot;, el 09\/10\/18, de 9 a 14h, en el Espai Francesca Bonnemaison (Sala Cuina)","keywords":null,"keyphrases":null,"primary_term":null,"canonical_url":null,"og_title":null,"og_description":null,"og_object_type":"default","og_image_type":"default","og_image_url":null,"og_image_width":null,"og_image_height":null,"og_image_custom_url":null,"og_image_custom_fields":null,"og_video":null,"og_custom_url":null,"og_article_section":null,"og_article_tags":null,"twitter_use_og":false,"twitter_card":"default","twitter_image_type":"default","twitter_image_url":null,"twitter_image_custom_url":null,"twitter_image_custom_fields":null,"twitter_title":null,"twitter_description":null,"schema":{"blockGraphs":[],"customGraphs":[],"default":{"data":{"Article":[],"Course":[],"Dataset":[],"FAQPage":[],"Movie":[],"Person":[],"Product":[],"ProductReview":[],"Car":[],"Recipe":[],"Service":[],"SoftwareApplication":[],"WebPage":[]},"graphName":"","isEnabled":true},"graphs":[]},"schema_type":null,"schema_type_options":null,"pillar_content":false,"robots_default":true,"robots_noindex":false,"robots_noarchive":false,"robots_nosnippet":false,"robots_nofollow":false,"robots_noimageindex":false,"robots_noodp":false,"robots_notranslate":false,"robots_max_snippet":null,"robots_max_videopreview":null,"robots_max_imagepreview":"large","priority":null,"frequency":null,"local_seo":null,"breadcrumb_settings":null,"limit_modified_date":false,"ai":null,"created":"2020-12-28 08:01:07","updated":"2025-06-10 13:27:14","seo_analyzer_scan_date":null,"focus_keyword":null,"additional_keywords":null,"truseo_locale":null},"aioseo_breadcrumb":"<div class=\"aioseo-breadcrumbs\"><span class=\"aioseo-breadcrumb\">\n\t\t\t<a href=\"https:\/\/www.50a50.org\/es\/\" title=\"Home\">Home<\/a>\n\t\t<\/span><span class=\"aioseo-breadcrumb-separator\">&raquo;<\/span><span class=\"aioseo-breadcrumb\">\n\t\t\t<a href=\"https:\/\/www.50a50.org\/es\/category\/activitats-es\/\" title=\"Actividades\">Actividades<\/a>\n\t\t<\/span><span class=\"aioseo-breadcrumb-separator\">&raquo;<\/span><span class=\"aioseo-breadcrumb\">\n\t\t\t9\/10 \/18.- 9\u00aa jornada de formaci\u00f3n del Aula de Transparencia de la AMB\n\t\t<\/span><\/div>","aioseo_breadcrumb_json":[{"label":"Home","link":"https:\/\/www.50a50.org\/es\/"},{"label":"Actividades","link":"https:\/\/www.50a50.org\/es\/category\/activitats-es\/"},{"label":"9\/10 \/18.- 9\u00aa jornada de formaci\u00f3n del Aula de Transparencia de la AMB","link":"https:\/\/www.50a50.org\/es\/9-10-18-9a-jornada-de-formacion-del-aula-de-transparencia-de-la-amb\/"}],"_links":{"self":[{"href":"https:\/\/www.50a50.org\/es\/wp-json\/wp\/v2\/posts\/3106","targetHints":{"allow":["GET"]}}],"collection":[{"href":"https:\/\/www.50a50.org\/es\/wp-json\/wp\/v2\/posts"}],"about":[{"href":"https:\/\/www.50a50.org\/es\/wp-json\/wp\/v2\/types\/post"}],"author":[{"embeddable":true,"href":"https:\/\/www.50a50.org\/es\/wp-json\/wp\/v2\/users\/1"}],"replies":[{"embeddable":true,"href":"https:\/\/www.50a50.org\/es\/wp-json\/wp\/v2\/comments?post=3106"}],"version-history":[{"count":0,"href":"https:\/\/www.50a50.org\/es\/wp-json\/wp\/v2\/posts\/3106\/revisions"}],"wp:featuredmedia":[{"embeddable":true,"href":"https:\/\/www.50a50.org\/es\/wp-json\/wp\/v2\/media\/3097"}],"wp:attachment":[{"href":"https:\/\/www.50a50.org\/es\/wp-json\/wp\/v2\/media?parent=3106"}],"wp:term":[{"taxonomy":"category","embeddable":true,"href":"https:\/\/www.50a50.org\/es\/wp-json\/wp\/v2\/categories?post=3106"},{"taxonomy":"post_tag","embeddable":true,"href":"https:\/\/www.50a50.org\/es\/wp-json\/wp\/v2\/tags?post=3106"}],"curies":[{"name":"wp","href":"https:\/\/api.w.org\/{rel}","templated":true}]}}