{"id":3021,"date":"2018-09-14T07:37:39","date_gmt":"2018-09-14T07:37:39","guid":{"rendered":"https:\/\/www.50a50.org\/serveis-empreses-liderant-sectors-economics-amb-talent-femeni-2\/"},"modified":"2018-09-18T19:08:26","modified_gmt":"2018-09-18T19:08:26","slug":"serveis-empreses-liderant-sectors-economics-amb-talent-femeni-2","status":"publish","type":"post","link":"https:\/\/www.50a50.org\/es\/serveis-empreses-liderant-sectors-economics-amb-talent-femeni-2\/","title":{"rendered":"Sessi\u00f3 sobre serveis a les empreses, dins el cicle \u201cLiderant sectors econ\u00f2mics amb talent femen\u00ed\u201d"},"content":{"rendered":"<p><div class=\"fusion-fullwidth fullwidth-box fusion-builder-row-1 fusion-parallax-none nonhundred-percent-fullwidth non-hundred-percent-height-scrolling\" style=\"--awb-border-radius-top-left:0px;--awb-border-radius-top-right:0px;--awb-border-radius-bottom-right:0px;--awb-border-radius-bottom-left:0px;--awb-background-image:url(&quot;https:\/\/www.50a50.org\/wp-content\/uploads\/2018\/07\/Talent-Femen\u00ed.jpg&quot;);--awb-background-size:cover;--awb-flex-wrap:wrap;\" ><div class=\"fusion-builder-row fusion-row\"><div class=\"fusion-layout-column fusion_builder_column fusion-builder-column-0 fusion_builder_column_1_1 1_1 fusion-one-full fusion-column-first fusion-column-last\" style=\"--awb-bg-size:cover;\"><div class=\"fusion-column-wrapper fusion-flex-column-wrapper-legacy\"><div class=\"fusion-sep-clear\"><\/div><div class=\"fusion-separator fusion-full-width-sep\" style=\"margin-left: auto;margin-right: auto;margin-bottom:450px;width:100%;\"><\/div><div class=\"fusion-sep-clear\"><\/div><div class=\"fusion-clearfix\"><\/div><\/div><\/div><\/div><\/div><div class=\"fusion-fullwidth fullwidth-box fusion-builder-row-2 nonhundred-percent-fullwidth non-hundred-percent-height-scrolling\" style=\"--awb-border-radius-top-left:0px;--awb-border-radius-top-right:0px;--awb-border-radius-bottom-right:0px;--awb-border-radius-bottom-left:0px;--awb-flex-wrap:wrap;\" ><div class=\"fusion-builder-row fusion-row\"><div class=\"fusion-layout-column fusion_builder_column fusion-builder-column-1 fusion_builder_column_1_5 1_5 fusion-one-fifth fusion-column-first\" style=\"--awb-bg-size:cover;width:20%;width:calc(20% - ( ( 4% + 4% ) * 0.2 ) );margin-right: 4%;\"><div class=\"fusion-column-wrapper fusion-flex-column-wrapper-legacy\"><div class=\"fusion-clearfix\"><\/div><\/div><\/div><div class=\"fusion-layout-column fusion_builder_column fusion-builder-column-2 fusion_builder_column_3_5 3_5 fusion-three-fifth\" style=\"--awb-bg-size:cover;width:60%;width:calc(60% - ( ( 4% + 4% ) * 0.6 ) );margin-right: 4%;\"><div class=\"fusion-column-wrapper fusion-flex-column-wrapper-legacy\"><div class=\"fusion-sep-clear\"><\/div><div class=\"fusion-separator fusion-full-width-sep\" style=\"margin-left: auto;margin-right: auto;margin-bottom:30px;width:100%;\"><\/div><div class=\"fusion-sep-clear\"><\/div><div class=\"fusion-text fusion-text-1\"><h3>Sessi\u00f3 sobre serveis a les empreses, dins el cicle \u201cLiderant sectors econ\u00f2mics amb talent femen\u00ed\u201d<\/h3>\n<\/div><div class=\"fusion-sep-clear\"><\/div><div class=\"fusion-separator\" style=\"margin-left: auto;margin-right: auto;margin-bottom:30px;width:100%;max-width:200px;\"><div class=\"fusion-separator-border sep-single sep-solid\" style=\"--awb-height:20px;--awb-amount:20px;--awb-sep-color:#cad104;border-color:#cad104;border-top-width:1px;\"><\/div><\/div><div class=\"fusion-sep-clear\"><\/div><div class=\"fusion-text fusion-text-2\"><p>El proper dijous, dia 20 de setembre, se celebra la segona sessi\u00f3 del cicle \u201c<strong>Liderant sectors econ\u00f2mics amb talent femen\u00ed<\/strong>\u201d, que organitza conjuntament <strong>Barcelona Activa<\/strong> i l\u2019<strong>Associaci\u00f3 50a50<\/strong> amb l\u2019objectiu d\u2019avan\u00e7ar cap a la participaci\u00f3 plena i efectiva de les dones a tots els nivells, per tal de garantir la igualtat d\u2019oportunitats, especialment en el m\u00f3n laboral, i el lideratge compartit d\u2019empreses, institucions i entitats.<\/p>\n<p>Amb el t\u00edtol \u201c<strong>Serveis a les empreses<\/strong>\u201d, aquesta segona taula rodona tindr\u00e0 com a ponents\u00a0a <a href=\"https:\/\/www.linkedin.com\/in\/silvia-sabria\/\">Silvia Sabri\u00e0<\/a>, fundadora i CEO de <a href=\"http:\/\/www.ticktranslations.com\/ca\/\">Tick Translations<\/a>; <a href=\"https:\/\/www.linkedin.com\/in\/isabelmartinezcosentino\/?locale=es_ES\">Isabel Mart\u00ednez-Cosentino Ramos<\/a>, fundadora de <a href=\"http:\/\/www.crossculturalsolutions.es\/\">Cross Cultural Solutions<\/a>, i\u00a0<a href=\"https:\/\/www.linkedin.com\/in\/liviaparetti\/\">Livia Paretti<\/a>, s\u00f2cia a <a href=\"http:\/\/inmedia.es\/\">Inmedia Solutions<\/a>.<\/p>\n<p>Totes tres s\u00f3n directives referents en els seus sectors, que han desenvolupat els seus negocis de serveis a les empreses de forma creativa i innovadora. S\u00f3n, per tant, tres exemples de talent femen\u00ed que poden inspirar i aconsellar altres empres\u00e0ries i emprenedores en aquest cam\u00ed.<\/p>\n<p>La sessi\u00f3 se celebrar\u00e0 el dia 20 de setembre, de 15 a 16.45 hores, a Barcelona Activa, concretament a l&#8217;Espai Barcelona de l&#8217;Edifici Mediatic (Roc Boronat 117, Barcelona).<\/p>\n<p>La participaci\u00f3 \u00e9s gratu\u00efta, per\u00f2 \u00e9s necessari reservar pla\u00e7a omplint aquest <a href=\"https:\/\/emprenedoria.barcelonactiva.cat\/emprenedoria\/cat\/inscripcio\/PrevDadesGenerals.do?idActivitatMestre=866243&amp;idActivitat=866246&amp;codiIdioma=1&amp;idAct_Sessio=866246&amp;tipusRela=N\">formulari<\/a>.<\/p>\n<\/div><div class=\"fusion-sep-clear\"><\/div><div class=\"fusion-separator fusion-full-width-sep\" style=\"margin-left: auto;margin-right: auto;margin-bottom:30px;width:100%;\"><\/div><div class=\"fusion-sep-clear\"><\/div><div class=\"fusion-aligncenter\"><a class=\"fusion-button button-flat fusion-button-default-size button-custom fusion-button-default button-1 fusion-button-default-span fusion-button-default-type\" style=\"--button_accent_color:#000000;--button_accent_hover_color:#000000;--button_border_hover_color:#000000;--button_gradient_top_color:#cad104;--button_gradient_bottom_color:#cad104;--button_gradient_top_color_hover:#000000;--button_gradient_bottom_color_hover:#000000;\" target=\"_self\" href=\"https:\/\/emprenedoria.barcelonactiva.cat\/emprenedoria\/cat\/inscripcio\/PrevDadesGenerals.do?idActivitatMestre=866243&amp;idActivitat=866246&amp;codiIdioma=1&amp;idAct_Sessio=866246&amp;tipusRela=N \"><span class=\"fusion-button-text awb-button__text awb-button__text--default\">Vull inscriure&#8217;m a aquesta sessi\u00f3<\/span><\/a><\/div><div class=\"fusion-clearfix\"><\/div><\/div><\/div><div class=\"fusion-layout-column fusion_builder_column fusion-builder-column-3 fusion_builder_column_1_5 1_5 fusion-one-fifth fusion-column-last\" style=\"--awb-bg-size:cover;width:20%;width:calc(20% - ( ( 4% + 4% ) * 0.2 ) );\"><div class=\"fusion-column-wrapper fusion-flex-column-wrapper-legacy\"><div class=\"fusion-clearfix\"><\/div><\/div><\/div><\/div><\/div><\/p>\n","protected":false},"excerpt":{"rendered":"<p>El proper dijous, dia 20 de setembre, se celebra la segona sessi\u00f3 del cicle \u201cLiderant sectors econ\u00f2mics amb talent femen\u00ed\u201d, que organitza conjuntament Barcelona Activa i l\u2019Associaci\u00f3 50a50.<\/p>\n","protected":false},"author":1,"featured_media":3013,"comment_status":"closed","ping_status":"closed","sticky":false,"template":"","format":"standard","meta":{"footnotes":""},"categories":[251],"tags":[252,253,254],"class_list":["post-3021","post","type-post","status-publish","format-standard","has-post-thumbnail","hentry","category-activitats-es","tag-barcelona-activa-es","tag-conferencies-es","tag-talent-femeni-es"],"aioseo_notices":[],"aioseo_head":"\n\t\t<!-- All in One SEO 5.0.0.1 - aioseo.com -->\n\t<meta name=\"description\" content=\"El proper dijous, dia 20 de setembre, se celebra la segona sessi\u00f3 del cicle \u201cLiderant sectors econ\u00f2mics amb talent femen\u00ed\u201d, amb Silvia Sabri\u00e0, fundadora i CEO de Tick Translations; Isabel Mart\u00ednez-Cosentino Ramos, fundadora de Cross Cultural Solutions, i Livia Paretti, s\u00f2cia a Inmedia Solutions.\" \/>\n\t<meta name=\"robots\" content=\"max-image-preview:large\" \/>\n\t<meta name=\"author\" content=\"50a50\"\/>\n\t<link rel=\"canonical\" href=\"https:\/\/www.50a50.org\/es\/serveis-empreses-liderant-sectors-economics-amb-talent-femeni-2\/\" \/>\n\t<meta name=\"generator\" content=\"All in One SEO (AIOSEO) 5.0.0.1\" \/>\n\t\t<meta property=\"og:locale\" content=\"es_ES\" \/>\n\t\t<meta property=\"og:site_name\" content=\"50a50 | Dones directives i professionals per la paritat\" \/>\n\t\t<meta property=\"og:type\" content=\"article\" \/>\n\t\t<meta property=\"og:title\" content=\"Sessi\u00f3 sobre serveis a les empreses, dins el cicle \u201cLiderant sectors econ\u00f2mics amb talent femen\u00ed\u201d | 50a50\" \/>\n\t\t<meta property=\"og:description\" content=\"El proper dijous, dia 20 de setembre, se celebra la segona sessi\u00f3 del cicle \u201cLiderant sectors econ\u00f2mics amb talent femen\u00ed\u201d, amb Silvia Sabri\u00e0, fundadora i CEO de Tick Translations; Isabel Mart\u00ednez-Cosentino Ramos, fundadora de Cross Cultural Solutions, i Livia Paretti, s\u00f2cia a Inmedia Solutions.\" \/>\n\t\t<meta property=\"og:url\" content=\"https:\/\/www.50a50.org\/es\/serveis-empreses-liderant-sectors-economics-amb-talent-femeni-2\/\" \/>\n\t\t<meta property=\"article:published_time\" content=\"2018-09-14T07:37:39+00:00\" \/>\n\t\t<meta property=\"article:modified_time\" content=\"2018-09-18T19:08:26+00:00\" \/>\n\t\t<meta name=\"twitter:card\" content=\"summary\" \/>\n\t\t<meta name=\"twitter:title\" content=\"Sessi\u00f3 sobre serveis a les empreses, dins el cicle \u201cLiderant sectors econ\u00f2mics amb talent femen\u00ed\u201d | 50a50\" \/>\n\t\t<meta name=\"twitter:description\" content=\"El proper dijous, dia 20 de setembre, se celebra la segona sessi\u00f3 del cicle \u201cLiderant sectors econ\u00f2mics amb talent femen\u00ed\u201d, amb Silvia Sabri\u00e0, fundadora i CEO de Tick Translations; Isabel Mart\u00ednez-Cosentino Ramos, fundadora de Cross Cultural Solutions, i Livia Paretti, s\u00f2cia a Inmedia Solutions.\" \/>\n\t\t<script type=\"application\/ld+json\" class=\"aioseo-schema\">\n\t\t\t{\"@context\":\"https:\\\/\\\/schema.org\",\"@graph\":[{\"@type\":\"Article\",\"@id\":\"https:\\\/\\\/www.50a50.org\\\/es\\\/serveis-empreses-liderant-sectors-economics-amb-talent-femeni-2\\\/#article\",\"name\":\"Sessi\\u00f3 sobre serveis a les empreses, dins el cicle \\u201cLiderant sectors econ\\u00f2mics amb talent femen\\u00ed\\u201d | 50a50\",\"headline\":\"Sessi\\u00f3 sobre serveis a les empreses, dins el cicle \\u201cLiderant sectors econ\\u00f2mics amb talent femen\\u00ed\\u201d\",\"author\":{\"@id\":\"https:\\\/\\\/www.50a50.org\\\/es\\\/author\\\/backoffice\\\/#author\"},\"publisher\":{\"@id\":\"https:\\\/\\\/www.50a50.org\\\/es\\\/#organization\"},\"image\":{\"@type\":\"ImageObject\",\"url\":\"https:\\\/\\\/www.50a50.org\\\/wp-content\\\/uploads\\\/2018\\\/09\\\/business-3656074_1920.jpg\",\"width\":1920,\"height\":1280},\"datePublished\":\"2018-09-14T07:37:39+00:00\",\"dateModified\":\"2018-09-18T19:08:26+00:00\",\"inLanguage\":\"es-ES\",\"mainEntityOfPage\":{\"@id\":\"https:\\\/\\\/www.50a50.org\\\/es\\\/serveis-empreses-liderant-sectors-economics-amb-talent-femeni-2\\\/#webpage\"},\"isPartOf\":{\"@id\":\"https:\\\/\\\/www.50a50.org\\\/es\\\/serveis-empreses-liderant-sectors-economics-amb-talent-femeni-2\\\/#webpage\"},\"articleSection\":\"Actividades, Barcelona Activa, Confer\\u00e8ncies, Talent femen\\u00ed, Opcional\"},{\"@type\":\"BreadcrumbList\",\"@id\":\"https:\\\/\\\/www.50a50.org\\\/es\\\/serveis-empreses-liderant-sectors-economics-amb-talent-femeni-2\\\/#breadcrumblist\",\"itemListElement\":[{\"@type\":\"ListItem\",\"@id\":\"https:\\\/\\\/www.50a50.org\\\/es\\\/#listItem\",\"position\":1,\"name\":\"Home\",\"item\":\"https:\\\/\\\/www.50a50.org\\\/es\\\/\",\"nextItem\":{\"@type\":\"ListItem\",\"@id\":\"https:\\\/\\\/www.50a50.org\\\/es\\\/category\\\/activitats-es\\\/#listItem\",\"name\":\"Actividades\"}},{\"@type\":\"ListItem\",\"@id\":\"https:\\\/\\\/www.50a50.org\\\/es\\\/category\\\/activitats-es\\\/#listItem\",\"position\":2,\"name\":\"Actividades\",\"item\":\"https:\\\/\\\/www.50a50.org\\\/es\\\/category\\\/activitats-es\\\/\",\"nextItem\":{\"@type\":\"ListItem\",\"@id\":\"https:\\\/\\\/www.50a50.org\\\/es\\\/serveis-empreses-liderant-sectors-economics-amb-talent-femeni-2\\\/#listItem\",\"name\":\"Sessi\\u00f3 sobre serveis a les empreses, dins el cicle \\u201cLiderant sectors econ\\u00f2mics amb talent femen\\u00ed\\u201d\"},\"previousItem\":{\"@type\":\"ListItem\",\"@id\":\"https:\\\/\\\/www.50a50.org\\\/es\\\/#listItem\",\"name\":\"Home\"}},{\"@type\":\"ListItem\",\"@id\":\"https:\\\/\\\/www.50a50.org\\\/es\\\/serveis-empreses-liderant-sectors-economics-amb-talent-femeni-2\\\/#listItem\",\"position\":3,\"name\":\"Sessi\\u00f3 sobre serveis a les empreses, dins el cicle \\u201cLiderant sectors econ\\u00f2mics amb talent femen\\u00ed\\u201d\",\"previousItem\":{\"@type\":\"ListItem\",\"@id\":\"https:\\\/\\\/www.50a50.org\\\/es\\\/category\\\/activitats-es\\\/#listItem\",\"name\":\"Actividades\"}}]},{\"@type\":\"Organization\",\"@id\":\"https:\\\/\\\/www.50a50.org\\\/es\\\/#organization\",\"name\":\"50a50\",\"description\":\"Dones directives i professionals per la paritat\",\"url\":\"https:\\\/\\\/www.50a50.org\\\/es\\\/\"},{\"@type\":\"Person\",\"@id\":\"https:\\\/\\\/www.50a50.org\\\/es\\\/author\\\/backoffice\\\/#author\",\"url\":\"https:\\\/\\\/www.50a50.org\\\/es\\\/author\\\/backoffice\\\/\",\"name\":\"50a50\"},{\"@type\":\"WebPage\",\"@id\":\"https:\\\/\\\/www.50a50.org\\\/es\\\/serveis-empreses-liderant-sectors-economics-amb-talent-femeni-2\\\/#webpage\",\"url\":\"https:\\\/\\\/www.50a50.org\\\/es\\\/serveis-empreses-liderant-sectors-economics-amb-talent-femeni-2\\\/\",\"name\":\"Sessi\\u00f3 sobre serveis a les empreses, dins el cicle \\u201cLiderant sectors econ\\u00f2mics amb talent femen\\u00ed\\u201d | 50a50\",\"description\":\"El proper dijous, dia 20 de setembre, se celebra la segona sessi\\u00f3 del cicle \\u201cLiderant sectors econ\\u00f2mics amb talent femen\\u00ed\\u201d, amb Silvia Sabri\\u00e0, fundadora i CEO de Tick Translations; Isabel Mart\\u00ednez-Cosentino Ramos, fundadora de Cross Cultural Solutions, i Livia Paretti, s\\u00f2cia a Inmedia Solutions.\",\"inLanguage\":\"es-ES\",\"isPartOf\":{\"@id\":\"https:\\\/\\\/www.50a50.org\\\/es\\\/#website\"},\"breadcrumb\":{\"@id\":\"https:\\\/\\\/www.50a50.org\\\/es\\\/serveis-empreses-liderant-sectors-economics-amb-talent-femeni-2\\\/#breadcrumblist\"},\"author\":{\"@id\":\"https:\\\/\\\/www.50a50.org\\\/es\\\/author\\\/backoffice\\\/#author\"},\"creator\":{\"@id\":\"https:\\\/\\\/www.50a50.org\\\/es\\\/author\\\/backoffice\\\/#author\"},\"image\":{\"@type\":\"ImageObject\",\"url\":\"https:\\\/\\\/www.50a50.org\\\/wp-content\\\/uploads\\\/2018\\\/09\\\/business-3656074_1920.jpg\",\"@id\":\"https:\\\/\\\/www.50a50.org\\\/es\\\/serveis-empreses-liderant-sectors-economics-amb-talent-femeni-2\\\/#mainImage\",\"width\":1920,\"height\":1280},\"primaryImageOfPage\":{\"@id\":\"https:\\\/\\\/www.50a50.org\\\/es\\\/serveis-empreses-liderant-sectors-economics-amb-talent-femeni-2\\\/#mainImage\"},\"datePublished\":\"2018-09-14T07:37:39+00:00\",\"dateModified\":\"2018-09-18T19:08:26+00:00\"},{\"@type\":\"WebSite\",\"@id\":\"https:\\\/\\\/www.50a50.org\\\/es\\\/#website\",\"url\":\"https:\\\/\\\/www.50a50.org\\\/es\\\/\",\"name\":\"50a50\",\"description\":\"Dones directives i professionals per la paritat\",\"inLanguage\":\"es-ES\",\"publisher\":{\"@id\":\"https:\\\/\\\/www.50a50.org\\\/es\\\/#organization\"}}]}\n\t\t<\/script>\n\t\t<!-- All in One SEO -->\n\n","aioseo_head_json":{"title":"Sessi\u00f3 sobre serveis a les empreses, dins el cicle \u201cLiderant sectors econ\u00f2mics amb talent femen\u00ed\u201d | 50a50","description":"El proper dijous, dia 20 de setembre, se celebra la segona sessi\u00f3 del cicle \u201cLiderant sectors econ\u00f2mics amb talent femen\u00ed\u201d, amb Silvia Sabri\u00e0, fundadora i CEO de Tick Translations; Isabel Mart\u00ednez-Cosentino Ramos, fundadora de Cross Cultural Solutions, i Livia Paretti, s\u00f2cia a Inmedia Solutions.","canonical_url":"https:\/\/www.50a50.org\/es\/serveis-empreses-liderant-sectors-economics-amb-talent-femeni-2\/","robots":"max-image-preview:large","keywords":"","webmasterTools":{"miscellaneous":""},"schema":{"@context":"https:\/\/schema.org","@graph":[{"@type":"Article","@id":"https:\/\/www.50a50.org\/es\/serveis-empreses-liderant-sectors-economics-amb-talent-femeni-2\/#article","name":"Sessi\u00f3 sobre serveis a les empreses, dins el cicle \u201cLiderant sectors econ\u00f2mics amb talent femen\u00ed\u201d | 50a50","headline":"Sessi\u00f3 sobre serveis a les empreses, dins el cicle \u201cLiderant sectors econ\u00f2mics amb talent femen\u00ed\u201d","author":{"@id":"https:\/\/www.50a50.org\/es\/author\/backoffice\/#author"},"publisher":{"@id":"https:\/\/www.50a50.org\/es\/#organization"},"image":{"@type":"ImageObject","url":"https:\/\/www.50a50.org\/wp-content\/uploads\/2018\/09\/business-3656074_1920.jpg","width":1920,"height":1280},"datePublished":"2018-09-14T07:37:39+00:00","dateModified":"2018-09-18T19:08:26+00:00","inLanguage":"es-ES","mainEntityOfPage":{"@id":"https:\/\/www.50a50.org\/es\/serveis-empreses-liderant-sectors-economics-amb-talent-femeni-2\/#webpage"},"isPartOf":{"@id":"https:\/\/www.50a50.org\/es\/serveis-empreses-liderant-sectors-economics-amb-talent-femeni-2\/#webpage"},"articleSection":"Actividades, Barcelona Activa, Confer\u00e8ncies, Talent femen\u00ed, Opcional"},{"@type":"BreadcrumbList","@id":"https:\/\/www.50a50.org\/es\/serveis-empreses-liderant-sectors-economics-amb-talent-femeni-2\/#breadcrumblist","itemListElement":[{"@type":"ListItem","@id":"https:\/\/www.50a50.org\/es\/#listItem","position":1,"name":"Home","item":"https:\/\/www.50a50.org\/es\/","nextItem":{"@type":"ListItem","@id":"https:\/\/www.50a50.org\/es\/category\/activitats-es\/#listItem","name":"Actividades"}},{"@type":"ListItem","@id":"https:\/\/www.50a50.org\/es\/category\/activitats-es\/#listItem","position":2,"name":"Actividades","item":"https:\/\/www.50a50.org\/es\/category\/activitats-es\/","nextItem":{"@type":"ListItem","@id":"https:\/\/www.50a50.org\/es\/serveis-empreses-liderant-sectors-economics-amb-talent-femeni-2\/#listItem","name":"Sessi\u00f3 sobre serveis a les empreses, dins el cicle \u201cLiderant sectors econ\u00f2mics amb talent femen\u00ed\u201d"},"previousItem":{"@type":"ListItem","@id":"https:\/\/www.50a50.org\/es\/#listItem","name":"Home"}},{"@type":"ListItem","@id":"https:\/\/www.50a50.org\/es\/serveis-empreses-liderant-sectors-economics-amb-talent-femeni-2\/#listItem","position":3,"name":"Sessi\u00f3 sobre serveis a les empreses, dins el cicle \u201cLiderant sectors econ\u00f2mics amb talent femen\u00ed\u201d","previousItem":{"@type":"ListItem","@id":"https:\/\/www.50a50.org\/es\/category\/activitats-es\/#listItem","name":"Actividades"}}]},{"@type":"Organization","@id":"https:\/\/www.50a50.org\/es\/#organization","name":"50a50","description":"Dones directives i professionals per la paritat","url":"https:\/\/www.50a50.org\/es\/"},{"@type":"Person","@id":"https:\/\/www.50a50.org\/es\/author\/backoffice\/#author","url":"https:\/\/www.50a50.org\/es\/author\/backoffice\/","name":"50a50"},{"@type":"WebPage","@id":"https:\/\/www.50a50.org\/es\/serveis-empreses-liderant-sectors-economics-amb-talent-femeni-2\/#webpage","url":"https:\/\/www.50a50.org\/es\/serveis-empreses-liderant-sectors-economics-amb-talent-femeni-2\/","name":"Sessi\u00f3 sobre serveis a les empreses, dins el cicle \u201cLiderant sectors econ\u00f2mics amb talent femen\u00ed\u201d | 50a50","description":"El proper dijous, dia 20 de setembre, se celebra la segona sessi\u00f3 del cicle \u201cLiderant sectors econ\u00f2mics amb talent femen\u00ed\u201d, amb Silvia Sabri\u00e0, fundadora i CEO de Tick Translations; Isabel Mart\u00ednez-Cosentino Ramos, fundadora de Cross Cultural Solutions, i Livia Paretti, s\u00f2cia a Inmedia Solutions.","inLanguage":"es-ES","isPartOf":{"@id":"https:\/\/www.50a50.org\/es\/#website"},"breadcrumb":{"@id":"https:\/\/www.50a50.org\/es\/serveis-empreses-liderant-sectors-economics-amb-talent-femeni-2\/#breadcrumblist"},"author":{"@id":"https:\/\/www.50a50.org\/es\/author\/backoffice\/#author"},"creator":{"@id":"https:\/\/www.50a50.org\/es\/author\/backoffice\/#author"},"image":{"@type":"ImageObject","url":"https:\/\/www.50a50.org\/wp-content\/uploads\/2018\/09\/business-3656074_1920.jpg","@id":"https:\/\/www.50a50.org\/es\/serveis-empreses-liderant-sectors-economics-amb-talent-femeni-2\/#mainImage","width":1920,"height":1280},"primaryImageOfPage":{"@id":"https:\/\/www.50a50.org\/es\/serveis-empreses-liderant-sectors-economics-amb-talent-femeni-2\/#mainImage"},"datePublished":"2018-09-14T07:37:39+00:00","dateModified":"2018-09-18T19:08:26+00:00"},{"@type":"WebSite","@id":"https:\/\/www.50a50.org\/es\/#website","url":"https:\/\/www.50a50.org\/es\/","name":"50a50","description":"Dones directives i professionals per la paritat","inLanguage":"es-ES","publisher":{"@id":"https:\/\/www.50a50.org\/es\/#organization"}}]},"og:locale":"es_ES","og:site_name":"50a50 | Dones directives i professionals per la paritat","og:type":"article","og:title":"Sessi\u00f3 sobre serveis a les empreses, dins el cicle \u201cLiderant sectors econ\u00f2mics amb talent femen\u00ed\u201d | 50a50","og:description":"El proper dijous, dia 20 de setembre, se celebra la segona sessi\u00f3 del cicle \u201cLiderant sectors econ\u00f2mics amb talent femen\u00ed\u201d, amb Silvia Sabri\u00e0, fundadora i CEO de Tick Translations; Isabel Mart\u00ednez-Cosentino Ramos, fundadora de Cross Cultural Solutions, i Livia Paretti, s\u00f2cia a Inmedia Solutions.","og:url":"https:\/\/www.50a50.org\/es\/serveis-empreses-liderant-sectors-economics-amb-talent-femeni-2\/","article:published_time":"2018-09-14T07:37:39+00:00","article:modified_time":"2018-09-18T19:08:26+00:00","twitter:card":"summary","twitter:title":"Sessi\u00f3 sobre serveis a les empreses, dins el cicle \u201cLiderant sectors econ\u00f2mics amb talent femen\u00ed\u201d | 50a50","twitter:description":"El proper dijous, dia 20 de setembre, se celebra la segona sessi\u00f3 del cicle \u201cLiderant sectors econ\u00f2mics amb talent femen\u00ed\u201d, amb Silvia Sabri\u00e0, fundadora i CEO de Tick Translations; Isabel Mart\u00ednez-Cosentino Ramos, fundadora de Cross Cultural Solutions, i Livia Paretti, s\u00f2cia a Inmedia Solutions."},"aioseo_meta_data":{"post_id":"3021","title":"Sessi\u00f3 sobre serveis a les empreses, dins el cicle \u201cLiderant sectors econ\u00f2mics amb talent femen\u00ed\u201d | #site_title","description":"El proper dijous, dia 20 de setembre, se celebra la segona sessi\u00f3 del cicle \u201cLiderant sectors econ\u00f2mics amb talent femen\u00ed\u201d, amb Silvia Sabri\u00e0, fundadora i CEO de Tick Translations; Isabel Mart\u00ednez-Cosentino Ramos, fundadora de Cross Cultural Solutions, i Livia Paretti, s\u00f2cia a Inmedia Solutions.","keywords":null,"keyphrases":null,"primary_term":null,"canonical_url":null,"og_title":null,"og_description":null,"og_object_type":"default","og_image_type":"default","og_image_url":null,"og_image_width":null,"og_image_height":null,"og_image_custom_url":null,"og_image_custom_fields":null,"og_video":null,"og_custom_url":null,"og_article_section":null,"og_article_tags":null,"twitter_use_og":false,"twitter_card":"default","twitter_image_type":"default","twitter_image_url":null,"twitter_image_custom_url":null,"twitter_image_custom_fields":null,"twitter_title":null,"twitter_description":null,"schema":{"blockGraphs":[],"customGraphs":[],"default":{"data":{"Article":[],"Course":[],"Dataset":[],"FAQPage":[],"Movie":[],"Person":[],"Product":[],"ProductReview":[],"Car":[],"Recipe":[],"Service":[],"SoftwareApplication":[],"WebPage":[]},"graphName":"","isEnabled":true},"graphs":[]},"schema_type":null,"schema_type_options":null,"pillar_content":false,"robots_default":true,"robots_noindex":false,"robots_noarchive":false,"robots_nosnippet":false,"robots_nofollow":false,"robots_noimageindex":false,"robots_noodp":false,"robots_notranslate":false,"robots_max_snippet":null,"robots_max_videopreview":null,"robots_max_imagepreview":"large","priority":null,"frequency":null,"local_seo":null,"breadcrumb_settings":null,"limit_modified_date":false,"ai":null,"created":"2020-12-28 08:01:07","updated":"2025-06-10 13:25:20","seo_analyzer_scan_date":null,"focus_keyword":null,"additional_keywords":null,"truseo_locale":null},"aioseo_breadcrumb":"<div class=\"aioseo-breadcrumbs\"><span class=\"aioseo-breadcrumb\">\n\t\t\t<a href=\"https:\/\/www.50a50.org\/es\/\" title=\"Home\">Home<\/a>\n\t\t<\/span><span class=\"aioseo-breadcrumb-separator\">&raquo;<\/span><span class=\"aioseo-breadcrumb\">\n\t\t\t<a href=\"https:\/\/www.50a50.org\/es\/category\/activitats-es\/\" title=\"Actividades\">Actividades<\/a>\n\t\t<\/span><span class=\"aioseo-breadcrumb-separator\">&raquo;<\/span><span class=\"aioseo-breadcrumb\">\n\t\t\tSessi\u00f3 sobre serveis a les empreses, dins el cicle \u201cLiderant sectors econ\u00f2mics amb talent femen\u00ed\u201d\n\t\t<\/span><\/div>","aioseo_breadcrumb_json":[{"label":"Home","link":"https:\/\/www.50a50.org\/es\/"},{"label":"Actividades","link":"https:\/\/www.50a50.org\/es\/category\/activitats-es\/"},{"label":"Sessi\u00f3 sobre serveis a les empreses, dins el cicle \u201cLiderant sectors econ\u00f2mics amb talent femen\u00ed\u201d","link":"https:\/\/www.50a50.org\/es\/serveis-empreses-liderant-sectors-economics-amb-talent-femeni-2\/"}],"_links":{"self":[{"href":"https:\/\/www.50a50.org\/es\/wp-json\/wp\/v2\/posts\/3021","targetHints":{"allow":["GET"]}}],"collection":[{"href":"https:\/\/www.50a50.org\/es\/wp-json\/wp\/v2\/posts"}],"about":[{"href":"https:\/\/www.50a50.org\/es\/wp-json\/wp\/v2\/types\/post"}],"author":[{"embeddable":true,"href":"https:\/\/www.50a50.org\/es\/wp-json\/wp\/v2\/users\/1"}],"replies":[{"embeddable":true,"href":"https:\/\/www.50a50.org\/es\/wp-json\/wp\/v2\/comments?post=3021"}],"version-history":[{"count":0,"href":"https:\/\/www.50a50.org\/es\/wp-json\/wp\/v2\/posts\/3021\/revisions"}],"wp:featuredmedia":[{"embeddable":true,"href":"https:\/\/www.50a50.org\/es\/wp-json\/wp\/v2\/media\/3013"}],"wp:attachment":[{"href":"https:\/\/www.50a50.org\/es\/wp-json\/wp\/v2\/media?parent=3021"}],"wp:term":[{"taxonomy":"category","embeddable":true,"href":"https:\/\/www.50a50.org\/es\/wp-json\/wp\/v2\/categories?post=3021"},{"taxonomy":"post_tag","embeddable":true,"href":"https:\/\/www.50a50.org\/es\/wp-json\/wp\/v2\/tags?post=3021"}],"curies":[{"name":"wp","href":"https:\/\/api.w.org\/{rel}","templated":true}]}}