{"id":2773,"date":"2018-05-13T10:13:33","date_gmt":"2018-05-13T10:13:33","guid":{"rendered":"https:\/\/www.50a50.org\/?p=2773"},"modified":"2018-05-23T20:53:32","modified_gmt":"2018-05-23T20:53:32","slug":"1st-women-business-justice-european-forum","status":"publish","type":"post","link":"https:\/\/www.50a50.org\/es\/1st-women-business-justice-european-forum\/","title":{"rendered":"1st Women Business &#038; Justice European Forum"},"content":{"rendered":"<p><div class=\"fusion-fullwidth fullwidth-box fusion-builder-row-1 fusion-parallax-none nonhundred-percent-fullwidth non-hundred-percent-height-scrolling\" style=\"--awb-border-radius-top-left:0px;--awb-border-radius-top-right:0px;--awb-border-radius-bottom-right:0px;--awb-border-radius-bottom-left:0px;--awb-background-image:url(&quot;https:\/\/www.50a50.org\/wp-content\/uploads\/2018\/05\/Captura-de-pantalla-2018-05-13-a-las-11.09.02.png&quot;);--awb-background-size:cover;--awb-flex-wrap:wrap;\" ><div class=\"fusion-builder-row fusion-row\"><div class=\"fusion-layout-column fusion_builder_column fusion-builder-column-0 fusion_builder_column_1_1 1_1 fusion-one-full fusion-column-first fusion-column-last\" style=\"--awb-bg-size:cover;\"><div class=\"fusion-column-wrapper fusion-flex-column-wrapper-legacy\"><div class=\"fusion-sep-clear\"><\/div><div class=\"fusion-separator fusion-full-width-sep\" style=\"margin-left: auto;margin-right: auto;margin-bottom:450px;width:100%;\"><div class=\"fusion-separator-border sep-single\" style=\"--awb-height:20px;--awb-amount:20px;border-color:#e0dede;border-top-width:1px;\"><\/div><\/div><div class=\"fusion-sep-clear\"><\/div><div class=\"fusion-clearfix\"><\/div><\/div><\/div><\/div><\/div><div class=\"fusion-fullwidth fullwidth-box fusion-builder-row-2 nonhundred-percent-fullwidth non-hundred-percent-height-scrolling\" style=\"--awb-border-radius-top-left:0px;--awb-border-radius-top-right:0px;--awb-border-radius-bottom-right:0px;--awb-border-radius-bottom-left:0px;--awb-flex-wrap:wrap;\" ><div class=\"fusion-builder-row fusion-row\"><div class=\"fusion-layout-column fusion_builder_column fusion-builder-column-1 fusion_builder_column_1_5 1_5 fusion-one-fifth fusion-column-first\" style=\"--awb-bg-size:cover;width:20%;width:calc(20% - ( ( 4% + 4% ) * 0.2 ) );margin-right: 4%;\"><div class=\"fusion-column-wrapper fusion-flex-column-wrapper-legacy\"><div class=\"fusion-clearfix\"><\/div><\/div><\/div><div class=\"fusion-layout-column fusion_builder_column fusion-builder-column-2 fusion_builder_column_3_5 3_5 fusion-three-fifth\" style=\"--awb-bg-size:cover;width:60%;width:calc(60% - ( ( 4% + 4% ) * 0.6 ) );margin-right: 4%;\"><div class=\"fusion-column-wrapper fusion-flex-column-wrapper-legacy\"><div class=\"fusion-sep-clear\"><\/div><div class=\"fusion-separator fusion-full-width-sep\" style=\"margin-left: auto;margin-right: auto;margin-bottom:30px;width:100%;\"><\/div><div class=\"fusion-sep-clear\"><\/div><div class=\"fusion-text fusion-text-1\"><h3>1st Women Business &amp; Justice European Forum<\/h3>\n<p><b>7 y 8 de junio en el <a href=\"http:\/\/Col\u00b7legi de l'Advocacia de Barcelona\">Il\u00b7lustre Col\u00b7legi de l&#8217;Advocacia de Barcelona<\/a><\/b><\/p>\n<\/div><div class=\"fusion-video fusion-youtube fusion-aligncenter\" style=\"--awb-max-width:600px;--awb-max-height:360px;--awb-width:100%;\" data-autoplay=\"1\"><div class=\"video-shortcode\"><div class=\"fluid-width-video-wrapper\" style=\"padding-top:60%;\" ><iframe title=\"YouTube video player 1\" src=\"https:\/\/www.youtube.com\/embed\/5I3QN8FD0xI?wmode=transparent&autoplay=0\" width=\"600\" height=\"360\" allowfullscreen allow=\"autoplay; clipboard-write; encrypted-media; gyroscope; picture-in-picture;\"><\/iframe><\/div><\/div><\/div><div class=\"fusion-sep-clear\"><\/div><div class=\"fusion-separator fusion-full-width-sep\" style=\"margin-left: auto;margin-right: auto;margin-bottom:30px;width:100%;\"><\/div><div class=\"fusion-sep-clear\"><\/div><div class=\"fusion-text fusion-text-2\"><p>Los pr\u00f3ximos 7 y 8 de junio tendr\u00e1 lugar el 1st\u00a0Women Business &amp; Justice European Forum el cual se celebrar\u00e1 en el Il\u00b7lustre Col\u00b7legi de la Abogacia de Barcelona.<\/p>\n<p>La Asociaci\u00f3n 50a50 junto con el<em><a href=\"https:\/\/www.icab.es\/?go=eaf9d1a0ec5f1dc58757ad6cffdacedb1a58854a600312cc9bf3b0bddd4b07922a00ddede8c5876912fe02d8010920258cf9d14bb463e739077977606a16d2ef\"> ICAB<\/a><\/em>, el <a href=\"http:\/\/www.donaempresaeconomia.org\"><em>Observatori Dona Empresa i Economia<\/em><\/a>, el <a href=\"https:\/\/women360congress.com\"><em>Women 360 Comgress<\/em><\/a> y el <a href=\"https:\/\/twitter.com\/FCBfemeni\"><em>FCB Femen\u00ed,<\/em><\/a> hemos creado este forum con el fin de visualizar el papel crucial y tan necesario de la mujer en el mundo profesional, deportivo y tambi\u00e9n en la justicia.<\/p>\n<\/div><div class=\"fusion-sep-clear\"><\/div><div class=\"fusion-separator\" style=\"margin-left: auto;margin-right: auto;margin-bottom:30px;width:100%;max-width:200px;\"><div class=\"fusion-separator-border sep-single sep-solid\" style=\"--awb-height:20px;--awb-amount:20px;--awb-sep-color:#cad104;border-color:#cad104;border-top-width:1px;\"><\/div><\/div><div class=\"fusion-sep-clear\"><\/div><div class=\"fusion-text fusion-text-3\"><blockquote>\n<p style=\"text-align: center;\"><strong>Construir una societat 50a50, \u00e9s construir una societat m\u00e9s justa.<\/strong><\/p>\n<\/blockquote>\n<\/div><div class=\"fusion-sep-clear\"><\/div><div class=\"fusion-separator\" style=\"margin-left: auto;margin-right: auto;margin-bottom:30px;width:100%;max-width:200px;\"><div class=\"fusion-separator-border sep-single sep-solid\" style=\"--awb-height:20px;--awb-amount:20px;--awb-sep-color:#cad104;border-color:#cad104;border-top-width:1px;\"><\/div><\/div><div class=\"fusion-sep-clear\"><\/div><div class=\"fusion-text fusion-text-4\"><p>Queremos promover acciones para fortalecer redes de liderazgo femenino y generar alianzas para crear una sociedad 50a50.<\/p>\n<p>Desc\u00e1rgate el programa: <a class=\"twitter-timeline-link\" dir=\"ltr\" title=\"http:\/\/bit.ly\/2IAmFRH\" href=\"https:\/\/t.co\/xkY1lkwWaT\" target=\"_blank\" rel=\"nofollow noopener\" data-expanded-url=\"http:\/\/bit.ly\/2IAmFRH\"><span class=\"js-display-url\">bit.ly\/2IAmFRH<\/span><span class=\"tco-ellipsis\"><span class=\"invisible\">\u00a0<\/span><\/span><\/a><\/p>\n<\/div><div class=\"fusion-text fusion-text-5\"><h3 style=\"text-align: center;\"><strong>#TimeIsNow \u00a0\u00a0<\/strong><strong>#TalentFemen\u00ed<\/strong><\/h3>\n<\/div><div class=\"fusion-countdown fusion-countdown-1 fusion-countdown-floated fusion-countdown-label-text_flow\" style=\"--awb-background:#cad104;--awb-counter-border-size:0;\"><div class=\"fusion-countdown-wrapper\"><div class=\"fusion-countdown-counter-wrapper awb-flex-grow\" id=\"fusion-countdown-1\" data-gmt-offset=\"0\" data-timer=\"2018-06-07-17-00-00\" data-omit-weeks=\"1\"><div class=\"fusion-dash-wrapper \"><div class=\"fusion-dash fusion-dash-days\"><div class=\"fusion-digit-wrapper\"><div class=\"fusion-thousand-digit fusion-digit\">0<\/div><div class=\"fusion-hundred-digit fusion-digit\">0<\/div><div class=\"fusion-digit\">0<\/div><div class=\"fusion-digit\">0<\/div><\/div><div class=\"fusion-dash-title\">Days<\/div><\/div><\/div><div class=\"fusion-dash-wrapper \"><div class=\"fusion-dash fusion-dash-hours\"><div class=\"fusion-digit-wrapper\"><div class=\"fusion-digit\">0<\/div><div class=\"fusion-digit\">0<\/div><\/div><div class=\"fusion-dash-title\">Hrs<\/div><\/div><\/div><div class=\"fusion-dash-wrapper \"><div class=\"fusion-dash fusion-dash-minutes\"><div class=\"fusion-digit-wrapper\"><div class=\"fusion-digit\">0<\/div><div class=\"fusion-digit\">0<\/div><\/div><div class=\"fusion-dash-title\">Min<\/div><\/div><\/div><div class=\"fusion-dash-wrapper \"><div class=\"fusion-dash fusion-dash-seconds\"><div class=\"fusion-digit-wrapper\"><div class=\"fusion-digit\">0<\/div><div class=\"fusion-digit\">0<\/div><\/div><div class=\"fusion-dash-title\">Sec<\/div><\/div><\/div><\/div><\/div><\/div><div class=\"fusion-sep-clear\"><\/div><div class=\"fusion-separator fusion-full-width-sep\" style=\"margin-left: auto;margin-right: auto;margin-bottom:50px;width:100%;\"><\/div><div class=\"fusion-sep-clear\"><\/div><div class=\"fusion-aligncenter\"><a class=\"fusion-button button-flat fusion-button-default-size button-default fusion-button-default button-1 fusion-button-default-span fusion-button-default-type\" target=\"_self\" href=\"https:\/\/www.icab.es\/?go=eaf9d1a0ec5f1dc58757ad6cffdacedb1a58854a600312cccabe27fca69cffc337d55782188395e5767312dd83b6e55d06c7cfcb51bc8c992cfcc703bc03b8f2fdd20d2815d79de1\"><span class=\"fusion-button-text awb-button__text awb-button__text--default\">Inscr\u00edbete!<\/span><\/a><\/div><div class=\"fusion-clearfix\"><\/div><\/div><\/div><div class=\"fusion-layout-column fusion_builder_column fusion-builder-column-3 fusion_builder_column_1_5 1_5 fusion-one-fifth fusion-column-last\" style=\"--awb-bg-size:cover;width:20%;width:calc(20% - ( ( 4% + 4% ) * 0.2 ) );\"><div class=\"fusion-column-wrapper fusion-flex-column-wrapper-legacy\"><div class=\"fusion-clearfix\"><\/div><\/div><\/div><\/div><\/div><\/p>\n","protected":false},"excerpt":{"rendered":"<p>La Asociaci\u00f3n 50a50 junto con el ICAB, el Observatori Dona Empresa i Economia, el Women 360 Comgress y el FCB Femen\u00ed, hemos creado este forum con el fin de visualizar el papel crucial y tan necesario de la mujer en el mundo profesional, deportivo y tambi\u00e9n en la justicia.<\/p>\n","protected":false},"author":1,"featured_media":2765,"comment_status":"closed","ping_status":"closed","sticky":false,"template":"","format":"standard","meta":{"footnotes":""},"categories":[215],"tags":[],"class_list":["post-2773","post","type-post","status-publish","format-standard","has-post-thumbnail","hentry","category-actividades"],"aioseo_notices":[],"aioseo_head":"\n\t\t<!-- All in One SEO 5.0.0.1 - aioseo.com -->\n\t<meta name=\"description\" content=\"Los pr\u00f3ximos 7 y 8 de junto tendr\u00e1 lugar el 1st Women Business &amp; Justice European Forum el cual se celebrar\u00e1 en el I\u00b7lustre Colegi de la Abogacia de Barcelona.\" \/>\n\t<meta name=\"robots\" content=\"max-image-preview:large\" \/>\n\t<meta name=\"author\" content=\"50a50\"\/>\n\t<link rel=\"canonical\" href=\"https:\/\/www.50a50.org\/es\/1st-women-business-justice-european-forum\/\" \/>\n\t<meta name=\"generator\" content=\"All in One SEO (AIOSEO) 5.0.0.1\" \/>\n\t\t<meta property=\"og:locale\" content=\"es_ES\" \/>\n\t\t<meta property=\"og:site_name\" content=\"50a50 | Dones directives i professionals per la paritat\" \/>\n\t\t<meta property=\"og:type\" content=\"article\" \/>\n\t\t<meta property=\"og:title\" content=\"1st Women Business &amp; Justice European Forum | 50a50\" \/>\n\t\t<meta property=\"og:description\" content=\"Los pr\u00f3ximos 7 y 8 de junto tendr\u00e1 lugar el 1st Women Business &amp; Justice European Forum el cual se celebrar\u00e1 en el I\u00b7lustre Colegi de la Abogacia de Barcelona.\" \/>\n\t\t<meta property=\"og:url\" content=\"https:\/\/www.50a50.org\/es\/1st-women-business-justice-european-forum\/\" \/>\n\t\t<meta property=\"article:published_time\" content=\"2018-05-13T10:13:33+00:00\" \/>\n\t\t<meta property=\"article:modified_time\" content=\"2018-05-23T20:53:32+00:00\" \/>\n\t\t<meta name=\"twitter:card\" content=\"summary\" \/>\n\t\t<meta name=\"twitter:title\" content=\"1st Women Business &amp; Justice European Forum | 50a50\" \/>\n\t\t<meta name=\"twitter:description\" content=\"Los pr\u00f3ximos 7 y 8 de junto tendr\u00e1 lugar el 1st Women Business &amp; Justice European Forum el cual se celebrar\u00e1 en el I\u00b7lustre Colegi de la Abogacia de Barcelona.\" \/>\n\t\t<script type=\"application\/ld+json\" class=\"aioseo-schema\">\n\t\t\t{\"@context\":\"https:\\\/\\\/schema.org\",\"@graph\":[{\"@type\":\"Article\",\"@id\":\"https:\\\/\\\/www.50a50.org\\\/es\\\/1st-women-business-justice-european-forum\\\/#article\",\"name\":\"1st Women Business & Justice European Forum | 50a50\",\"headline\":\"1st Women Business &#038; Justice European Forum\",\"author\":{\"@id\":\"https:\\\/\\\/www.50a50.org\\\/es\\\/author\\\/backoffice\\\/#author\"},\"publisher\":{\"@id\":\"https:\\\/\\\/www.50a50.org\\\/es\\\/#organization\"},\"image\":{\"@type\":\"ImageObject\",\"url\":\"https:\\\/\\\/www.50a50.org\\\/wp-content\\\/uploads\\\/2018\\\/05\\\/Imate-TW.jpg\",\"width\":520,\"height\":523,\"caption\":\"1st Women Business & Justice European\"},\"datePublished\":\"2018-05-13T10:13:33+00:00\",\"dateModified\":\"2018-05-23T20:53:32+00:00\",\"inLanguage\":\"es-ES\",\"mainEntityOfPage\":{\"@id\":\"https:\\\/\\\/www.50a50.org\\\/es\\\/1st-women-business-justice-european-forum\\\/#webpage\"},\"isPartOf\":{\"@id\":\"https:\\\/\\\/www.50a50.org\\\/es\\\/1st-women-business-justice-european-forum\\\/#webpage\"},\"articleSection\":\"Actividades\"},{\"@type\":\"BreadcrumbList\",\"@id\":\"https:\\\/\\\/www.50a50.org\\\/es\\\/1st-women-business-justice-european-forum\\\/#breadcrumblist\",\"itemListElement\":[{\"@type\":\"ListItem\",\"@id\":\"https:\\\/\\\/www.50a50.org\\\/es\\\/#listItem\",\"position\":1,\"name\":\"Home\",\"item\":\"https:\\\/\\\/www.50a50.org\\\/es\\\/\",\"nextItem\":{\"@type\":\"ListItem\",\"@id\":\"https:\\\/\\\/www.50a50.org\\\/es\\\/category\\\/actividades\\\/#listItem\",\"name\":\"Actividades\"}},{\"@type\":\"ListItem\",\"@id\":\"https:\\\/\\\/www.50a50.org\\\/es\\\/category\\\/actividades\\\/#listItem\",\"position\":2,\"name\":\"Actividades\",\"item\":\"https:\\\/\\\/www.50a50.org\\\/es\\\/category\\\/actividades\\\/\",\"nextItem\":{\"@type\":\"ListItem\",\"@id\":\"https:\\\/\\\/www.50a50.org\\\/es\\\/1st-women-business-justice-european-forum\\\/#listItem\",\"name\":\"1st Women Business &#038; Justice European Forum\"},\"previousItem\":{\"@type\":\"ListItem\",\"@id\":\"https:\\\/\\\/www.50a50.org\\\/es\\\/#listItem\",\"name\":\"Home\"}},{\"@type\":\"ListItem\",\"@id\":\"https:\\\/\\\/www.50a50.org\\\/es\\\/1st-women-business-justice-european-forum\\\/#listItem\",\"position\":3,\"name\":\"1st Women Business &#038; Justice European Forum\",\"previousItem\":{\"@type\":\"ListItem\",\"@id\":\"https:\\\/\\\/www.50a50.org\\\/es\\\/category\\\/actividades\\\/#listItem\",\"name\":\"Actividades\"}}]},{\"@type\":\"Organization\",\"@id\":\"https:\\\/\\\/www.50a50.org\\\/es\\\/#organization\",\"name\":\"50a50\",\"description\":\"Dones directives i professionals per la paritat\",\"url\":\"https:\\\/\\\/www.50a50.org\\\/es\\\/\"},{\"@type\":\"Person\",\"@id\":\"https:\\\/\\\/www.50a50.org\\\/es\\\/author\\\/backoffice\\\/#author\",\"url\":\"https:\\\/\\\/www.50a50.org\\\/es\\\/author\\\/backoffice\\\/\",\"name\":\"50a50\"},{\"@type\":\"WebPage\",\"@id\":\"https:\\\/\\\/www.50a50.org\\\/es\\\/1st-women-business-justice-european-forum\\\/#webpage\",\"url\":\"https:\\\/\\\/www.50a50.org\\\/es\\\/1st-women-business-justice-european-forum\\\/\",\"name\":\"1st Women Business & Justice European Forum | 50a50\",\"description\":\"Los pr\\u00f3ximos 7 y 8 de junto tendr\\u00e1 lugar el 1st Women Business & Justice European Forum el cual se celebrar\\u00e1 en el I\\u00b7lustre Colegi de la Abogacia de Barcelona.\",\"inLanguage\":\"es-ES\",\"isPartOf\":{\"@id\":\"https:\\\/\\\/www.50a50.org\\\/es\\\/#website\"},\"breadcrumb\":{\"@id\":\"https:\\\/\\\/www.50a50.org\\\/es\\\/1st-women-business-justice-european-forum\\\/#breadcrumblist\"},\"author\":{\"@id\":\"https:\\\/\\\/www.50a50.org\\\/es\\\/author\\\/backoffice\\\/#author\"},\"creator\":{\"@id\":\"https:\\\/\\\/www.50a50.org\\\/es\\\/author\\\/backoffice\\\/#author\"},\"image\":{\"@type\":\"ImageObject\",\"url\":\"https:\\\/\\\/www.50a50.org\\\/wp-content\\\/uploads\\\/2018\\\/05\\\/Imate-TW.jpg\",\"@id\":\"https:\\\/\\\/www.50a50.org\\\/es\\\/1st-women-business-justice-european-forum\\\/#mainImage\",\"width\":520,\"height\":523,\"caption\":\"1st Women Business & Justice European\"},\"primaryImageOfPage\":{\"@id\":\"https:\\\/\\\/www.50a50.org\\\/es\\\/1st-women-business-justice-european-forum\\\/#mainImage\"},\"datePublished\":\"2018-05-13T10:13:33+00:00\",\"dateModified\":\"2018-05-23T20:53:32+00:00\"},{\"@type\":\"WebSite\",\"@id\":\"https:\\\/\\\/www.50a50.org\\\/es\\\/#website\",\"url\":\"https:\\\/\\\/www.50a50.org\\\/es\\\/\",\"name\":\"50a50\",\"description\":\"Dones directives i professionals per la paritat\",\"inLanguage\":\"es-ES\",\"publisher\":{\"@id\":\"https:\\\/\\\/www.50a50.org\\\/es\\\/#organization\"}}]}\n\t\t<\/script>\n\t\t<!-- All in One SEO -->\n\n","aioseo_head_json":{"title":"1st Women Business & Justice European Forum | 50a50","description":"Los pr\u00f3ximos 7 y 8 de junto tendr\u00e1 lugar el 1st Women Business & Justice European Forum el cual se celebrar\u00e1 en el I\u00b7lustre Colegi de la Abogacia de Barcelona.","canonical_url":"https:\/\/www.50a50.org\/es\/1st-women-business-justice-european-forum\/","robots":"max-image-preview:large","keywords":"","webmasterTools":{"miscellaneous":""},"schema":{"@context":"https:\/\/schema.org","@graph":[{"@type":"Article","@id":"https:\/\/www.50a50.org\/es\/1st-women-business-justice-european-forum\/#article","name":"1st Women Business & Justice European Forum | 50a50","headline":"1st Women Business &#038; Justice European Forum","author":{"@id":"https:\/\/www.50a50.org\/es\/author\/backoffice\/#author"},"publisher":{"@id":"https:\/\/www.50a50.org\/es\/#organization"},"image":{"@type":"ImageObject","url":"https:\/\/www.50a50.org\/wp-content\/uploads\/2018\/05\/Imate-TW.jpg","width":520,"height":523,"caption":"1st Women Business & Justice European"},"datePublished":"2018-05-13T10:13:33+00:00","dateModified":"2018-05-23T20:53:32+00:00","inLanguage":"es-ES","mainEntityOfPage":{"@id":"https:\/\/www.50a50.org\/es\/1st-women-business-justice-european-forum\/#webpage"},"isPartOf":{"@id":"https:\/\/www.50a50.org\/es\/1st-women-business-justice-european-forum\/#webpage"},"articleSection":"Actividades"},{"@type":"BreadcrumbList","@id":"https:\/\/www.50a50.org\/es\/1st-women-business-justice-european-forum\/#breadcrumblist","itemListElement":[{"@type":"ListItem","@id":"https:\/\/www.50a50.org\/es\/#listItem","position":1,"name":"Home","item":"https:\/\/www.50a50.org\/es\/","nextItem":{"@type":"ListItem","@id":"https:\/\/www.50a50.org\/es\/category\/actividades\/#listItem","name":"Actividades"}},{"@type":"ListItem","@id":"https:\/\/www.50a50.org\/es\/category\/actividades\/#listItem","position":2,"name":"Actividades","item":"https:\/\/www.50a50.org\/es\/category\/actividades\/","nextItem":{"@type":"ListItem","@id":"https:\/\/www.50a50.org\/es\/1st-women-business-justice-european-forum\/#listItem","name":"1st Women Business &#038; Justice European Forum"},"previousItem":{"@type":"ListItem","@id":"https:\/\/www.50a50.org\/es\/#listItem","name":"Home"}},{"@type":"ListItem","@id":"https:\/\/www.50a50.org\/es\/1st-women-business-justice-european-forum\/#listItem","position":3,"name":"1st Women Business &#038; Justice European Forum","previousItem":{"@type":"ListItem","@id":"https:\/\/www.50a50.org\/es\/category\/actividades\/#listItem","name":"Actividades"}}]},{"@type":"Organization","@id":"https:\/\/www.50a50.org\/es\/#organization","name":"50a50","description":"Dones directives i professionals per la paritat","url":"https:\/\/www.50a50.org\/es\/"},{"@type":"Person","@id":"https:\/\/www.50a50.org\/es\/author\/backoffice\/#author","url":"https:\/\/www.50a50.org\/es\/author\/backoffice\/","name":"50a50"},{"@type":"WebPage","@id":"https:\/\/www.50a50.org\/es\/1st-women-business-justice-european-forum\/#webpage","url":"https:\/\/www.50a50.org\/es\/1st-women-business-justice-european-forum\/","name":"1st Women Business & Justice European Forum | 50a50","description":"Los pr\u00f3ximos 7 y 8 de junto tendr\u00e1 lugar el 1st Women Business & Justice European Forum el cual se celebrar\u00e1 en el I\u00b7lustre Colegi de la Abogacia de Barcelona.","inLanguage":"es-ES","isPartOf":{"@id":"https:\/\/www.50a50.org\/es\/#website"},"breadcrumb":{"@id":"https:\/\/www.50a50.org\/es\/1st-women-business-justice-european-forum\/#breadcrumblist"},"author":{"@id":"https:\/\/www.50a50.org\/es\/author\/backoffice\/#author"},"creator":{"@id":"https:\/\/www.50a50.org\/es\/author\/backoffice\/#author"},"image":{"@type":"ImageObject","url":"https:\/\/www.50a50.org\/wp-content\/uploads\/2018\/05\/Imate-TW.jpg","@id":"https:\/\/www.50a50.org\/es\/1st-women-business-justice-european-forum\/#mainImage","width":520,"height":523,"caption":"1st Women Business & Justice European"},"primaryImageOfPage":{"@id":"https:\/\/www.50a50.org\/es\/1st-women-business-justice-european-forum\/#mainImage"},"datePublished":"2018-05-13T10:13:33+00:00","dateModified":"2018-05-23T20:53:32+00:00"},{"@type":"WebSite","@id":"https:\/\/www.50a50.org\/es\/#website","url":"https:\/\/www.50a50.org\/es\/","name":"50a50","description":"Dones directives i professionals per la paritat","inLanguage":"es-ES","publisher":{"@id":"https:\/\/www.50a50.org\/es\/#organization"}}]},"og:locale":"es_ES","og:site_name":"50a50 | Dones directives i professionals per la paritat","og:type":"article","og:title":"1st Women Business &amp; Justice European Forum | 50a50","og:description":"Los pr\u00f3ximos 7 y 8 de junto tendr\u00e1 lugar el 1st Women Business &amp; Justice European Forum el cual se celebrar\u00e1 en el I\u00b7lustre Colegi de la Abogacia de Barcelona.","og:url":"https:\/\/www.50a50.org\/es\/1st-women-business-justice-european-forum\/","article:published_time":"2018-05-13T10:13:33+00:00","article:modified_time":"2018-05-23T20:53:32+00:00","twitter:card":"summary","twitter:title":"1st Women Business &amp; Justice European Forum | 50a50","twitter:description":"Los pr\u00f3ximos 7 y 8 de junto tendr\u00e1 lugar el 1st Women Business &amp; Justice European Forum el cual se celebrar\u00e1 en el I\u00b7lustre Colegi de la Abogacia de Barcelona."},"aioseo_meta_data":{"post_id":"2773","title":"1st Women Business &amp; Justice European Forum | #site_title","description":"Los pr\u00f3ximos 7 y 8 de junto tendr\u00e1 lugar el 1st Women Business &amp; Justice European Forum el cual se celebrar\u00e1 en el I\u00b7lustre Colegi de la Abogacia de Barcelona.","keywords":null,"keyphrases":null,"primary_term":null,"canonical_url":null,"og_title":null,"og_description":null,"og_object_type":"default","og_image_type":"default","og_image_url":null,"og_image_width":null,"og_image_height":null,"og_image_custom_url":null,"og_image_custom_fields":null,"og_video":null,"og_custom_url":null,"og_article_section":null,"og_article_tags":null,"twitter_use_og":false,"twitter_card":"default","twitter_image_type":"default","twitter_image_url":null,"twitter_image_custom_url":null,"twitter_image_custom_fields":null,"twitter_title":null,"twitter_description":null,"schema":{"blockGraphs":[],"customGraphs":[],"default":{"data":{"Article":[],"Course":[],"Dataset":[],"FAQPage":[],"Movie":[],"Person":[],"Product":[],"ProductReview":[],"Car":[],"Recipe":[],"Service":[],"SoftwareApplication":[],"WebPage":[]},"graphName":"","isEnabled":true},"graphs":[]},"schema_type":null,"schema_type_options":null,"pillar_content":false,"robots_default":true,"robots_noindex":false,"robots_noarchive":false,"robots_nosnippet":false,"robots_nofollow":false,"robots_noimageindex":false,"robots_noodp":false,"robots_notranslate":false,"robots_max_snippet":null,"robots_max_videopreview":null,"robots_max_imagepreview":"large","priority":null,"frequency":null,"local_seo":null,"breadcrumb_settings":null,"limit_modified_date":false,"ai":null,"created":"2020-12-28 08:01:07","updated":"2025-06-10 13:18:34","seo_analyzer_scan_date":null,"focus_keyword":null,"additional_keywords":null,"truseo_locale":null},"aioseo_breadcrumb":"<div class=\"aioseo-breadcrumbs\"><span class=\"aioseo-breadcrumb\">\n\t\t\t<a href=\"https:\/\/www.50a50.org\/es\/\" title=\"Home\">Home<\/a>\n\t\t<\/span><span class=\"aioseo-breadcrumb-separator\">&raquo;<\/span><span class=\"aioseo-breadcrumb\">\n\t\t\t<a href=\"https:\/\/www.50a50.org\/es\/category\/actividades\/\" title=\"Actividades\">Actividades<\/a>\n\t\t<\/span><span class=\"aioseo-breadcrumb-separator\">&raquo;<\/span><span class=\"aioseo-breadcrumb\">\n\t\t\t1st Women Business &amp; Justice European Forum\n\t\t<\/span><\/div>","aioseo_breadcrumb_json":[{"label":"Home","link":"https:\/\/www.50a50.org\/es\/"},{"label":"Actividades","link":"https:\/\/www.50a50.org\/es\/category\/actividades\/"},{"label":"1st Women Business &#038; Justice European Forum","link":"https:\/\/www.50a50.org\/es\/1st-women-business-justice-european-forum\/"}],"_links":{"self":[{"href":"https:\/\/www.50a50.org\/es\/wp-json\/wp\/v2\/posts\/2773","targetHints":{"allow":["GET"]}}],"collection":[{"href":"https:\/\/www.50a50.org\/es\/wp-json\/wp\/v2\/posts"}],"about":[{"href":"https:\/\/www.50a50.org\/es\/wp-json\/wp\/v2\/types\/post"}],"author":[{"embeddable":true,"href":"https:\/\/www.50a50.org\/es\/wp-json\/wp\/v2\/users\/1"}],"replies":[{"embeddable":true,"href":"https:\/\/www.50a50.org\/es\/wp-json\/wp\/v2\/comments?post=2773"}],"version-history":[{"count":0,"href":"https:\/\/www.50a50.org\/es\/wp-json\/wp\/v2\/posts\/2773\/revisions"}],"wp:featuredmedia":[{"embeddable":true,"href":"https:\/\/www.50a50.org\/es\/wp-json\/wp\/v2\/media\/2765"}],"wp:attachment":[{"href":"https:\/\/www.50a50.org\/es\/wp-json\/wp\/v2\/media?parent=2773"}],"wp:term":[{"taxonomy":"category","embeddable":true,"href":"https:\/\/www.50a50.org\/es\/wp-json\/wp\/v2\/categories?post=2773"},{"taxonomy":"post_tag","embeddable":true,"href":"https:\/\/www.50a50.org\/es\/wp-json\/wp\/v2\/tags?post=2773"}],"curies":[{"name":"wp","href":"https:\/\/api.w.org\/{rel}","templated":true}]}}