{"id":2596,"date":"2018-04-12T16:12:43","date_gmt":"2018-04-12T16:12:43","guid":{"rendered":"https:\/\/www.50a50.org\/?p=2596"},"modified":"2018-04-12T16:12:43","modified_gmt":"2018-04-12T16:12:43","slug":"la-pobreza-femenina-no-se-resolvera-con-la-recuperacion-economica","status":"publish","type":"post","link":"https:\/\/www.50a50.org\/es\/la-pobreza-femenina-no-se-resolvera-con-la-recuperacion-economica\/","title":{"rendered":"La pobreza femenina no se resolver\u00e1 con la recuperaci\u00f3n econ\u00f3mica"},"content":{"rendered":"<p><div class=\"fusion-fullwidth fullwidth-box fusion-builder-row-1 fusion-parallax-none nonhundred-percent-fullwidth non-hundred-percent-height-scrolling\" style=\"--awb-border-radius-top-left:0px;--awb-border-radius-top-right:0px;--awb-border-radius-bottom-right:0px;--awb-border-radius-bottom-left:0px;--awb-background-image:url(&quot;https:\/\/www.50a50.org\/wp-content\/uploads\/2018\/04\/Pobresa-femenina-i-recuperaci\u00f3-econ\u00f2mica.jpg&quot;);--awb-background-size:cover;--awb-flex-wrap:wrap;\" ><div class=\"fusion-builder-row fusion-row\"><div class=\"fusion-layout-column fusion_builder_column fusion-builder-column-0 fusion_builder_column_1_1 1_1 fusion-one-full fusion-column-first fusion-column-last\" style=\"--awb-padding-top:;--awb-padding-right:;--awb-padding-bottom:;--awb-padding-left:;--awb-bg-size:cover;\"><div class=\"fusion-column-wrapper fusion-flex-column-wrapper-legacy\"><div class=\"fusion-sep-clear\"><\/div><div class=\"fusion-separator fusion-full-width-sep\" style=\"margin-left: auto;margin-right: auto;margin-bottom:450px;width:100%;\"><\/div><div class=\"fusion-sep-clear\"><\/div><div class=\"fusion-clearfix\"><\/div><\/div><\/div><\/div><\/div><div class=\"fusion-fullwidth fullwidth-box fusion-builder-row-2 nonhundred-percent-fullwidth non-hundred-percent-height-scrolling\" style=\"--awb-border-radius-top-left:0px;--awb-border-radius-top-right:0px;--awb-border-radius-bottom-right:0px;--awb-border-radius-bottom-left:0px;--awb-flex-wrap:wrap;\" ><div class=\"fusion-builder-row fusion-row\"><div class=\"fusion-layout-column fusion_builder_column fusion-builder-column-1 fusion_builder_column_1_5 1_5 fusion-one-fifth fusion-column-first\" style=\"--awb-padding-top:;--awb-padding-right:;--awb-padding-bottom:;--awb-padding-left:;--awb-bg-size:cover;width:20%;width:calc(20% - ( ( 4% + 4% ) * 0.2 ) );margin-right: 4%;\"><div class=\"fusion-column-wrapper fusion-flex-column-wrapper-legacy\"><div class=\"fusion-clearfix\"><\/div><\/div><\/div><div class=\"fusion-layout-column fusion_builder_column fusion-builder-column-2 fusion_builder_column_3_5 3_5 fusion-three-fifth\" style=\"--awb-padding-top:;--awb-padding-right:;--awb-padding-bottom:;--awb-padding-left:;--awb-bg-size:cover;width:60%;width:calc(60% - ( ( 4% + 4% ) * 0.6 ) );margin-right: 4%;\"><div class=\"fusion-column-wrapper fusion-flex-column-wrapper-legacy\"><div class=\"fusion-sep-clear\"><\/div><div class=\"fusion-separator fusion-full-width-sep\" style=\"margin-left: auto;margin-right: auto;margin-bottom:30px;width:100%;\"><\/div><div class=\"fusion-sep-clear\"><\/div><div class=\"fusion-text fusion-text-1\"><h3>La pobreza femenina no se resolver\u00e1 con la recuperaci\u00f3n econ\u00f3mica<\/h3>\n<p>Art\u00edculo de opini\u00f3n de Carmen Poveda en <a href=\"https:\/\/www.elperiodico.com\/es\/opinion\/20180411\/la-pobreza-femenina-no-se-resolvera-con-la-recuperacion-economica-6751092\">El Peri\u00f3dico<\/a><\/p>\n<p>Directora de An\u00e1lisis Econ\u00f3mico de la C\u00e1mara de Comercio de Barcelona<\/p>\n<\/div><div class=\"fusion-image-element in-legacy-container\" style=\"--awb-caption-title-font-family:var(--h2_typography-font-family);--awb-caption-title-font-weight:var(--h2_typography-font-weight);--awb-caption-title-font-style:var(--h2_typography-font-style);--awb-caption-title-size:var(--h2_typography-font-size);--awb-caption-title-transform:var(--h2_typography-text-transform);--awb-caption-title-line-height:var(--h2_typography-line-height);--awb-caption-title-letter-spacing:var(--h2_typography-letter-spacing);\"><span class=\" fusion-imageframe imageframe-none imageframe-1 hover-type-none\"><img decoding=\"async\" width=\"2000\" height=\"2997\" alt=\"La pobreza femenina no se resolver\u00e1 con la recuperaci\u00f3n econ\u00f3mica\" title=\"La pobreza femenina no se resolver\u00e1 con la recuperaci\u00f3n econ\u00f3mica\" src=\"https:\/\/www.50a50.org\/wp-content\/uploads\/2018\/04\/Carme-Poveda-1.jpg\" class=\"img-responsive wp-image-2586\" srcset=\"https:\/\/www.50a50.org\/wp-content\/uploads\/2018\/04\/Carme-Poveda-1-200x300.jpg 200w, https:\/\/www.50a50.org\/wp-content\/uploads\/2018\/04\/Carme-Poveda-1-400x599.jpg 400w, https:\/\/www.50a50.org\/wp-content\/uploads\/2018\/04\/Carme-Poveda-1-600x899.jpg 600w, https:\/\/www.50a50.org\/wp-content\/uploads\/2018\/04\/Carme-Poveda-1-800x1199.jpg 800w, https:\/\/www.50a50.org\/wp-content\/uploads\/2018\/04\/Carme-Poveda-1-1200x1798.jpg 1200w, https:\/\/www.50a50.org\/wp-content\/uploads\/2018\/04\/Carme-Poveda-1.jpg 2000w\" sizes=\"(max-width: 1024px) 100vw, 800px\" \/><\/span><\/div><div class=\"fusion-sep-clear\"><\/div><div class=\"fusion-separator fusion-full-width-sep\" style=\"margin-left: auto;margin-right: auto;margin-bottom:30px;width:100%;\"><\/div><div class=\"fusion-sep-clear\"><\/div><div class=\"fusion-sep-clear\"><\/div><div class=\"fusion-separator fusion-clearfix\" style=\"float:left;margin-bottom:30px;width:100%;max-width:250px;\"><div class=\"fusion-separator-border sep-single sep-solid\" style=\"--awb-height:20px;--awb-amount:20px;--awb-sep-color:#cad104;border-color:#cad104;border-top-width:3px;\"><\/div><\/div><div class=\"fusion-sep-clear\"><\/div><div class=\"fusion-text fusion-text-2\"><p>Pensar que la\u00a0<strong>pobreza femenina<\/strong>\u00a0disminuir\u00e1 solo con la\u00a0<strong>recuperaci\u00f3n econ\u00f3mica<\/strong>\u00a0es uno de los primeros convencionalismos que debemos romper. La\u00a0<strong>tasa de riesgo de pobreza<\/strong>\u00a0-medida como el porcentaje de poblaci\u00f3n que tiene unos\u00a0<strong>ingresos inferiores al 60% de la mediana<\/strong>&#8211; es sistem\u00e1ticamente superior en las caso de las\u00a0<strong>mujeres\u00a0<\/strong>a lo largo del periodo 2003-2016 (con excepci\u00f3n del 2013) y, adem\u00e1s, tiene un menor car\u00e1cter c\u00edclico.<\/p>\n<p>La raz\u00f3n es que los\u00a0<strong>hombres\u00a0<\/strong>tienen una mayor vinculaci\u00f3n con el<strong>\u00a0mercado laboral<\/strong>, por tanto est\u00e1n m\u00e1s sujetos a lo que pueda pasar con la econom\u00eda, mientras que la ra\u00edz del problema de la pobreza femenina es sobre todo\u00a0<strong>estructural\u00a0<\/strong>y tiene que ver directamente con la\u00a0<strong>desigualdad\u00a0<\/strong>que sufren cuando son\u00a0<strong>madres\u00a0<\/strong>tanto en el \u00e1mbito remunerado como en el del cuidado. Esto nos lleva a pensar que posiblemente la tasa de pobreza femenina seguir\u00e1 enquistada entorno al 20% donde se ha mantenido de media los \u00faltimos 12 a\u00f1os -por tanto, afectando a una de cada cinco mujeres- mientras que la masculina podr\u00eda reducirse los pr\u00f3ximos a\u00f1os hasta alcanzar los niveles<strong>\u00a0precrisis<\/strong>, alrededor del 16%.<\/p>\n<p>El segundo convencionalismo que hay que romper es que la tasa de riesgo de pobreza en nuestro pa\u00eds es superior a la europea. De hecho, la mayor tasa de pobreza en\u00a0<strong>Catalunya\u00a0<\/strong>(y\u00a0<strong>Espa\u00f1a<\/strong>) en comparaci\u00f3n con Europa se da solo\u00a0en los\u00a0<strong>hogares\u00a0<\/strong>que tienen hijos, ya que la tasa de riesgo de pobreza de losque no tienen\u00a0hijos es incluso inferior en Catalunya\u00a0que en la\u00a0<strong>Uni\u00f3n Europea<\/strong>. Esto demuestra las escasas ayudas y servicios de<strong>\u00a0apoyo a las familias con hijos peque\u00f1os<\/strong>\u00a0que hay en nuestro pa\u00eds, un hecho parad\u00f3jico si tenemos en cuenta que estamos a la cola de Europa en\u00a0<strong>tasa de natalidad<\/strong>.<\/p>\n<h3>Familias monoparentales<\/h3>\n<p>El colectivo de mayor vulnerabilidad econ\u00f3mica son las\u00a0<strong>familias monoparentales\u00a0<\/strong>(78% de las cuales est\u00e1n formadas por madres), con un riesgo de pobreza del 40%, el doble que una familia formada por dos adultos. Estas mujeres, aunque tengan\u00a0alg\u00fan tipo de\u00a0<strong>cualificaci\u00f3n<\/strong>, tienen dificultades para encontrar un\u00a0<strong>trabajo\u00a0<\/strong>compatible con el<strong>\u00a0cuidado de los hijos<\/strong>, lo que las obliga a elegir un empleo\u00a0de<strong>\u00a0perfil ocupacional m\u00e1s bajo<\/strong>, generalmente con\u00a0<strong>jornada reducida<\/strong>\u00a0y con una<strong>\u00a0remuneraci\u00f3n m\u00e1s baja<\/strong>. La vulnerabilidad econ\u00f3mica de estas madres se traduce a su vez en una elevada\u00a0<strong>pobreza infantil<\/strong>.<\/p>\n<p>Las\u00a0<strong>administraciones p\u00fablicas<\/strong>\u00a0tienen que luchar contra la pobreza con medidas \u00abpreventivas\u00bb, es decir, hacer frente a la\u00a0<strong>discriminaci\u00f3n\u00a0<\/strong>que sufren las mujeres en el \u00e1mbito laboral y de cuidado. Por ello, las acciones prioritarias que proponemos son: una mayor\u00a0<strong>racionalizaci\u00f3n de los horarios laborales<\/strong>, la\u00a0<strong>ampliaci\u00f3n de los permisos de paternidad intransferibles y obligatorios<\/strong>, la eliminaci\u00f3n de la\u00a0<strong>brecha salarial\u00a0<\/strong>y la gratuidad de los servicios p\u00fablicos de cuidado de ni\u00f1os y personas mayores.<\/p>\n<p>Estas son algunas de las conclusiones de la ponencia sobre &#8216;La pobreza femenina como resultado de la desigualdad de g\u00e9nero&#8217;\u00a0que presento, conjuntamente con\u00a0<strong>Anna Mercad\u00e9<\/strong>, directora del\u00a0<strong>Observatorio Mujer, Empresa y Econom\u00eda de la C\u00e1mara de Barcelona<\/strong>, \u200b\u200ben el\u00a0<strong>Congreso de Econom\u00eda\u00a0<\/strong>que se celebrar\u00e1\u00a0este mes de mayo.<\/p>\n<p>Fuente: <a href=\"https:\/\/www.elperiodico.com\/es\/opinion\/20180411\/la-pobreza-femenina-no-se-resolvera-con-la-recuperacion-economica-6751092\">Elperiodico.com<\/a><\/p>\n<\/div><div class=\"fusion-clearfix\"><\/div><\/div><\/div><div class=\"fusion-layout-column fusion_builder_column fusion-builder-column-3 fusion_builder_column_1_5 1_5 fusion-one-fifth fusion-column-last\" style=\"--awb-padding-top:;--awb-padding-right:;--awb-padding-bottom:;--awb-padding-left:;--awb-bg-size:cover;width:20%;width:calc(20% - ( ( 4% + 4% ) * 0.2 ) );\"><div class=\"fusion-column-wrapper fusion-flex-column-wrapper-legacy\"><div class=\"fusion-clearfix\"><\/div><\/div><\/div><\/div><\/div><\/p>\n","protected":false},"excerpt":{"rendered":"","protected":false},"author":1,"featured_media":2586,"comment_status":"closed","ping_status":"closed","sticky":false,"template":"","format":"standard","meta":{"footnotes":""},"categories":[57],"tags":[220,216,219],"class_list":["post-2596","post","type-post","status-publish","format-standard","has-post-thumbnail","hentry","category-50a50-es","tag-brecha-de-genero","tag-carme-poveda","tag-pobreza-femenina"],"aioseo_notices":[],"aioseo_head":"\n\t\t<!-- All in One SEO 5.0.0.1 - aioseo.com -->\n\t<meta name=\"robots\" content=\"max-image-preview:large\" \/>\n\t<meta name=\"author\" content=\"50a50\"\/>\n\t<link rel=\"canonical\" href=\"https:\/\/www.50a50.org\/es\/la-pobreza-femenina-no-se-resolvera-con-la-recuperacion-economica\/\" \/>\n\t<meta name=\"generator\" content=\"All in One SEO (AIOSEO) 5.0.0.1\" \/>\n\t\t<meta property=\"og:locale\" content=\"es_ES\" \/>\n\t\t<meta property=\"og:site_name\" content=\"50a50 | Dones directives i professionals per la paritat\" \/>\n\t\t<meta property=\"og:type\" content=\"article\" \/>\n\t\t<meta property=\"og:title\" content=\"La pobreza femenina no se resolver\u00e1 con la recuperaci\u00f3n econ\u00f3mica | 50a50\" \/>\n\t\t<meta property=\"og:url\" content=\"https:\/\/www.50a50.org\/es\/la-pobreza-femenina-no-se-resolvera-con-la-recuperacion-economica\/\" \/>\n\t\t<meta property=\"article:published_time\" content=\"2018-04-12T16:12:43+00:00\" \/>\n\t\t<meta property=\"article:modified_time\" content=\"2018-04-12T16:12:43+00:00\" \/>\n\t\t<meta name=\"twitter:card\" content=\"summary\" \/>\n\t\t<meta name=\"twitter:title\" content=\"La pobreza femenina no se resolver\u00e1 con la recuperaci\u00f3n econ\u00f3mica | 50a50\" \/>\n\t\t<script type=\"application\/ld+json\" class=\"aioseo-schema\">\n\t\t\t{\"@context\":\"https:\\\/\\\/schema.org\",\"@graph\":[{\"@type\":\"Article\",\"@id\":\"https:\\\/\\\/www.50a50.org\\\/es\\\/la-pobreza-femenina-no-se-resolvera-con-la-recuperacion-economica\\\/#article\",\"name\":\"La pobreza femenina no se resolver\\u00e1 con la recuperaci\\u00f3n econ\\u00f3mica | 50a50\",\"headline\":\"La pobreza femenina no se resolver\\u00e1 con la recuperaci\\u00f3n econ\\u00f3mica\",\"author\":{\"@id\":\"https:\\\/\\\/www.50a50.org\\\/es\\\/author\\\/backoffice\\\/#author\"},\"publisher\":{\"@id\":\"https:\\\/\\\/www.50a50.org\\\/es\\\/#organization\"},\"image\":{\"@type\":\"ImageObject\",\"url\":\"https:\\\/\\\/www.50a50.org\\\/wp-content\\\/uploads\\\/2018\\\/04\\\/Carme-Poveda-1.jpg\",\"width\":2000,\"height\":2997,\"caption\":\"La pobreza femenina no se resolver\\u00e1 con la recuperaci\\u00f3n econ\\u00f3mica\"},\"datePublished\":\"2018-04-12T16:12:43+00:00\",\"dateModified\":\"2018-04-12T16:12:43+00:00\",\"inLanguage\":\"es-ES\",\"mainEntityOfPage\":{\"@id\":\"https:\\\/\\\/www.50a50.org\\\/es\\\/la-pobreza-femenina-no-se-resolvera-con-la-recuperacion-economica\\\/#webpage\"},\"isPartOf\":{\"@id\":\"https:\\\/\\\/www.50a50.org\\\/es\\\/la-pobreza-femenina-no-se-resolvera-con-la-recuperacion-economica\\\/#webpage\"},\"articleSection\":\"50a50, Brecha De G\\u00e9nero, Carme Poveda, Pobreza Femenina\"},{\"@type\":\"BreadcrumbList\",\"@id\":\"https:\\\/\\\/www.50a50.org\\\/es\\\/la-pobreza-femenina-no-se-resolvera-con-la-recuperacion-economica\\\/#breadcrumblist\",\"itemListElement\":[{\"@type\":\"ListItem\",\"@id\":\"https:\\\/\\\/www.50a50.org\\\/es\\\/#listItem\",\"position\":1,\"name\":\"Home\",\"item\":\"https:\\\/\\\/www.50a50.org\\\/es\\\/\",\"nextItem\":{\"@type\":\"ListItem\",\"@id\":\"https:\\\/\\\/www.50a50.org\\\/es\\\/category\\\/50a50-es\\\/#listItem\",\"name\":\"50a50\"}},{\"@type\":\"ListItem\",\"@id\":\"https:\\\/\\\/www.50a50.org\\\/es\\\/category\\\/50a50-es\\\/#listItem\",\"position\":2,\"name\":\"50a50\",\"item\":\"https:\\\/\\\/www.50a50.org\\\/es\\\/category\\\/50a50-es\\\/\",\"nextItem\":{\"@type\":\"ListItem\",\"@id\":\"https:\\\/\\\/www.50a50.org\\\/es\\\/la-pobreza-femenina-no-se-resolvera-con-la-recuperacion-economica\\\/#listItem\",\"name\":\"La pobreza femenina no se resolver\\u00e1 con la recuperaci\\u00f3n econ\\u00f3mica\"},\"previousItem\":{\"@type\":\"ListItem\",\"@id\":\"https:\\\/\\\/www.50a50.org\\\/es\\\/#listItem\",\"name\":\"Home\"}},{\"@type\":\"ListItem\",\"@id\":\"https:\\\/\\\/www.50a50.org\\\/es\\\/la-pobreza-femenina-no-se-resolvera-con-la-recuperacion-economica\\\/#listItem\",\"position\":3,\"name\":\"La pobreza femenina no se resolver\\u00e1 con la recuperaci\\u00f3n econ\\u00f3mica\",\"previousItem\":{\"@type\":\"ListItem\",\"@id\":\"https:\\\/\\\/www.50a50.org\\\/es\\\/category\\\/50a50-es\\\/#listItem\",\"name\":\"50a50\"}}]},{\"@type\":\"Organization\",\"@id\":\"https:\\\/\\\/www.50a50.org\\\/es\\\/#organization\",\"name\":\"50a50\",\"description\":\"Dones directives i professionals per la paritat\",\"url\":\"https:\\\/\\\/www.50a50.org\\\/es\\\/\"},{\"@type\":\"Person\",\"@id\":\"https:\\\/\\\/www.50a50.org\\\/es\\\/author\\\/backoffice\\\/#author\",\"url\":\"https:\\\/\\\/www.50a50.org\\\/es\\\/author\\\/backoffice\\\/\",\"name\":\"50a50\"},{\"@type\":\"WebPage\",\"@id\":\"https:\\\/\\\/www.50a50.org\\\/es\\\/la-pobreza-femenina-no-se-resolvera-con-la-recuperacion-economica\\\/#webpage\",\"url\":\"https:\\\/\\\/www.50a50.org\\\/es\\\/la-pobreza-femenina-no-se-resolvera-con-la-recuperacion-economica\\\/\",\"name\":\"La pobreza femenina no se resolver\\u00e1 con la recuperaci\\u00f3n econ\\u00f3mica | 50a50\",\"inLanguage\":\"es-ES\",\"isPartOf\":{\"@id\":\"https:\\\/\\\/www.50a50.org\\\/es\\\/#website\"},\"breadcrumb\":{\"@id\":\"https:\\\/\\\/www.50a50.org\\\/es\\\/la-pobreza-femenina-no-se-resolvera-con-la-recuperacion-economica\\\/#breadcrumblist\"},\"author\":{\"@id\":\"https:\\\/\\\/www.50a50.org\\\/es\\\/author\\\/backoffice\\\/#author\"},\"creator\":{\"@id\":\"https:\\\/\\\/www.50a50.org\\\/es\\\/author\\\/backoffice\\\/#author\"},\"image\":{\"@type\":\"ImageObject\",\"url\":\"https:\\\/\\\/www.50a50.org\\\/wp-content\\\/uploads\\\/2018\\\/04\\\/Carme-Poveda-1.jpg\",\"@id\":\"https:\\\/\\\/www.50a50.org\\\/es\\\/la-pobreza-femenina-no-se-resolvera-con-la-recuperacion-economica\\\/#mainImage\",\"width\":2000,\"height\":2997,\"caption\":\"La pobreza femenina no se resolver\\u00e1 con la recuperaci\\u00f3n econ\\u00f3mica\"},\"primaryImageOfPage\":{\"@id\":\"https:\\\/\\\/www.50a50.org\\\/es\\\/la-pobreza-femenina-no-se-resolvera-con-la-recuperacion-economica\\\/#mainImage\"},\"datePublished\":\"2018-04-12T16:12:43+00:00\",\"dateModified\":\"2018-04-12T16:12:43+00:00\"},{\"@type\":\"WebSite\",\"@id\":\"https:\\\/\\\/www.50a50.org\\\/es\\\/#website\",\"url\":\"https:\\\/\\\/www.50a50.org\\\/es\\\/\",\"name\":\"50a50\",\"description\":\"Dones directives i professionals per la paritat\",\"inLanguage\":\"es-ES\",\"publisher\":{\"@id\":\"https:\\\/\\\/www.50a50.org\\\/es\\\/#organization\"}}]}\n\t\t<\/script>\n\t\t<!-- All in One SEO -->\n\n","aioseo_head_json":{"title":"La pobreza femenina no se resolver\u00e1 con la recuperaci\u00f3n econ\u00f3mica | 50a50","description":"","canonical_url":"https:\/\/www.50a50.org\/es\/la-pobreza-femenina-no-se-resolvera-con-la-recuperacion-economica\/","robots":"max-image-preview:large","keywords":"","webmasterTools":{"miscellaneous":""},"schema":{"@context":"https:\/\/schema.org","@graph":[{"@type":"Article","@id":"https:\/\/www.50a50.org\/es\/la-pobreza-femenina-no-se-resolvera-con-la-recuperacion-economica\/#article","name":"La pobreza femenina no se resolver\u00e1 con la recuperaci\u00f3n econ\u00f3mica | 50a50","headline":"La pobreza femenina no se resolver\u00e1 con la recuperaci\u00f3n econ\u00f3mica","author":{"@id":"https:\/\/www.50a50.org\/es\/author\/backoffice\/#author"},"publisher":{"@id":"https:\/\/www.50a50.org\/es\/#organization"},"image":{"@type":"ImageObject","url":"https:\/\/www.50a50.org\/wp-content\/uploads\/2018\/04\/Carme-Poveda-1.jpg","width":2000,"height":2997,"caption":"La pobreza femenina no se resolver\u00e1 con la recuperaci\u00f3n econ\u00f3mica"},"datePublished":"2018-04-12T16:12:43+00:00","dateModified":"2018-04-12T16:12:43+00:00","inLanguage":"es-ES","mainEntityOfPage":{"@id":"https:\/\/www.50a50.org\/es\/la-pobreza-femenina-no-se-resolvera-con-la-recuperacion-economica\/#webpage"},"isPartOf":{"@id":"https:\/\/www.50a50.org\/es\/la-pobreza-femenina-no-se-resolvera-con-la-recuperacion-economica\/#webpage"},"articleSection":"50a50, Brecha De G\u00e9nero, Carme Poveda, Pobreza Femenina"},{"@type":"BreadcrumbList","@id":"https:\/\/www.50a50.org\/es\/la-pobreza-femenina-no-se-resolvera-con-la-recuperacion-economica\/#breadcrumblist","itemListElement":[{"@type":"ListItem","@id":"https:\/\/www.50a50.org\/es\/#listItem","position":1,"name":"Home","item":"https:\/\/www.50a50.org\/es\/","nextItem":{"@type":"ListItem","@id":"https:\/\/www.50a50.org\/es\/category\/50a50-es\/#listItem","name":"50a50"}},{"@type":"ListItem","@id":"https:\/\/www.50a50.org\/es\/category\/50a50-es\/#listItem","position":2,"name":"50a50","item":"https:\/\/www.50a50.org\/es\/category\/50a50-es\/","nextItem":{"@type":"ListItem","@id":"https:\/\/www.50a50.org\/es\/la-pobreza-femenina-no-se-resolvera-con-la-recuperacion-economica\/#listItem","name":"La pobreza femenina no se resolver\u00e1 con la recuperaci\u00f3n econ\u00f3mica"},"previousItem":{"@type":"ListItem","@id":"https:\/\/www.50a50.org\/es\/#listItem","name":"Home"}},{"@type":"ListItem","@id":"https:\/\/www.50a50.org\/es\/la-pobreza-femenina-no-se-resolvera-con-la-recuperacion-economica\/#listItem","position":3,"name":"La pobreza femenina no se resolver\u00e1 con la recuperaci\u00f3n econ\u00f3mica","previousItem":{"@type":"ListItem","@id":"https:\/\/www.50a50.org\/es\/category\/50a50-es\/#listItem","name":"50a50"}}]},{"@type":"Organization","@id":"https:\/\/www.50a50.org\/es\/#organization","name":"50a50","description":"Dones directives i professionals per la paritat","url":"https:\/\/www.50a50.org\/es\/"},{"@type":"Person","@id":"https:\/\/www.50a50.org\/es\/author\/backoffice\/#author","url":"https:\/\/www.50a50.org\/es\/author\/backoffice\/","name":"50a50"},{"@type":"WebPage","@id":"https:\/\/www.50a50.org\/es\/la-pobreza-femenina-no-se-resolvera-con-la-recuperacion-economica\/#webpage","url":"https:\/\/www.50a50.org\/es\/la-pobreza-femenina-no-se-resolvera-con-la-recuperacion-economica\/","name":"La pobreza femenina no se resolver\u00e1 con la recuperaci\u00f3n econ\u00f3mica | 50a50","inLanguage":"es-ES","isPartOf":{"@id":"https:\/\/www.50a50.org\/es\/#website"},"breadcrumb":{"@id":"https:\/\/www.50a50.org\/es\/la-pobreza-femenina-no-se-resolvera-con-la-recuperacion-economica\/#breadcrumblist"},"author":{"@id":"https:\/\/www.50a50.org\/es\/author\/backoffice\/#author"},"creator":{"@id":"https:\/\/www.50a50.org\/es\/author\/backoffice\/#author"},"image":{"@type":"ImageObject","url":"https:\/\/www.50a50.org\/wp-content\/uploads\/2018\/04\/Carme-Poveda-1.jpg","@id":"https:\/\/www.50a50.org\/es\/la-pobreza-femenina-no-se-resolvera-con-la-recuperacion-economica\/#mainImage","width":2000,"height":2997,"caption":"La pobreza femenina no se resolver\u00e1 con la recuperaci\u00f3n econ\u00f3mica"},"primaryImageOfPage":{"@id":"https:\/\/www.50a50.org\/es\/la-pobreza-femenina-no-se-resolvera-con-la-recuperacion-economica\/#mainImage"},"datePublished":"2018-04-12T16:12:43+00:00","dateModified":"2018-04-12T16:12:43+00:00"},{"@type":"WebSite","@id":"https:\/\/www.50a50.org\/es\/#website","url":"https:\/\/www.50a50.org\/es\/","name":"50a50","description":"Dones directives i professionals per la paritat","inLanguage":"es-ES","publisher":{"@id":"https:\/\/www.50a50.org\/es\/#organization"}}]},"og:locale":"es_ES","og:site_name":"50a50 | Dones directives i professionals per la paritat","og:type":"article","og:title":"La pobreza femenina no se resolver\u00e1 con la recuperaci\u00f3n econ\u00f3mica | 50a50","og:url":"https:\/\/www.50a50.org\/es\/la-pobreza-femenina-no-se-resolvera-con-la-recuperacion-economica\/","article:published_time":"2018-04-12T16:12:43+00:00","article:modified_time":"2018-04-12T16:12:43+00:00","twitter:card":"summary","twitter:title":"La pobreza femenina no se resolver\u00e1 con la recuperaci\u00f3n econ\u00f3mica | 50a50"},"aioseo_meta_data":{"post_id":"2596","title":null,"description":null,"keywords":null,"keyphrases":null,"primary_term":null,"canonical_url":null,"og_title":null,"og_description":null,"og_object_type":"default","og_image_type":"default","og_image_url":null,"og_image_width":null,"og_image_height":null,"og_image_custom_url":null,"og_image_custom_fields":null,"og_video":null,"og_custom_url":null,"og_article_section":null,"og_article_tags":null,"twitter_use_og":false,"twitter_card":"default","twitter_image_type":"default","twitter_image_url":null,"twitter_image_custom_url":null,"twitter_image_custom_fields":null,"twitter_title":null,"twitter_description":null,"schema":{"blockGraphs":[],"customGraphs":[],"default":{"data":{"Article":[],"Course":[],"Dataset":[],"FAQPage":[],"Movie":[],"Person":[],"Product":[],"ProductReview":[],"Car":[],"Recipe":[],"Service":[],"SoftwareApplication":[],"WebPage":[]},"graphName":"","isEnabled":true},"graphs":[]},"schema_type":null,"schema_type_options":null,"pillar_content":false,"robots_default":true,"robots_noindex":false,"robots_noarchive":false,"robots_nosnippet":false,"robots_nofollow":false,"robots_noimageindex":false,"robots_noodp":false,"robots_notranslate":false,"robots_max_snippet":null,"robots_max_videopreview":null,"robots_max_imagepreview":"large","priority":null,"frequency":null,"local_seo":null,"breadcrumb_settings":null,"limit_modified_date":false,"ai":null,"created":"2020-12-28 08:01:07","updated":"2025-06-10 13:14:14","seo_analyzer_scan_date":null,"focus_keyword":null,"additional_keywords":null,"truseo_locale":null},"aioseo_breadcrumb":"<div class=\"aioseo-breadcrumbs\"><span class=\"aioseo-breadcrumb\">\n\t\t\t<a href=\"https:\/\/www.50a50.org\/es\/\" title=\"Home\">Home<\/a>\n\t\t<\/span><span class=\"aioseo-breadcrumb-separator\">&raquo;<\/span><span class=\"aioseo-breadcrumb\">\n\t\t\t<a href=\"https:\/\/www.50a50.org\/es\/category\/50a50-es\/\" title=\"50a50\">50a50<\/a>\n\t\t<\/span><span class=\"aioseo-breadcrumb-separator\">&raquo;<\/span><span class=\"aioseo-breadcrumb\">\n\t\t\tLa pobreza femenina no se resolver\u00e1 con la recuperaci\u00f3n econ\u00f3mica\n\t\t<\/span><\/div>","aioseo_breadcrumb_json":[{"label":"Home","link":"https:\/\/www.50a50.org\/es\/"},{"label":"50a50","link":"https:\/\/www.50a50.org\/es\/category\/50a50-es\/"},{"label":"La pobreza femenina no se resolver\u00e1 con la recuperaci\u00f3n econ\u00f3mica","link":"https:\/\/www.50a50.org\/es\/la-pobreza-femenina-no-se-resolvera-con-la-recuperacion-economica\/"}],"_links":{"self":[{"href":"https:\/\/www.50a50.org\/es\/wp-json\/wp\/v2\/posts\/2596","targetHints":{"allow":["GET"]}}],"collection":[{"href":"https:\/\/www.50a50.org\/es\/wp-json\/wp\/v2\/posts"}],"about":[{"href":"https:\/\/www.50a50.org\/es\/wp-json\/wp\/v2\/types\/post"}],"author":[{"embeddable":true,"href":"https:\/\/www.50a50.org\/es\/wp-json\/wp\/v2\/users\/1"}],"replies":[{"embeddable":true,"href":"https:\/\/www.50a50.org\/es\/wp-json\/wp\/v2\/comments?post=2596"}],"version-history":[{"count":0,"href":"https:\/\/www.50a50.org\/es\/wp-json\/wp\/v2\/posts\/2596\/revisions"}],"wp:featuredmedia":[{"embeddable":true,"href":"https:\/\/www.50a50.org\/es\/wp-json\/wp\/v2\/media\/2586"}],"wp:attachment":[{"href":"https:\/\/www.50a50.org\/es\/wp-json\/wp\/v2\/media?parent=2596"}],"wp:term":[{"taxonomy":"category","embeddable":true,"href":"https:\/\/www.50a50.org\/es\/wp-json\/wp\/v2\/categories?post=2596"},{"taxonomy":"post_tag","embeddable":true,"href":"https:\/\/www.50a50.org\/es\/wp-json\/wp\/v2\/tags?post=2596"}],"curies":[{"name":"wp","href":"https:\/\/api.w.org\/{rel}","templated":true}]}}