{"id":11115,"date":"2026-01-21T08:33:21","date_gmt":"2026-01-21T08:33:21","guid":{"rendered":"https:\/\/www.50a50.org\/?p=11115"},"modified":"2026-01-23T08:41:36","modified_gmt":"2026-01-23T08:41:36","slug":"club-de-lectura-del-50a50-lunes-02-de-febrero-2","status":"publish","type":"post","link":"https:\/\/www.50a50.org\/es\/club-de-lectura-del-50a50-lunes-02-de-febrero-2\/","title":{"rendered":"Club de lectura del 50a50 \u2013 Lunes, 02 de febrero"},"content":{"rendered":"<p><img decoding=\"async\" class=\"emoji\" role=\"img\" draggable=\"false\" src=\"https:\/\/s.w.org\/images\/core\/emoji\/17.0.2\/svg\/1f4c5.svg\" alt=\"&#x1f4c5;\" \/> \u00bfCu\u00e1ndo? Lunes 2 de febrero 2026<br \/>\n<img decoding=\"async\" class=\"emoji\" role=\"img\" draggable=\"false\" src=\"https:\/\/s.w.org\/images\/core\/emoji\/17.0.2\/svg\/1f561.svg\" alt=\"&#x1f561;\" \/>\u00a0Horario: 19:00 &#8211; 20:00<br \/>\n<img decoding=\"async\" class=\"emoji\" role=\"img\" draggable=\"false\" src=\"https:\/\/s.w.org\/images\/core\/emoji\/17.0.2\/svg\/1f4cd.svg\" alt=\"&#x1f4cd;\" \/> \u00bfD\u00f3nde? Librer\u00eda Ola (Pau\u00a0Clar\u00eds, 94)<\/p>\n<p><img decoding=\"async\" class=\"emoji\" role=\"img\" draggable=\"false\" src=\"https:\/\/s.w.org\/images\/core\/emoji\/17.0.2\/svg\/1f49c.svg\" alt=\"&#x1f49c;\" \/>\u00a0Primer Club de Lectura\u00a050a50\u00a02026: Un encuentro con Iolanda\u00a0Batall\u00e9\u00a0Prats.<br \/>\nEmpezamos el a\u00f1o con una de aquellas citas que dejan huella.<\/p>\n<p>Nos hace mucha ilusi\u00f3n invitarte al primer Club de Lectura\u00a050a50\u00a02026, donde tendremos el privilegio de contar con la presencia de la autora, Iolanda\u00a0Batall\u00e9\u00a0Prats, por habla de su nuevo libro: Valiente como t\u00fa.<br \/>\nSer\u00e1 una conversaci\u00f3n abierta y pr\u00f3xima sobre este relato autobiogr\u00e1fico tan necesario; una cr\u00f3nica sobre la resistencia, las alianzas entre mujeres y la rotura del silencio a trav\u00e9s del movimiento #MeToo.<br \/>\nQuieres formar parte de esta conversaci\u00f3n? Ven sola o acompa\u00f1ada.<br \/>\nTe esperamos para compartir un rato de sororidad, literatura y di\u00e1logo en directo con la autora.<\/p>\n<p>Ser\u00e1 un encuentro perfecto para compartir impresiones, reflexiones y emociones sobre esta obra tan conmovedora. Tanto si has le\u00eddo el libro como si quieres descubrirlo, todas sois bienvenidas!<\/p>\n<p><img decoding=\"async\" class=\"emoji\" role=\"img\" draggable=\"false\" src=\"https:\/\/s.w.org\/images\/core\/emoji\/17.0.2\/svg\/270d.svg\" alt=\"&#x270d;&#xfe0f;\" \/>\u00a0Confirma tu asistencia aqu\u00ed: <a href=\"https:\/\/forms.gle\/aLdTRa7tAD2Mkofh8\">Formulario de inscripci\u00f3n<\/a><\/p>\n<p>&nbsp;<\/p>\n<p>Ven, lee y comparte con nosotros!\u00a0<img decoding=\"async\" class=\"emoji\" role=\"img\" draggable=\"false\" src=\"https:\/\/s.w.org\/images\/core\/emoji\/17.0.2\/svg\/1f4d6.svg\" alt=\"&#x1f4d6;\" \/><img decoding=\"async\" class=\"emoji\" role=\"img\" draggable=\"false\" src=\"https:\/\/s.w.org\/images\/core\/emoji\/17.0.2\/svg\/1f4ac.svg\" alt=\"&#x1f4ac;\" \/><\/p>\n","protected":false},"excerpt":{"rendered":"<p>\u00bfCu\u00e1ndo? Lunes 2 de febrero 2026 \u00a0Horario: 19:00 &#8211; 20:00 \u00bfD\u00f3nde? Librer\u00eda Ola (Pau\u00a0Clar\u00eds, 94) \u00a0Primer Club de Lectura\u00a050a50\u00a02026: Un encuentro con Iolanda\u00a0Batall\u00e9\u00a0Prats. Empezamos el a\u00f1o con una de aquellas citas que dejan huella. Nos hace mucha ilusi\u00f3n invitarte al primer Club de Lectura\u00a050a50\u00a02026, donde tendremos el privilegio de contar con la presencia de la<\/p>\n","protected":false},"author":1,"featured_media":11057,"comment_status":"closed","ping_status":"closed","sticky":false,"template":"","format":"standard","meta":{"footnotes":""},"categories":[251],"tags":[],"class_list":["post-11115","post","type-post","status-publish","format-standard","has-post-thumbnail","hentry","category-activitats-es"],"aioseo_notices":[],"_links":{"self":[{"href":"https:\/\/www.50a50.org\/es\/wp-json\/wp\/v2\/posts\/11115","targetHints":{"allow":["GET"]}}],"collection":[{"href":"https:\/\/www.50a50.org\/es\/wp-json\/wp\/v2\/posts"}],"about":[{"href":"https:\/\/www.50a50.org\/es\/wp-json\/wp\/v2\/types\/post"}],"author":[{"embeddable":true,"href":"https:\/\/www.50a50.org\/es\/wp-json\/wp\/v2\/users\/1"}],"replies":[{"embeddable":true,"href":"https:\/\/www.50a50.org\/es\/wp-json\/wp\/v2\/comments?post=11115"}],"version-history":[{"count":2,"href":"https:\/\/www.50a50.org\/es\/wp-json\/wp\/v2\/posts\/11115\/revisions"}],"predecessor-version":[{"id":11117,"href":"https:\/\/www.50a50.org\/es\/wp-json\/wp\/v2\/posts\/11115\/revisions\/11117"}],"wp:featuredmedia":[{"embeddable":true,"href":"https:\/\/www.50a50.org\/es\/wp-json\/wp\/v2\/media\/11057"}],"wp:attachment":[{"href":"https:\/\/www.50a50.org\/es\/wp-json\/wp\/v2\/media?parent=11115"}],"wp:term":[{"taxonomy":"category","embeddable":true,"href":"https:\/\/www.50a50.org\/es\/wp-json\/wp\/v2\/categories?post=11115"},{"taxonomy":"post_tag","embeddable":true,"href":"https:\/\/www.50a50.org\/es\/wp-json\/wp\/v2\/tags?post=11115"}],"curies":[{"name":"wp","href":"https:\/\/api.w.org\/{rel}","templated":true}]}}