{"id":10753,"date":"2025-07-20T17:51:28","date_gmt":"2025-07-20T17:51:28","guid":{"rendered":"https:\/\/www.50a50.org\/?p=10753"},"modified":"2025-07-20T17:51:28","modified_gmt":"2025-07-20T17:51:28","slug":"gracias-por-vuestra-confianza-seguimos-avanzando-en-50a50","status":"publish","type":"post","link":"https:\/\/www.50a50.org\/es\/gracias-por-vuestra-confianza-seguimos-avanzando-en-50a50\/","title":{"rendered":"Gracias por vuestra confianza \u2013 Seguimos avanzando en 50a50"},"content":{"rendered":"<p data-start=\"61\" data-end=\"77\">Queridas socias,<\/p>\n<p data-start=\"79\" data-end=\"351\">Para m\u00ed es un paso importante y motivador dirigirme a vosotras como nueva presidenta de la asociaci\u00f3n 50a50. Os agradezco sinceramente la confianza depositada y el apoyo recibido para asumir este reto tan significativo en una entidad feminista y referente como la nuestra.<\/p>\n<p data-start=\"353\" data-end=\"677\">Sustituir a Anna Mercader es una gran responsabilidad. Su liderazgo ha sido clave para construir el espacio que hoy es 50a50: una asociaci\u00f3n comprometida, rigurosa, con voz propia y capacidad de incidencia real. Es desde este legado que inicio una nueva etapa, con profundo respeto y muchas ganas de seguir caminando juntas.<\/p>\n<p data-start=\"679\" data-end=\"1105\">Os invito a vivir esta etapa como una oportunidad para repensar y fortalecer a\u00fan m\u00e1s nuestra voz colectiva. Somos una asociaci\u00f3n formada por mujeres diversas, con una gran riqueza de trayectorias y experiencias que nos hace \u00fanicas. Y es en esta pluralidad donde reside nuestro potencial para ser un espacio de pensamiento feminista, de propuestas valientes y de incidencia real en el \u00e1mbito econ\u00f3mico e institucional del pa\u00eds.<\/p>\n<p data-start=\"1107\" data-end=\"1287\">Nuestro objetivo no puede ser solo \u201cestar\u201d, sino estar para transformar. Para incidir. Para impulsar pol\u00edticas empresariales y p\u00fablicas con perspectiva de g\u00e9nero y justicia social.<\/p>\n<p data-start=\"1289\" data-end=\"1573\">Con mucho gusto, comparto con vosotras la entrevista que me hizo la socia y miembro de la junta Ariadna Bellver en el programa <em data-start=\"1416\" data-end=\"1428\">Lideratges<\/em> de Onda Cero, donde pude explicar esta nueva etapa y los retos que tenemos por delante: [<a href=\"https:\/\/youtu.be\/5zokW0NMi0s\">Enlace a la entrevista \u2013 Onda Cero con Ariadna Bellver<\/a>]<\/p>\n<p data-start=\"1575\" data-end=\"1698\">Muchas gracias, de nuevo, por vuestra confianza. \u00a1Con ilusi\u00f3n, determinaci\u00f3n y un compromiso compartido, seguimos adelante!<\/p>\n<p data-start=\"1700\" data-end=\"1717\" data-is-last-node=\"\" data-is-only-node=\"\">Un fuerte abrazo,<\/p>\n","protected":false},"excerpt":{"rendered":"<p>Queridas socias, Para m\u00ed es un paso importante y motivador dirigirme a vosotras como nueva presidenta de la asociaci\u00f3n 50a50. Os agradezco sinceramente la confianza depositada y el apoyo recibido para asumir este reto tan significativo en una entidad feminista y referente como la nuestra. Sustituir a Anna Mercader es una gran responsabilidad. Su liderazgo<\/p>\n","protected":false},"author":1,"featured_media":10749,"comment_status":"closed","ping_status":"closed","sticky":false,"template":"","format":"standard","meta":{"footnotes":""},"categories":[57],"tags":[],"class_list":["post-10753","post","type-post","status-publish","format-standard","has-post-thumbnail","hentry","category-50a50-es"],"aioseo_notices":[],"_links":{"self":[{"href":"https:\/\/www.50a50.org\/es\/wp-json\/wp\/v2\/posts\/10753","targetHints":{"allow":["GET"]}}],"collection":[{"href":"https:\/\/www.50a50.org\/es\/wp-json\/wp\/v2\/posts"}],"about":[{"href":"https:\/\/www.50a50.org\/es\/wp-json\/wp\/v2\/types\/post"}],"author":[{"embeddable":true,"href":"https:\/\/www.50a50.org\/es\/wp-json\/wp\/v2\/users\/1"}],"replies":[{"embeddable":true,"href":"https:\/\/www.50a50.org\/es\/wp-json\/wp\/v2\/comments?post=10753"}],"version-history":[{"count":2,"href":"https:\/\/www.50a50.org\/es\/wp-json\/wp\/v2\/posts\/10753\/revisions"}],"predecessor-version":[{"id":10755,"href":"https:\/\/www.50a50.org\/es\/wp-json\/wp\/v2\/posts\/10753\/revisions\/10755"}],"wp:featuredmedia":[{"embeddable":true,"href":"https:\/\/www.50a50.org\/es\/wp-json\/wp\/v2\/media\/10749"}],"wp:attachment":[{"href":"https:\/\/www.50a50.org\/es\/wp-json\/wp\/v2\/media?parent=10753"}],"wp:term":[{"taxonomy":"category","embeddable":true,"href":"https:\/\/www.50a50.org\/es\/wp-json\/wp\/v2\/categories?post=10753"},{"taxonomy":"post_tag","embeddable":true,"href":"https:\/\/www.50a50.org\/es\/wp-json\/wp\/v2\/tags?post=10753"}],"curies":[{"name":"wp","href":"https:\/\/api.w.org\/{rel}","templated":true}]}}