{"id":10635,"date":"2025-06-20T08:50:26","date_gmt":"2025-06-20T08:50:26","guid":{"rendered":"https:\/\/www.50a50.org\/?p=10635"},"modified":"2025-06-20T08:50:26","modified_gmt":"2025-06-20T08:50:26","slug":"lourdes-rivallo-sereno-recibe-a-titulo-postumo-el-premi-50a50-lideratge-compartit","status":"publish","type":"post","link":"https:\/\/www.50a50.org\/es\/lourdes-rivallo-sereno-recibe-a-titulo-postumo-el-premi-50a50-lideratge-compartit\/","title":{"rendered":"Lourdes Rivallo Sereno recibe, a t\u00edtulo p\u00f3stumo, el Premi 50a50 Lideratge Compartit"},"content":{"rendered":"<p data-start=\"0\" data-end=\"421\">La Asociaci\u00f3n 50a50 ha entregado, este 2025, el primer Premio 50a50 Liderazgo Compartido, una nueva iniciativa destinada a visibilizar el liderazgo transformador de las mujeres en todos los \u00e1mbitos de la sociedad. En esta edici\u00f3n inaugural, el galard\u00f3n ha sido concedido, a t\u00edtulo p\u00f3stumo, a Lourdes Rivallo Sereno, en reconocimiento a su trayectoria ejemplar y a su firme compromiso con la igualdad y la justicia social.<\/p>\n<p data-start=\"423\" data-end=\"855\">La candidatura fue impulsada por Ferrocarrils de la Generalitat de Catalunya (FGC) como muestra de agradecimiento y homenaje a su labor como presidenta del Comit\u00e9 de Empresa durante seis a\u00f1os y miembro fundadora de la Comisi\u00f3n de Igualdad, creada en 2018. La propuesta recibi\u00f3 el apoyo entusiasta de m\u00e1s de 400 adhesiones de compa\u00f1eras y compa\u00f1eros de la empresa, una clara demostraci\u00f3n del aprecio y reconocimiento hacia su figura.<\/p>\n<p data-start=\"857\" data-end=\"1436\">Durante el acto de entrega, Adrina Bachiller Sa\u00f1a, directora adjunta de Proyectos y Desarrollo de Nuevos Negocios de FGC, agradeci\u00f3 a la Asociaci\u00f3n 50a50 la creaci\u00f3n de este premio y el reconocimiento a la figura de Rivallo. En su discurso, destac\u00f3 su liderazgo valiente y transformador desde el sindicalismo, as\u00ed como su capacidad para impulsar la igualdad real en un entorno tradicionalmente masculinizado. Tambi\u00e9n puso en valor el legado inspirador que deja, basado en la perseverancia, la escucha activa, la voluntad de aprender y el compromiso incondicional con la igualdad.<\/p>\n<p data-start=\"1438\" data-end=\"1776\">El premio fue recogido por sus hijas, J\u00falia y Candela Garc\u00eda Rivallo, en un acto emotivo que cont\u00f3 con la participaci\u00f3n de Anna Mercad\u00e9, presidenta de la Asociaci\u00f3n 50a50, y de S\u00f2nia Guerra, que asisti\u00f3 al acto en calidad de secretaria general, en representaci\u00f3n del Departamento de Igualdad y Feminismos y por delegaci\u00f3n de la consejera.<\/p>\n<p><img decoding=\"async\" class=\"wp-image-10626 aligncenter\" src=\"https:\/\/www.50a50.org\/wp-content\/uploads\/2025\/06\/WhatsApp-Image-2025-06-19-at-22.27.16-1.jpeg\" alt=\"\" width=\"530\" height=\"707\" srcset=\"https:\/\/www.50a50.org\/wp-content\/uploads\/2025\/06\/WhatsApp-Image-2025-06-19-at-22.27.16-1-200x267.jpeg 200w, https:\/\/www.50a50.org\/wp-content\/uploads\/2025\/06\/WhatsApp-Image-2025-06-19-at-22.27.16-1-225x300.jpeg 225w, https:\/\/www.50a50.org\/wp-content\/uploads\/2025\/06\/WhatsApp-Image-2025-06-19-at-22.27.16-1-400x533.jpeg 400w, https:\/\/www.50a50.org\/wp-content\/uploads\/2025\/06\/WhatsApp-Image-2025-06-19-at-22.27.16-1-600x800.jpeg 600w, https:\/\/www.50a50.org\/wp-content\/uploads\/2025\/06\/WhatsApp-Image-2025-06-19-at-22.27.16-1-768x1024.jpeg 768w, https:\/\/www.50a50.org\/wp-content\/uploads\/2025\/06\/WhatsApp-Image-2025-06-19-at-22.27.16-1-800x1067.jpeg 800w, https:\/\/www.50a50.org\/wp-content\/uploads\/2025\/06\/WhatsApp-Image-2025-06-19-at-22.27.16-1-1152x1536.jpeg 1152w, https:\/\/www.50a50.org\/wp-content\/uploads\/2025\/06\/WhatsApp-Image-2025-06-19-at-22.27.16-1-1200x1600.jpeg 1200w, https:\/\/www.50a50.org\/wp-content\/uploads\/2025\/06\/WhatsApp-Image-2025-06-19-at-22.27.16-1.jpeg 1536w\" sizes=\"(max-width: 530px) 100vw, 530px\" \/><\/p>\n<p style=\"font-weight: 400;\">Con este reconocimiento, la Asociaci\u00f3n 50a50 reafirma su compromiso con la promoci\u00f3n del liderazgo femenino y la construcci\u00f3n de una sociedad m\u00e1s justa, equitativa y paritaria.<\/p>\n","protected":false},"excerpt":{"rendered":"<p>La Asociaci\u00f3n 50a50 ha entregado, este 2025, el primer Premio 50a50 Liderazgo Compartido, una nueva iniciativa destinada a visibilizar el liderazgo transformador de las mujeres en todos los \u00e1mbitos de la sociedad. En esta edici\u00f3n inaugural, el galard\u00f3n ha sido concedido, a t\u00edtulo p\u00f3stumo, a Lourdes Rivallo Sereno, en reconocimiento a su trayectoria ejemplar y<\/p>\n","protected":false},"author":1,"featured_media":10633,"comment_status":"closed","ping_status":"closed","sticky":false,"template":"","format":"standard","meta":{"footnotes":""},"categories":[57],"tags":[],"class_list":["post-10635","post","type-post","status-publish","format-standard","has-post-thumbnail","hentry","category-50a50-es"],"aioseo_notices":[],"_links":{"self":[{"href":"https:\/\/www.50a50.org\/es\/wp-json\/wp\/v2\/posts\/10635","targetHints":{"allow":["GET"]}}],"collection":[{"href":"https:\/\/www.50a50.org\/es\/wp-json\/wp\/v2\/posts"}],"about":[{"href":"https:\/\/www.50a50.org\/es\/wp-json\/wp\/v2\/types\/post"}],"author":[{"embeddable":true,"href":"https:\/\/www.50a50.org\/es\/wp-json\/wp\/v2\/users\/1"}],"replies":[{"embeddable":true,"href":"https:\/\/www.50a50.org\/es\/wp-json\/wp\/v2\/comments?post=10635"}],"version-history":[{"count":0,"href":"https:\/\/www.50a50.org\/es\/wp-json\/wp\/v2\/posts\/10635\/revisions"}],"wp:featuredmedia":[{"embeddable":true,"href":"https:\/\/www.50a50.org\/es\/wp-json\/wp\/v2\/media\/10633"}],"wp:attachment":[{"href":"https:\/\/www.50a50.org\/es\/wp-json\/wp\/v2\/media?parent=10635"}],"wp:term":[{"taxonomy":"category","embeddable":true,"href":"https:\/\/www.50a50.org\/es\/wp-json\/wp\/v2\/categories?post=10635"},{"taxonomy":"post_tag","embeddable":true,"href":"https:\/\/www.50a50.org\/es\/wp-json\/wp\/v2\/tags?post=10635"}],"curies":[{"name":"wp","href":"https:\/\/api.w.org\/{rel}","templated":true}]}}