{"id":10523,"date":"2025-05-14T11:42:26","date_gmt":"2025-05-14T11:42:26","guid":{"rendered":"https:\/\/www.50a50.org\/?p=10523"},"modified":"2025-05-14T11:42:26","modified_gmt":"2025-05-14T11:42:26","slug":"50a50-asiste-al-forum-europa-para-reforzar-la-presencia-de-las-mujeres-en-los-espacios-de-decision","status":"publish","type":"post","link":"https:\/\/www.50a50.org\/es\/50a50-asiste-al-forum-europa-para-reforzar-la-presencia-de-las-mujeres-en-los-espacios-de-decision\/","title":{"rendered":"50a50 asiste al F\u00f3rum Europa para reforzar la presencia de las mujeres en los espacios de decisi\u00f3n"},"content":{"rendered":"<p class=\"\" data-start=\"104\" data-end=\"470\">Esta ma\u00f1ana, tres socias y miembros de la Junta Directiva de la asociaci\u00f3n 50a50 \u2014las Sras. Anna Mercad\u00e9, Cristina Oliva y Marta Macias\u2014 han asistido al <em data-start=\"257\" data-end=\"315\">Desayuno Informativo del F\u00f3rum Europa. Tribuna Catalunya<\/em>, un encuentro de referencia organizado por Nueva Econom\u00eda F\u00f3rum que re\u00fane regularmente a destacadas personalidades del mundo pol\u00edtico, econ\u00f3mico y social.<\/p>\n<p class=\"\" data-start=\"472\" data-end=\"941\">La presencia de representantes de 50a50 en este tipo de actos responde al firme compromiso de la asociaci\u00f3n por estar presente en los espacios de debate e influencia donde se toman decisiones que afectan al conjunto de la sociedad. Estos eventos constituyen una valiosa oportunidad para escuchar de primera mano las reflexiones de los l\u00edderes de opini\u00f3n, establecer conexiones estrat\u00e9gicas y continuar impulsando la agenda de la igualdad de g\u00e9nero en todos los \u00e1mbitos.<\/p>\n<p class=\"\" data-start=\"943\" data-end=\"1134\">Desde 50a50 seguimos trabajando para garantizar la presencia paritaria de las mujeres en todos los foros de poder, con la voluntad de construir una sociedad m\u00e1s justa, inclusiva y equitativa.<\/p>\n","protected":false},"excerpt":{"rendered":"<p>Esta ma\u00f1ana, tres socias y miembros de la Junta Directiva de la asociaci\u00f3n 50a50 \u2014las Sras. Anna Mercad\u00e9, Cristina Oliva y Marta Macias\u2014 han asistido al Desayuno Informativo del F\u00f3rum Europa. Tribuna Catalunya, un encuentro de referencia organizado por Nueva Econom\u00eda F\u00f3rum que re\u00fane regularmente a destacadas personalidades del mundo pol\u00edtico, econ\u00f3mico y social. La<\/p>\n","protected":false},"author":1,"featured_media":10521,"comment_status":"closed","ping_status":"closed","sticky":false,"template":"","format":"standard","meta":{"footnotes":""},"categories":[57],"tags":[],"class_list":["post-10523","post","type-post","status-publish","format-standard","has-post-thumbnail","hentry","category-50a50-es"],"aioseo_notices":[],"_links":{"self":[{"href":"https:\/\/www.50a50.org\/es\/wp-json\/wp\/v2\/posts\/10523","targetHints":{"allow":["GET"]}}],"collection":[{"href":"https:\/\/www.50a50.org\/es\/wp-json\/wp\/v2\/posts"}],"about":[{"href":"https:\/\/www.50a50.org\/es\/wp-json\/wp\/v2\/types\/post"}],"author":[{"embeddable":true,"href":"https:\/\/www.50a50.org\/es\/wp-json\/wp\/v2\/users\/1"}],"replies":[{"embeddable":true,"href":"https:\/\/www.50a50.org\/es\/wp-json\/wp\/v2\/comments?post=10523"}],"version-history":[{"count":0,"href":"https:\/\/www.50a50.org\/es\/wp-json\/wp\/v2\/posts\/10523\/revisions"}],"wp:featuredmedia":[{"embeddable":true,"href":"https:\/\/www.50a50.org\/es\/wp-json\/wp\/v2\/media\/10521"}],"wp:attachment":[{"href":"https:\/\/www.50a50.org\/es\/wp-json\/wp\/v2\/media?parent=10523"}],"wp:term":[{"taxonomy":"category","embeddable":true,"href":"https:\/\/www.50a50.org\/es\/wp-json\/wp\/v2\/categories?post=10523"},{"taxonomy":"post_tag","embeddable":true,"href":"https:\/\/www.50a50.org\/es\/wp-json\/wp\/v2\/tags?post=10523"}],"curies":[{"name":"wp","href":"https:\/\/api.w.org\/{rel}","templated":true}]}}