{"id":10407,"date":"2025-05-05T09:12:17","date_gmt":"2025-05-05T09:12:17","guid":{"rendered":"https:\/\/www.50a50.org\/?p=10407"},"modified":"2025-05-05T09:12:17","modified_gmt":"2025-05-05T09:12:17","slug":"liderazgo-femenino-en-entornos-masculinizados-una-conversacion-inspiradora-en-el-espai-lidera","status":"publish","type":"post","link":"https:\/\/www.50a50.org\/es\/liderazgo-femenino-en-entornos-masculinizados-una-conversacion-inspiradora-en-el-espai-lidera\/","title":{"rendered":"Liderazgo femenino en entornos masculinizados: una conversaci\u00f3n inspiradora en el Espai Lidera"},"content":{"rendered":"<p class=\"\" data-start=\"160\" data-end=\"352\">El pasado lunes, el <strong data-start=\"180\" data-end=\"216\">Espai Lidera de Barcelona Activa<\/strong> acogi\u00f3 una nueva sesi\u00f3n de los <strong data-start=\"248\" data-end=\"282\">desayunos de networking LIDERA<\/strong>, bajo el t\u00edtulo: <strong data-start=\"300\" data-end=\"351\">\u201cLiderazgo femenino en entornos masculinizados\u201d<\/strong>.<\/p>\n<p class=\"\" data-start=\"354\" data-end=\"856\">La sesi\u00f3n fue conducida por nuestra socia, la <strong data-start=\"400\" data-end=\"423\">Sra. Cristina Oliva<\/strong>, quien moder\u00f3 con sensibilidad y profundidad una mesa redonda con tres ponentes de primer nivel: <strong data-start=\"521\" data-end=\"538\">Claudia Tobon<\/strong>, responsable de IV Gamma en <strong data-start=\"567\" data-end=\"578\">Bidfood<\/strong>; <strong data-start=\"580\" data-end=\"598\">Georgina Cepas<\/strong>, jefa de medio ambiente en <strong data-start=\"626\" data-end=\"640\">Mercabarna<\/strong>; y <strong data-start=\"644\" data-end=\"662\">\u00c1ngela Nemesio<\/strong>, gestora de operaciones industriales en <strong data-start=\"703\" data-end=\"714\">Prezero<\/strong>. Las tres compartieron sus experiencias, vivencias y reflexiones en torno al hecho de liderar en \u00e1mbitos todav\u00eda mayoritariamente masculinos.<\/p>\n<p data-start=\"705\" data-end=\"1206\"><img decoding=\"async\" class=\"size-full wp-image-10394 aligncenter\" src=\"https:\/\/www.50a50.org\/wp-content\/uploads\/2025\/05\/C79A5997-scaled.jpg\" alt=\"\" width=\"2560\" height=\"1707\" srcset=\"https:\/\/www.50a50.org\/wp-content\/uploads\/2025\/05\/C79A5997-200x133.jpg 200w, https:\/\/www.50a50.org\/wp-content\/uploads\/2025\/05\/C79A5997-300x200.jpg 300w, https:\/\/www.50a50.org\/wp-content\/uploads\/2025\/05\/C79A5997-400x267.jpg 400w, https:\/\/www.50a50.org\/wp-content\/uploads\/2025\/05\/C79A5997-600x400.jpg 600w, https:\/\/www.50a50.org\/wp-content\/uploads\/2025\/05\/C79A5997-768x512.jpg 768w, https:\/\/www.50a50.org\/wp-content\/uploads\/2025\/05\/C79A5997-800x533.jpg 800w, https:\/\/www.50a50.org\/wp-content\/uploads\/2025\/05\/C79A5997-1200x800.jpg 1200w, https:\/\/www.50a50.org\/wp-content\/uploads\/2025\/05\/C79A5997-1536x1024.jpg 1536w, https:\/\/www.50a50.org\/wp-content\/uploads\/2025\/05\/C79A5997-scaled.jpg 2560w\" sizes=\"(max-width: 2560px) 100vw, 2560px\" \/><\/p>\n<h3 class=\"\" data-start=\"858\" data-end=\"892\">Trayectorias con mirada propia<\/h3>\n<p class=\"\" data-start=\"894\" data-end=\"1296\">La conversaci\u00f3n comenz\u00f3 con una presentaci\u00f3n personal de cada ponente, que explicaron el camino que las ha llevado a ocupar puestos de responsabilidad dentro de grandes empresas. Sus trayectorias, diversas pero igual de potentes, pusieron de manifiesto la necesidad de <strong data-start=\"1163\" data-end=\"1204\">persistencia, convicci\u00f3n y compromiso<\/strong> para hacerse un lugar en estructuras a menudo marcadas por modelos masculinos de liderazgo.<\/p>\n<h3 class=\"\" data-start=\"1298\" data-end=\"1334\">Retos, referentes y aprendizajes<\/h3>\n<p class=\"\" data-start=\"1336\" data-end=\"1791\">Uno de los ejes centrales de la conversaci\u00f3n fueron los <strong data-start=\"1392\" data-end=\"1401\">retos<\/strong> que las ponentes han tenido que afrontar en su carrera. Desde la <strong data-start=\"1467\" data-end=\"1503\">falta de representaci\u00f3n femenina<\/strong> en puestos de decisi\u00f3n hasta la dificultad para ser escuchadas o reconocidas en espacios t\u00e9cnicos o industriales, todas coincidieron en la importancia de <strong data-start=\"1658\" data-end=\"1686\">construir redes de apoyo<\/strong> y contar con <strong data-start=\"1700\" data-end=\"1714\">referentes<\/strong>, tanto femeninos como masculinos, que abran puertas y generen oportunidades.<\/p>\n<p class=\"\" data-start=\"1793\" data-end=\"2102\">Tambi\u00e9n se destac\u00f3 el papel de la <strong data-start=\"1827\" data-end=\"1864\">formaci\u00f3n espec\u00edfica en liderazgo<\/strong> y la influencia de <strong data-start=\"1884\" data-end=\"1907\">mentores o mentoras<\/strong> que han ayudado a consolidar sus habilidades como l\u00edderes. El aprendizaje no solo ha venido de la experiencia, sino tambi\u00e9n de la <strong data-start=\"2038\" data-end=\"2101\">capacidad de observar, adaptarse y crecer de forma continua<\/strong>.<\/p>\n<h3 class=\"\" data-start=\"2104\" data-end=\"2133\">Liderar en clave femenina<\/h3>\n<p class=\"\" data-start=\"2135\" data-end=\"2490\">Al hablar de su <strong data-start=\"2151\" data-end=\"2174\">estilo de liderazgo<\/strong>, las ponentes hicieron hincapi\u00e9 en valores como la <strong data-start=\"2226\" data-end=\"2305\">empat\u00eda, la escucha activa, la coherencia, el respeto y la visi\u00f3n colectiva<\/strong>. En entornos marcadamente masculinos, estas competencias han resultado clave para <strong data-start=\"2388\" data-end=\"2423\">consolidar equipos cohesionados<\/strong> y promover una cultura organizativa m\u00e1s <strong data-start=\"2464\" data-end=\"2489\">inclusiva y eficiente<\/strong>.<\/p>\n<p class=\"\" data-start=\"2492\" data-end=\"2808\">Tambi\u00e9n se abordaron las diferencias entre las <strong data-start=\"2539\" data-end=\"2561\">din\u00e1micas internas<\/strong> dentro de la empresa y las <strong data-start=\"2589\" data-end=\"2612\">relaciones externas<\/strong> con clientes o proveedores. Esta dualidad pone a menudo de relieve estereotipos y expectativas distintas seg\u00fan el g\u00e9nero, lo que exige una actitud <strong data-start=\"2760\" data-end=\"2807\">asertiva y una gran capacidad de adaptaci\u00f3n<\/strong>.<\/p>\n<p data-start=\"2806\" data-end=\"3118\"><img decoding=\"async\" class=\"size-full wp-image-10398 aligncenter\" src=\"https:\/\/www.50a50.org\/wp-content\/uploads\/2025\/05\/C79A5993-scaled.jpg\" alt=\"\" width=\"2560\" height=\"1707\" srcset=\"https:\/\/www.50a50.org\/wp-content\/uploads\/2025\/05\/C79A5993-200x133.jpg 200w, https:\/\/www.50a50.org\/wp-content\/uploads\/2025\/05\/C79A5993-300x200.jpg 300w, https:\/\/www.50a50.org\/wp-content\/uploads\/2025\/05\/C79A5993-400x267.jpg 400w, https:\/\/www.50a50.org\/wp-content\/uploads\/2025\/05\/C79A5993-600x400.jpg 600w, https:\/\/www.50a50.org\/wp-content\/uploads\/2025\/05\/C79A5993-768x512.jpg 768w, https:\/\/www.50a50.org\/wp-content\/uploads\/2025\/05\/C79A5993-800x533.jpg 800w, https:\/\/www.50a50.org\/wp-content\/uploads\/2025\/05\/C79A5993-1200x800.jpg 1200w, https:\/\/www.50a50.org\/wp-content\/uploads\/2025\/05\/C79A5993-1536x1024.jpg 1536w, https:\/\/www.50a50.org\/wp-content\/uploads\/2025\/05\/C79A5993-scaled.jpg 2560w\" sizes=\"(max-width: 2560px) 100vw, 2560px\" \/><\/p>\n<h3 class=\"\" data-start=\"2810\" data-end=\"2847\">Conciliaci\u00f3n y consejos de futuro<\/h3>\n<p class=\"\" data-start=\"2849\" data-end=\"3230\">Otro de los temas que gener\u00f3 mayor inter\u00e9s fue el de la <strong data-start=\"2905\" data-end=\"2958\">conciliaci\u00f3n entre la vida profesional y personal<\/strong>, especialmente en roles de liderazgo que implican altas exigencias y responsabilidades. Las ponentes fueron claras: es fundamental <strong data-start=\"3090\" data-end=\"3152\">compartir responsabilidades, desmontar roles tradicionales<\/strong> y promover <strong data-start=\"3164\" data-end=\"3200\">pol\u00edticas de conciliaci\u00f3n reales<\/strong> dentro de las organizaciones.<\/p>\n<p class=\"\" data-start=\"3232\" data-end=\"3536\">Finalmente, las tres quisieron lanzar un mensaje directo a las asistentes: <strong data-start=\"3307\" data-end=\"3381\">atr\u00e9vanse, busquen alianzas y no renuncien a liderar con su propia voz<\/strong>. En palabras de una de las participantes: <em data-start=\"3424\" data-end=\"3536\">\u201cNo se trata de imitar modelos masculinos de liderazgo, sino de construir los propios, desde la autenticidad.\u201d<\/em><\/p>\n<h3 class=\"\" data-start=\"3538\" data-end=\"3571\">Un espacio para crecer juntas<\/h3>\n<p class=\"\" data-start=\"3573\" data-end=\"3913\">El encuentro se convirti\u00f3 en un <strong data-start=\"3605\" data-end=\"3631\">espacio vivo y honesto<\/strong>, donde se compartieron experiencias, dudas, retos y tambi\u00e9n logros. Desde <strong data-start=\"3706\" data-end=\"3715\">50a50<\/strong> queremos agradecer a todas las participantes su generosidad, y especialmente a nuestra socia <strong data-start=\"3809\" data-end=\"3827\">Cristina Oliva<\/strong> por su excelente moderaci\u00f3n, que supo guiar la conversaci\u00f3n con rigor y sensibilidad.<\/p>\n<p class=\"\" data-start=\"3915\" data-end=\"4078\">Seguimos trabajando para <strong data-start=\"3940\" data-end=\"3977\">visibilizar el liderazgo femenino<\/strong> y para construir entornos profesionales donde <strong data-start=\"4024\" data-end=\"4077\">todas las voces puedan ser escuchadas y valoradas<\/strong>.<\/p>\n","protected":false},"excerpt":{"rendered":"<p>El pasado lunes, el Espai Lidera de Barcelona Activa acogi\u00f3 una nueva sesi\u00f3n de los desayunos de networking LIDERA, bajo el t\u00edtulo: \u201cLiderazgo femenino en entornos masculinizados\u201d. La sesi\u00f3n fue conducida por nuestra socia, la Sra. Cristina Oliva, quien moder\u00f3 con sensibilidad y profundidad una mesa redonda con tres ponentes de primer nivel: Claudia Tobon,<\/p>\n","protected":false},"author":1,"featured_media":10405,"comment_status":"closed","ping_status":"closed","sticky":false,"template":"","format":"standard","meta":{"footnotes":""},"categories":[57],"tags":[],"class_list":["post-10407","post","type-post","status-publish","format-standard","has-post-thumbnail","hentry","category-50a50-es"],"aioseo_notices":[],"_links":{"self":[{"href":"https:\/\/www.50a50.org\/es\/wp-json\/wp\/v2\/posts\/10407","targetHints":{"allow":["GET"]}}],"collection":[{"href":"https:\/\/www.50a50.org\/es\/wp-json\/wp\/v2\/posts"}],"about":[{"href":"https:\/\/www.50a50.org\/es\/wp-json\/wp\/v2\/types\/post"}],"author":[{"embeddable":true,"href":"https:\/\/www.50a50.org\/es\/wp-json\/wp\/v2\/users\/1"}],"replies":[{"embeddable":true,"href":"https:\/\/www.50a50.org\/es\/wp-json\/wp\/v2\/comments?post=10407"}],"version-history":[{"count":0,"href":"https:\/\/www.50a50.org\/es\/wp-json\/wp\/v2\/posts\/10407\/revisions"}],"wp:featuredmedia":[{"embeddable":true,"href":"https:\/\/www.50a50.org\/es\/wp-json\/wp\/v2\/media\/10405"}],"wp:attachment":[{"href":"https:\/\/www.50a50.org\/es\/wp-json\/wp\/v2\/media?parent=10407"}],"wp:term":[{"taxonomy":"category","embeddable":true,"href":"https:\/\/www.50a50.org\/es\/wp-json\/wp\/v2\/categories?post=10407"},{"taxonomy":"post_tag","embeddable":true,"href":"https:\/\/www.50a50.org\/es\/wp-json\/wp\/v2\/tags?post=10407"}],"curies":[{"name":"wp","href":"https:\/\/api.w.org\/{rel}","templated":true}]}}