{"id":10032,"date":"2025-01-22T10:48:52","date_gmt":"2025-01-22T10:48:52","guid":{"rendered":"https:\/\/www.50a50.org\/?p=10032"},"modified":"2025-01-22T10:48:52","modified_gmt":"2025-01-22T10:48:52","slug":"cronica-del-club-de-lectura-50a50-la-mestra-i-la-bestia-dimma-monso","status":"publish","type":"post","link":"https:\/\/www.50a50.org\/es\/cronica-del-club-de-lectura-50a50-la-mestra-i-la-bestia-dimma-monso\/","title":{"rendered":"Cr\u00f2nica del Club de Lectura 50a50: &#8216;La mestra i la b\u00e8stia&#8217; d\u2019Imma Mons\u00f3"},"content":{"rendered":"<p>El passat dilluns, la llibreria Ona es va omplir d\u2019apassionades lectores per celebrar una nova sessi\u00f3 del Club de Lectura 50a50. Aquesta vegada, el llibre escollit va ser <em>La mestra i la b\u00e8stia<\/em>, una obra magistral d\u2019Imma Mons\u00f3, guardonada amb el Premi \u00d2mnium a la Millor Novel\u00b7la de l\u2019Any.<\/p>\n<p>La trobada va comen\u00e7ar amb una breu introducci\u00f3 a la traject\u00f2ria de l\u2019autora i l\u2019impacte del seu estil \u00fanic, caracteritzat per la subtilesa, la ironia i una profunda intel\u00b7lig\u00e8ncia narrativa. L\u2019obra, situada al setembre de 1962, retrata la hist\u00f2ria de Severina, una jove mestra que arriba a un poble del Pirineu ribagor\u00e7\u00e0 per ocupar la seva primera pla\u00e7a en una escola rural. A trav\u00e9s dels seus ulls, Mons\u00f3 construeix una narraci\u00f3 que reflexiona sobre les tensions entre la individualitat i les exig\u00e8ncies d\u2019una societat marcada per les ferides hist\u00f2riques.<\/p>\n<p>Durant el debat, les assistents van destacar la profunditat psicol\u00f2gica dels personatges i la capacitat de l\u2019autora per captar els matisos d\u2019un entorn rural aparentment senzill per\u00f2 ple de complexitats. Tamb\u00e9 es va comentar la ironia amb qu\u00e8 Mons\u00f3 retrata les passions humanes, incloent-hi la \u00abdeliciosa\u00bb relaci\u00f3 unidireccional de la protagonista.<\/p>\n<p><img decoding=\"async\" class=\"alignnone size-full wp-image-10033\" src=\"https:\/\/www.50a50.org\/wp-content\/uploads\/2025\/01\/WhatsApp-Image-2025-01-20-at-19.14.48.jpeg\" alt=\"\" width=\"800\" height=\"600\" srcset=\"https:\/\/www.50a50.org\/wp-content\/uploads\/2025\/01\/WhatsApp-Image-2025-01-20-at-19.14.48-200x150.jpeg 200w, https:\/\/www.50a50.org\/wp-content\/uploads\/2025\/01\/WhatsApp-Image-2025-01-20-at-19.14.48-300x225.jpeg 300w, https:\/\/www.50a50.org\/wp-content\/uploads\/2025\/01\/WhatsApp-Image-2025-01-20-at-19.14.48-400x300.jpeg 400w, https:\/\/www.50a50.org\/wp-content\/uploads\/2025\/01\/WhatsApp-Image-2025-01-20-at-19.14.48-500x375.jpeg 500w, https:\/\/www.50a50.org\/wp-content\/uploads\/2025\/01\/WhatsApp-Image-2025-01-20-at-19.14.48-600x450.jpeg 600w, https:\/\/www.50a50.org\/wp-content\/uploads\/2025\/01\/WhatsApp-Image-2025-01-20-at-19.14.48-768x576.jpeg 768w, https:\/\/www.50a50.org\/wp-content\/uploads\/2025\/01\/WhatsApp-Image-2025-01-20-at-19.14.48.jpeg 800w, https:\/\/www.50a50.org\/wp-content\/uploads\/2025\/01\/WhatsApp-Image-2025-01-20-at-19.14.48-1200x900.jpeg 1200w, https:\/\/www.50a50.org\/wp-content\/uploads\/2025\/01\/WhatsApp-Image-2025-01-20-at-19.14.48-1536x1152.jpeg 1536w\" sizes=\"(max-width: 800px) 100vw, 800px\" \/><\/p>\n<p>Un dels moments m\u00e9s enriquidors de la sessi\u00f3 va ser la reflexi\u00f3 col\u00b7lectiva sobre com Mons\u00f3 utilitza el context hist\u00f2ric \u2014amb les seves ombres i silencis\u2014 per construir un retrat punyent del passat col\u00b7lectiu. La novel\u00b7la no nom\u00e9s parla de la hist\u00f2ria personal de Severina, sin\u00f3 que tamb\u00e9 convida a llegir entre l\u00ednies la hist\u00f2ria del pa\u00eds.<\/p>\n<p>Finalment, les participants van coincidir que <em>La mestra i la b\u00e8stia<\/em> \u00e9s una obra plena de capes i matisos, capa\u00e7 de fer riure, emocionar i fer pensar alhora. La sessi\u00f3 va concloure amb un animat intercanvi d\u2019opinions i amb l\u2019emoci\u00f3 compartida de continuar descobrint joies liter\u00e0ries en properes trobades.<\/p>\n<p>La cita va ser un exemple perfecte de la for\u00e7a de la literatura per crear vincles i generar debat. <strong>Fins la propera sessi\u00f3 del Club de Lectura 50a50!<\/strong><\/p>\n","protected":false},"excerpt":{"rendered":"<p>El passat dilluns, la llibreria Ona es va omplir d\u2019apassionades lectores per celebrar una nova sessi\u00f3 del Club de Lectura 50a50. Aquesta vegada, el llibre escollit va ser La mestra i la b\u00e8stia, una obra magistral d\u2019Imma Mons\u00f3, guardonada amb el Premi \u00d2mnium a la Millor Novel\u00b7la de l\u2019Any. La trobada va comen\u00e7ar amb una<\/p>\n","protected":false},"author":1,"featured_media":10037,"comment_status":"closed","ping_status":"closed","sticky":false,"template":"","format":"standard","meta":{"footnotes":""},"categories":[57],"tags":[],"class_list":["post-10032","post","type-post","status-publish","format-standard","has-post-thumbnail","hentry","category-50a50-es"],"aioseo_notices":[],"_links":{"self":[{"href":"https:\/\/www.50a50.org\/es\/wp-json\/wp\/v2\/posts\/10032","targetHints":{"allow":["GET"]}}],"collection":[{"href":"https:\/\/www.50a50.org\/es\/wp-json\/wp\/v2\/posts"}],"about":[{"href":"https:\/\/www.50a50.org\/es\/wp-json\/wp\/v2\/types\/post"}],"author":[{"embeddable":true,"href":"https:\/\/www.50a50.org\/es\/wp-json\/wp\/v2\/users\/1"}],"replies":[{"embeddable":true,"href":"https:\/\/www.50a50.org\/es\/wp-json\/wp\/v2\/comments?post=10032"}],"version-history":[{"count":0,"href":"https:\/\/www.50a50.org\/es\/wp-json\/wp\/v2\/posts\/10032\/revisions"}],"wp:featuredmedia":[{"embeddable":true,"href":"https:\/\/www.50a50.org\/es\/wp-json\/wp\/v2\/media\/10037"}],"wp:attachment":[{"href":"https:\/\/www.50a50.org\/es\/wp-json\/wp\/v2\/media?parent=10032"}],"wp:term":[{"taxonomy":"category","embeddable":true,"href":"https:\/\/www.50a50.org\/es\/wp-json\/wp\/v2\/categories?post=10032"},{"taxonomy":"post_tag","embeddable":true,"href":"https:\/\/www.50a50.org\/es\/wp-json\/wp\/v2\/tags?post=10032"}],"curies":[{"name":"wp","href":"https:\/\/api.w.org\/{rel}","templated":true}]}}