{"id":5280,"date":"2020-01-06T22:06:42","date_gmt":"2020-01-06T22:06:42","guid":{"rendered":"https:\/\/www.50a50.org\/?p=5280"},"modified":"2020-01-06T22:06:42","modified_gmt":"2020-01-06T22:06:42","slug":"anna-mercade-inaugurates-the-50a50-female-leadership-training-program","status":"publish","type":"post","link":"https:\/\/www.50a50.org\/en\/anna-mercade-inaugurates-the-50a50-female-leadership-training-program\/","title":{"rendered":"Anna Mercad\u00e9 inaugurates the 50a50 female leadership training program"},"content":{"rendered":"<p><div class=\"fusion-fullwidth fullwidth-box fusion-builder-row-1 nonhundred-percent-fullwidth non-hundred-percent-height-scrolling\" style=\"--awb-border-radius-top-left:0px;--awb-border-radius-top-right:0px;--awb-border-radius-bottom-right:0px;--awb-border-radius-bottom-left:0px;--awb-flex-wrap:wrap;\" ><div class=\"fusion-builder-row fusion-row\"><div class=\"fusion-layout-column fusion_builder_column fusion-builder-column-0 fusion_builder_column_1_1 1_1 fusion-one-full fusion-column-first fusion-column-last\" style=\"--awb-bg-size:cover;\"><div class=\"fusion-column-wrapper fusion-column-has-shadow fusion-flex-column-wrapper-legacy\"><div class=\"fusion-image-element fusion-image-align-center in-legacy-container\" style=\"text-align:center;--awb-max-width:2000px;--awb-caption-title-font-family:var(--h2_typography-font-family);--awb-caption-title-font-weight:var(--h2_typography-font-weight);--awb-caption-title-font-style:var(--h2_typography-font-style);--awb-caption-title-size:var(--h2_typography-font-size);--awb-caption-title-transform:var(--h2_typography-text-transform);--awb-caption-title-line-height:var(--h2_typography-line-height);--awb-caption-title-letter-spacing:var(--h2_typography-letter-spacing);\"><div class=\"imageframe-align-center\"><span class=\" fusion-imageframe imageframe-none imageframe-1 hover-type-none\"><img decoding=\"async\" width=\"1280\" height=\"720\" title=\"Sessi\u00f3 1 programa formaci\u00f3 lideratge femen\u00ed\" src=\"https:\/\/www.50a50.org\/wp-content\/uploads\/2020\/01\/Sessi\u00f3-1-programa-formaci\u00f3-lideratge-femen\u00ed.jpg\" alt class=\"img-responsive wp-image-5274\" srcset=\"https:\/\/www.50a50.org\/wp-content\/uploads\/2020\/01\/Sessi\u00f3-1-programa-formaci\u00f3-lideratge-femen\u00ed-200x113.jpg 200w, https:\/\/www.50a50.org\/wp-content\/uploads\/2020\/01\/Sessi\u00f3-1-programa-formaci\u00f3-lideratge-femen\u00ed-400x225.jpg 400w, https:\/\/www.50a50.org\/wp-content\/uploads\/2020\/01\/Sessi\u00f3-1-programa-formaci\u00f3-lideratge-femen\u00ed-600x338.jpg 600w, https:\/\/www.50a50.org\/wp-content\/uploads\/2020\/01\/Sessi\u00f3-1-programa-formaci\u00f3-lideratge-femen\u00ed-800x450.jpg 800w, https:\/\/www.50a50.org\/wp-content\/uploads\/2020\/01\/Sessi\u00f3-1-programa-formaci\u00f3-lideratge-femen\u00ed-1200x675.jpg 1200w, https:\/\/www.50a50.org\/wp-content\/uploads\/2020\/01\/Sessi\u00f3-1-programa-formaci\u00f3-lideratge-femen\u00ed.jpg 1280w\" sizes=\"(max-width: 1024px) 100vw, 1200px\" \/><\/span><\/div><\/div><div class=\"fusion-sep-clear\"><\/div><div class=\"fusion-separator fusion-full-width-sep\" style=\"margin-left: auto;margin-right: auto;margin-top:15px;margin-bottom:15px;width:100%;\"><div class=\"fusion-separator-border sep-single\" style=\"--awb-height:20px;--awb-amount:20px;border-color:#e0dede;border-top-width:0px;\"><\/div><\/div><div class=\"fusion-sep-clear\"><\/div><div class=\"fusion-sep-clear\"><\/div><div class=\"fusion-separator fusion-full-width-sep\" style=\"margin-left: auto;margin-right: auto;margin-top:15px;margin-bottom:15px;width:100%;\"><div class=\"fusion-separator-border sep-single\" style=\"--awb-height:20px;--awb-amount:20px;border-color:#e0dede;border-top-width:0px;\"><\/div><\/div><div class=\"fusion-sep-clear\"><\/div><div class=\"fusion-clearfix\"><\/div><\/div><\/div><\/div><\/div><div class=\"fusion-fullwidth fullwidth-box fusion-builder-row-2 nonhundred-percent-fullwidth non-hundred-percent-height-scrolling\" style=\"--awb-border-radius-top-left:0px;--awb-border-radius-top-right:0px;--awb-border-radius-bottom-right:0px;--awb-border-radius-bottom-left:0px;--awb-flex-wrap:wrap;\" ><div class=\"fusion-builder-row fusion-row\"><div class=\"fusion-layout-column fusion_builder_column fusion-builder-column-1 fusion_builder_column_1_5 1_5 fusion-one-fifth fusion-column-first\" style=\"--awb-bg-size:cover;width:20%;width:calc(20% - ( ( 4% + 4% ) * 0.2 ) );margin-right: 4%;\"><div class=\"fusion-column-wrapper fusion-column-has-shadow fusion-flex-column-wrapper-legacy\"><div class=\"fusion-clearfix\"><\/div><\/div><\/div><div class=\"fusion-layout-column fusion_builder_column fusion-builder-column-2 fusion_builder_column_3_5 3_5 fusion-three-fifth\" style=\"--awb-bg-size:cover;width:60%;width:calc(60% - ( ( 4% + 4% ) * 0.6 ) );margin-right: 4%;\"><div class=\"fusion-column-wrapper fusion-column-has-shadow fusion-flex-column-wrapper-legacy\"><div class=\"fusion-text fusion-text-1\"><h2><strong>Anna Mercad\u00e9 inaugurates the<\/strong> <strong>50a50 female leadership training program<\/strong><\/h2>\n<\/div><div class=\"fusion-sep-clear\"><\/div><div class=\"fusion-separator fusion-full-width-sep\" style=\"margin-left: auto;margin-right: auto;margin-top:15px;margin-bottom:15px;width:100%;\"><div class=\"fusion-separator-border sep-single\" style=\"--awb-height:20px;--awb-amount:20px;border-color:#e0dede;border-top-width:0px;\"><\/div><\/div><div class=\"fusion-sep-clear\"><\/div><div class=\"fusion-sep-clear\"><\/div><div class=\"fusion-separator fusion-full-width-sep\" style=\"margin-left: auto;margin-right: auto;margin-top:15px;margin-bottom:15px;width:100%;\"><div class=\"fusion-separator-border sep-single\" style=\"--awb-height:20px;--awb-amount:20px;border-color:#e0dede;border-top-width:0px;\"><\/div><\/div><div class=\"fusion-sep-clear\"><\/div><div class=\"fusion-text fusion-text-2\"><p>The first session of the 50a50 female leadership training program will be held on <strong>Monday, January 20<\/strong>, and will go by the president of the association, <strong>Anna Mercad\u00e9<\/strong>, under the title &#8220;<strong>Introduction. Transformational leadership<\/strong>&#8220;.<\/p>\n<p>The 50a50 female leadership training program aims to offer a framework of professional and personal growth to 50a50 members to be able to exercise female leadership in their organizations from a gender and enriching perspective.<\/p>\n<p>In the first workshop of the seven session cycle, Anna Mercad\u00e9 i Ferrando will teach us how to exercise that kind of leadership carried out by people with a strong vision and personality, thanks to which they are able to change expectations, perceptions and motivations, as well as leading the change, within an organization. Transformational leadership is what we women do for the good of society.<\/p>\n<p>The session will take place on Monday, January 20, from 6.30 to 8.30 pm, in the association&#8217;s coworking (Diagonal 460, 2-2), and is reserved for members, upon registration and payment of 10 euros per person, through this <a href=\"https:\/\/www.eventbrite.es\/e\/entradas-sessio-1-programa-de-formacio-de-lideratge-femeni-de-5a50-86786417511\">link<\/a>.<\/p>\n<p>Click <a href=\"https:\/\/www.50a50.org\/en\/50a50-female-leadership-training-program\/\">here<\/a> for more information on the 50a50 women&#8217;s leadership training program.<\/p>\n<\/div><div class=\"fusion-clearfix\"><\/div><\/div><\/div><div class=\"fusion-layout-column fusion_builder_column fusion-builder-column-3 fusion_builder_column_1_5 1_5 fusion-one-fifth fusion-column-last\" style=\"--awb-bg-size:cover;width:20%;width:calc(20% - ( ( 4% + 4% ) * 0.2 ) );\"><div class=\"fusion-column-wrapper fusion-column-has-shadow fusion-flex-column-wrapper-legacy\"><div class=\"fusion-clearfix\"><\/div><\/div><\/div><\/div><\/div><\/p>\n","protected":false},"excerpt":{"rendered":"<p>The first session of the 50a50 female leadership training program will be held on Monday, January 20, and will go by the president of the association, Anna Mercad\u00e9, under the title &#8220;Introduction. Transformational leadership&#8221;.<\/p>\n","protected":false},"author":1,"featured_media":5274,"comment_status":"closed","ping_status":"closed","sticky":false,"template":"","format":"standard","meta":{"footnotes":""},"categories":[257],"tags":[339,341,346],"class_list":["post-5280","post","type-post","status-publish","format-standard","has-post-thumbnail","hentry","category-activitats-2","tag-339","tag-341","tag-346"],"aioseo_notices":[],"aioseo_head":"\n\t\t<!-- All in One SEO 5.0.0.1 - aioseo.com -->\n\t<meta name=\"description\" content=\"The first session of the 50a50 female leadership training program will be held on Monday, January 20, and will go by the president of the association, Anna Mercad\u00e9, under the title &quot;Introduction. Transformational leadership&quot;.\" \/>\n\t<meta name=\"robots\" content=\"max-image-preview:large\" \/>\n\t<meta name=\"author\" content=\"50a50\"\/>\n\t<link rel=\"canonical\" href=\"https:\/\/www.50a50.org\/en\/anna-mercade-inaugurates-the-50a50-female-leadership-training-program\/\" \/>\n\t<meta name=\"generator\" content=\"All in One SEO (AIOSEO) 5.0.0.1\" \/>\n\t\t<meta property=\"og:locale\" content=\"en_US\" \/>\n\t\t<meta property=\"og:site_name\" content=\"50a50 | Dones directives i professionals per la paritat\" \/>\n\t\t<meta property=\"og:type\" content=\"article\" \/>\n\t\t<meta property=\"og:title\" content=\"Anna Mercad\u00e9 inaugurates the 50a50 female leadership training program | 50a50\" \/>\n\t\t<meta property=\"og:description\" content=\"The first session of the 50a50 female leadership training program will be held on Monday, January 20, and will go by the president of the association, Anna Mercad\u00e9, under the title &quot;Introduction. Transformational leadership&quot;.\" \/>\n\t\t<meta property=\"og:url\" content=\"https:\/\/www.50a50.org\/en\/anna-mercade-inaugurates-the-50a50-female-leadership-training-program\/\" \/>\n\t\t<meta property=\"article:published_time\" content=\"2020-01-06T22:06:42+00:00\" \/>\n\t\t<meta property=\"article:modified_time\" content=\"2020-01-06T22:06:42+00:00\" \/>\n\t\t<meta name=\"twitter:card\" content=\"summary\" \/>\n\t\t<meta name=\"twitter:title\" content=\"Anna Mercad\u00e9 inaugurates the 50a50 female leadership training program | 50a50\" \/>\n\t\t<meta name=\"twitter:description\" content=\"The first session of the 50a50 female leadership training program will be held on Monday, January 20, and will go by the president of the association, Anna Mercad\u00e9, under the title &quot;Introduction. Transformational leadership&quot;.\" \/>\n\t\t<script type=\"application\/ld+json\" class=\"aioseo-schema\">\n\t\t\t{\"@context\":\"https:\\\/\\\/schema.org\",\"@graph\":[{\"@type\":\"Article\",\"@id\":\"https:\\\/\\\/www.50a50.org\\\/en\\\/anna-mercade-inaugurates-the-50a50-female-leadership-training-program\\\/#article\",\"name\":\"Anna Mercad\\u00e9 inaugurates the 50a50 female leadership training program | 50a50\",\"headline\":\"Anna Mercad\\u00e9 inaugurates the 50a50 female leadership training program\",\"author\":{\"@id\":\"https:\\\/\\\/www.50a50.org\\\/en\\\/author\\\/backoffice\\\/#author\"},\"publisher\":{\"@id\":\"https:\\\/\\\/www.50a50.org\\\/en\\\/#organization\"},\"image\":{\"@type\":\"ImageObject\",\"url\":\"https:\\\/\\\/www.50a50.org\\\/wp-content\\\/uploads\\\/2020\\\/01\\\/Sessi\\u00f3-1-programa-formaci\\u00f3-lideratge-femen\\u00ed.jpg\",\"width\":1280,\"height\":720},\"datePublished\":\"2020-01-06T22:06:42+00:00\",\"dateModified\":\"2020-01-06T22:06:42+00:00\",\"inLanguage\":\"en-US\",\"mainEntityOfPage\":{\"@id\":\"https:\\\/\\\/www.50a50.org\\\/en\\\/anna-mercade-inaugurates-the-50a50-female-leadership-training-program\\\/#webpage\"},\"isPartOf\":{\"@id\":\"https:\\\/\\\/www.50a50.org\\\/en\\\/anna-mercade-inaugurates-the-50a50-female-leadership-training-program\\\/#webpage\"},\"articleSection\":\"Activitats, 316, 321, 345\"},{\"@type\":\"BreadcrumbList\",\"@id\":\"https:\\\/\\\/www.50a50.org\\\/en\\\/anna-mercade-inaugurates-the-50a50-female-leadership-training-program\\\/#breadcrumblist\",\"itemListElement\":[{\"@type\":\"ListItem\",\"@id\":\"https:\\\/\\\/www.50a50.org\\\/en\\\/#listItem\",\"position\":1,\"name\":\"Home\",\"item\":\"https:\\\/\\\/www.50a50.org\\\/en\\\/\",\"nextItem\":{\"@type\":\"ListItem\",\"@id\":\"https:\\\/\\\/www.50a50.org\\\/en\\\/category\\\/activitats-2\\\/#listItem\",\"name\":\"Activitats\"}},{\"@type\":\"ListItem\",\"@id\":\"https:\\\/\\\/www.50a50.org\\\/en\\\/category\\\/activitats-2\\\/#listItem\",\"position\":2,\"name\":\"Activitats\",\"item\":\"https:\\\/\\\/www.50a50.org\\\/en\\\/category\\\/activitats-2\\\/\",\"nextItem\":{\"@type\":\"ListItem\",\"@id\":\"https:\\\/\\\/www.50a50.org\\\/en\\\/anna-mercade-inaugurates-the-50a50-female-leadership-training-program\\\/#listItem\",\"name\":\"Anna Mercad\\u00e9 inaugurates the 50a50 female leadership training program\"},\"previousItem\":{\"@type\":\"ListItem\",\"@id\":\"https:\\\/\\\/www.50a50.org\\\/en\\\/#listItem\",\"name\":\"Home\"}},{\"@type\":\"ListItem\",\"@id\":\"https:\\\/\\\/www.50a50.org\\\/en\\\/anna-mercade-inaugurates-the-50a50-female-leadership-training-program\\\/#listItem\",\"position\":3,\"name\":\"Anna Mercad\\u00e9 inaugurates the 50a50 female leadership training program\",\"previousItem\":{\"@type\":\"ListItem\",\"@id\":\"https:\\\/\\\/www.50a50.org\\\/en\\\/category\\\/activitats-2\\\/#listItem\",\"name\":\"Activitats\"}}]},{\"@type\":\"Organization\",\"@id\":\"https:\\\/\\\/www.50a50.org\\\/en\\\/#organization\",\"name\":\"50a50\",\"description\":\"Dones directives i professionals per la paritat\",\"url\":\"https:\\\/\\\/www.50a50.org\\\/en\\\/\"},{\"@type\":\"Person\",\"@id\":\"https:\\\/\\\/www.50a50.org\\\/en\\\/author\\\/backoffice\\\/#author\",\"url\":\"https:\\\/\\\/www.50a50.org\\\/en\\\/author\\\/backoffice\\\/\",\"name\":\"50a50\"},{\"@type\":\"WebPage\",\"@id\":\"https:\\\/\\\/www.50a50.org\\\/en\\\/anna-mercade-inaugurates-the-50a50-female-leadership-training-program\\\/#webpage\",\"url\":\"https:\\\/\\\/www.50a50.org\\\/en\\\/anna-mercade-inaugurates-the-50a50-female-leadership-training-program\\\/\",\"name\":\"Anna Mercad\\u00e9 inaugurates the 50a50 female leadership training program | 50a50\",\"description\":\"The first session of the 50a50 female leadership training program will be held on Monday, January 20, and will go by the president of the association, Anna Mercad\\u00e9, under the title \\\"Introduction. Transformational leadership\\\".\",\"inLanguage\":\"en-US\",\"isPartOf\":{\"@id\":\"https:\\\/\\\/www.50a50.org\\\/en\\\/#website\"},\"breadcrumb\":{\"@id\":\"https:\\\/\\\/www.50a50.org\\\/en\\\/anna-mercade-inaugurates-the-50a50-female-leadership-training-program\\\/#breadcrumblist\"},\"author\":{\"@id\":\"https:\\\/\\\/www.50a50.org\\\/en\\\/author\\\/backoffice\\\/#author\"},\"creator\":{\"@id\":\"https:\\\/\\\/www.50a50.org\\\/en\\\/author\\\/backoffice\\\/#author\"},\"image\":{\"@type\":\"ImageObject\",\"url\":\"https:\\\/\\\/www.50a50.org\\\/wp-content\\\/uploads\\\/2020\\\/01\\\/Sessi\\u00f3-1-programa-formaci\\u00f3-lideratge-femen\\u00ed.jpg\",\"@id\":\"https:\\\/\\\/www.50a50.org\\\/en\\\/anna-mercade-inaugurates-the-50a50-female-leadership-training-program\\\/#mainImage\",\"width\":1280,\"height\":720},\"primaryImageOfPage\":{\"@id\":\"https:\\\/\\\/www.50a50.org\\\/en\\\/anna-mercade-inaugurates-the-50a50-female-leadership-training-program\\\/#mainImage\"},\"datePublished\":\"2020-01-06T22:06:42+00:00\",\"dateModified\":\"2020-01-06T22:06:42+00:00\"},{\"@type\":\"WebSite\",\"@id\":\"https:\\\/\\\/www.50a50.org\\\/en\\\/#website\",\"url\":\"https:\\\/\\\/www.50a50.org\\\/en\\\/\",\"name\":\"50a50\",\"description\":\"Dones directives i professionals per la paritat\",\"inLanguage\":\"en-US\",\"publisher\":{\"@id\":\"https:\\\/\\\/www.50a50.org\\\/en\\\/#organization\"}}]}\n\t\t<\/script>\n\t\t<!-- All in One SEO -->\n\n","aioseo_head_json":{"title":"Anna Mercad\u00e9 inaugurates the 50a50 female leadership training program | 50a50","description":"The first session of the 50a50 female leadership training program will be held on Monday, January 20, and will go by the president of the association, Anna Mercad\u00e9, under the title \"Introduction. Transformational leadership\".","canonical_url":"https:\/\/www.50a50.org\/en\/anna-mercade-inaugurates-the-50a50-female-leadership-training-program\/","robots":"max-image-preview:large","keywords":"","webmasterTools":{"miscellaneous":""},"schema":{"@context":"https:\/\/schema.org","@graph":[{"@type":"Article","@id":"https:\/\/www.50a50.org\/en\/anna-mercade-inaugurates-the-50a50-female-leadership-training-program\/#article","name":"Anna Mercad\u00e9 inaugurates the 50a50 female leadership training program | 50a50","headline":"Anna Mercad\u00e9 inaugurates the 50a50 female leadership training program","author":{"@id":"https:\/\/www.50a50.org\/en\/author\/backoffice\/#author"},"publisher":{"@id":"https:\/\/www.50a50.org\/en\/#organization"},"image":{"@type":"ImageObject","url":"https:\/\/www.50a50.org\/wp-content\/uploads\/2020\/01\/Sessi\u00f3-1-programa-formaci\u00f3-lideratge-femen\u00ed.jpg","width":1280,"height":720},"datePublished":"2020-01-06T22:06:42+00:00","dateModified":"2020-01-06T22:06:42+00:00","inLanguage":"en-US","mainEntityOfPage":{"@id":"https:\/\/www.50a50.org\/en\/anna-mercade-inaugurates-the-50a50-female-leadership-training-program\/#webpage"},"isPartOf":{"@id":"https:\/\/www.50a50.org\/en\/anna-mercade-inaugurates-the-50a50-female-leadership-training-program\/#webpage"},"articleSection":"Activitats, 316, 321, 345"},{"@type":"BreadcrumbList","@id":"https:\/\/www.50a50.org\/en\/anna-mercade-inaugurates-the-50a50-female-leadership-training-program\/#breadcrumblist","itemListElement":[{"@type":"ListItem","@id":"https:\/\/www.50a50.org\/en\/#listItem","position":1,"name":"Home","item":"https:\/\/www.50a50.org\/en\/","nextItem":{"@type":"ListItem","@id":"https:\/\/www.50a50.org\/en\/category\/activitats-2\/#listItem","name":"Activitats"}},{"@type":"ListItem","@id":"https:\/\/www.50a50.org\/en\/category\/activitats-2\/#listItem","position":2,"name":"Activitats","item":"https:\/\/www.50a50.org\/en\/category\/activitats-2\/","nextItem":{"@type":"ListItem","@id":"https:\/\/www.50a50.org\/en\/anna-mercade-inaugurates-the-50a50-female-leadership-training-program\/#listItem","name":"Anna Mercad\u00e9 inaugurates the 50a50 female leadership training program"},"previousItem":{"@type":"ListItem","@id":"https:\/\/www.50a50.org\/en\/#listItem","name":"Home"}},{"@type":"ListItem","@id":"https:\/\/www.50a50.org\/en\/anna-mercade-inaugurates-the-50a50-female-leadership-training-program\/#listItem","position":3,"name":"Anna Mercad\u00e9 inaugurates the 50a50 female leadership training program","previousItem":{"@type":"ListItem","@id":"https:\/\/www.50a50.org\/en\/category\/activitats-2\/#listItem","name":"Activitats"}}]},{"@type":"Organization","@id":"https:\/\/www.50a50.org\/en\/#organization","name":"50a50","description":"Dones directives i professionals per la paritat","url":"https:\/\/www.50a50.org\/en\/"},{"@type":"Person","@id":"https:\/\/www.50a50.org\/en\/author\/backoffice\/#author","url":"https:\/\/www.50a50.org\/en\/author\/backoffice\/","name":"50a50"},{"@type":"WebPage","@id":"https:\/\/www.50a50.org\/en\/anna-mercade-inaugurates-the-50a50-female-leadership-training-program\/#webpage","url":"https:\/\/www.50a50.org\/en\/anna-mercade-inaugurates-the-50a50-female-leadership-training-program\/","name":"Anna Mercad\u00e9 inaugurates the 50a50 female leadership training program | 50a50","description":"The first session of the 50a50 female leadership training program will be held on Monday, January 20, and will go by the president of the association, Anna Mercad\u00e9, under the title \"Introduction. Transformational leadership\".","inLanguage":"en-US","isPartOf":{"@id":"https:\/\/www.50a50.org\/en\/#website"},"breadcrumb":{"@id":"https:\/\/www.50a50.org\/en\/anna-mercade-inaugurates-the-50a50-female-leadership-training-program\/#breadcrumblist"},"author":{"@id":"https:\/\/www.50a50.org\/en\/author\/backoffice\/#author"},"creator":{"@id":"https:\/\/www.50a50.org\/en\/author\/backoffice\/#author"},"image":{"@type":"ImageObject","url":"https:\/\/www.50a50.org\/wp-content\/uploads\/2020\/01\/Sessi\u00f3-1-programa-formaci\u00f3-lideratge-femen\u00ed.jpg","@id":"https:\/\/www.50a50.org\/en\/anna-mercade-inaugurates-the-50a50-female-leadership-training-program\/#mainImage","width":1280,"height":720},"primaryImageOfPage":{"@id":"https:\/\/www.50a50.org\/en\/anna-mercade-inaugurates-the-50a50-female-leadership-training-program\/#mainImage"},"datePublished":"2020-01-06T22:06:42+00:00","dateModified":"2020-01-06T22:06:42+00:00"},{"@type":"WebSite","@id":"https:\/\/www.50a50.org\/en\/#website","url":"https:\/\/www.50a50.org\/en\/","name":"50a50","description":"Dones directives i professionals per la paritat","inLanguage":"en-US","publisher":{"@id":"https:\/\/www.50a50.org\/en\/#organization"}}]},"og:locale":"en_US","og:site_name":"50a50 | Dones directives i professionals per la paritat","og:type":"article","og:title":"Anna Mercad\u00e9 inaugurates the 50a50 female leadership training program | 50a50","og:description":"The first session of the 50a50 female leadership training program will be held on Monday, January 20, and will go by the president of the association, Anna Mercad\u00e9, under the title &quot;Introduction. Transformational leadership&quot;.","og:url":"https:\/\/www.50a50.org\/en\/anna-mercade-inaugurates-the-50a50-female-leadership-training-program\/","article:published_time":"2020-01-06T22:06:42+00:00","article:modified_time":"2020-01-06T22:06:42+00:00","twitter:card":"summary","twitter:title":"Anna Mercad\u00e9 inaugurates the 50a50 female leadership training program | 50a50","twitter:description":"The first session of the 50a50 female leadership training program will be held on Monday, January 20, and will go by the president of the association, Anna Mercad\u00e9, under the title &quot;Introduction. Transformational leadership&quot;."},"aioseo_meta_data":{"post_id":"5280","title":"Anna Mercad\u00e9 inaugurates the 50a50 female leadership training program | #site_title","description":"The first session of the 50a50 female leadership training program will be held on Monday, January 20, and will go by the president of the association, Anna Mercad\u00e9, under the title &quot;Introduction. Transformational leadership&quot;.","keywords":null,"keyphrases":null,"primary_term":null,"canonical_url":null,"og_title":null,"og_description":null,"og_object_type":"default","og_image_type":"default","og_image_url":null,"og_image_width":null,"og_image_height":null,"og_image_custom_url":null,"og_image_custom_fields":null,"og_video":null,"og_custom_url":null,"og_article_section":null,"og_article_tags":null,"twitter_use_og":false,"twitter_card":"default","twitter_image_type":"default","twitter_image_url":null,"twitter_image_custom_url":null,"twitter_image_custom_fields":null,"twitter_title":null,"twitter_description":null,"schema":{"blockGraphs":[],"customGraphs":[],"default":{"data":{"Article":[],"Course":[],"Dataset":[],"FAQPage":[],"Movie":[],"Person":[],"Product":[],"ProductReview":[],"Car":[],"Recipe":[],"Service":[],"SoftwareApplication":[],"WebPage":[]},"graphName":"","isEnabled":true},"graphs":[]},"schema_type":null,"schema_type_options":null,"pillar_content":false,"robots_default":true,"robots_noindex":false,"robots_noarchive":false,"robots_nosnippet":false,"robots_nofollow":false,"robots_noimageindex":false,"robots_noodp":false,"robots_notranslate":false,"robots_max_snippet":null,"robots_max_videopreview":null,"robots_max_imagepreview":"large","priority":null,"frequency":null,"local_seo":null,"breadcrumb_settings":null,"limit_modified_date":false,"ai":null,"created":"2020-12-28 08:05:29","updated":"2025-06-10 16:49:56","seo_analyzer_scan_date":null,"focus_keyword":null,"additional_keywords":null,"truseo_locale":null},"aioseo_breadcrumb":"<div class=\"aioseo-breadcrumbs\"><span class=\"aioseo-breadcrumb\">\n\t\t\t<a href=\"https:\/\/www.50a50.org\/en\/\" title=\"Home\">Home<\/a>\n\t\t<\/span><span class=\"aioseo-breadcrumb-separator\">&raquo;<\/span><span class=\"aioseo-breadcrumb\">\n\t\t\t<a href=\"https:\/\/www.50a50.org\/en\/category\/activitats-2\/\" title=\"Activitats\">Activitats<\/a>\n\t\t<\/span><span class=\"aioseo-breadcrumb-separator\">&raquo;<\/span><span class=\"aioseo-breadcrumb\">\n\t\t\tAnna Mercad\u00e9 inaugurates the 50a50 female leadership training program\n\t\t<\/span><\/div>","aioseo_breadcrumb_json":[{"label":"Home","link":"https:\/\/www.50a50.org\/en\/"},{"label":"Activitats","link":"https:\/\/www.50a50.org\/en\/category\/activitats-2\/"},{"label":"Anna Mercad\u00e9 inaugurates the 50a50 female leadership training program","link":"https:\/\/www.50a50.org\/en\/anna-mercade-inaugurates-the-50a50-female-leadership-training-program\/"}],"_links":{"self":[{"href":"https:\/\/www.50a50.org\/en\/wp-json\/wp\/v2\/posts\/5280","targetHints":{"allow":["GET"]}}],"collection":[{"href":"https:\/\/www.50a50.org\/en\/wp-json\/wp\/v2\/posts"}],"about":[{"href":"https:\/\/www.50a50.org\/en\/wp-json\/wp\/v2\/types\/post"}],"author":[{"embeddable":true,"href":"https:\/\/www.50a50.org\/en\/wp-json\/wp\/v2\/users\/1"}],"replies":[{"embeddable":true,"href":"https:\/\/www.50a50.org\/en\/wp-json\/wp\/v2\/comments?post=5280"}],"version-history":[{"count":0,"href":"https:\/\/www.50a50.org\/en\/wp-json\/wp\/v2\/posts\/5280\/revisions"}],"wp:featuredmedia":[{"embeddable":true,"href":"https:\/\/www.50a50.org\/en\/wp-json\/wp\/v2\/media\/5274"}],"wp:attachment":[{"href":"https:\/\/www.50a50.org\/en\/wp-json\/wp\/v2\/media?parent=5280"}],"wp:term":[{"taxonomy":"category","embeddable":true,"href":"https:\/\/www.50a50.org\/en\/wp-json\/wp\/v2\/categories?post=5280"},{"taxonomy":"post_tag","embeddable":true,"href":"https:\/\/www.50a50.org\/en\/wp-json\/wp\/v2\/tags?post=5280"}],"curies":[{"name":"wp","href":"https:\/\/api.w.org\/{rel}","templated":true}]}}